{"id":388691,"date":"2025-09-13T20:46:11","date_gmt":"2025-09-13T20:46:11","guid":{"rendered":"https:\/\/www.europesays.com\/fr\/388691\/"},"modified":"2025-09-13T20:46:11","modified_gmt":"2025-09-13T20:46:11","slug":"un-an-apres-les-jo-de-paris-la-france-organise-la-premiere-edition-de-sa-fete-du-sport","status":"publish","type":"post","link":"https:\/\/www.europesays.com\/fr\/388691\/","title":{"rendered":"Un an apr\u00e8s les JO de Paris, la France organise la premi\u00e8re \u00e9dition de sa F\u00eate du sport"},"content":{"rendered":"<p class=\"mb-4 text-lg md:leading-8 break-words\">Plus de 5 000 \u00e9v\u00e9nements sont pr\u00e9vus partout en France, dimanche 14 septembre, pour la premi\u00e8re \u00e9dition de la F\u00eate du sport lanc\u00e9e dans la foul\u00e9e des JO de Paris 2024. Des voix contestataires s&rsquo;\u00e9l\u00e8vent toutefois pour d\u00e9noncer les coupes budg\u00e9taires subies par le milieu sportif un an apr\u00e8s les promesses de l&rsquo;h\u00e9ritage des Jeux.<\/p>\n<p class=\"mb-4 text-lg md:leading-8 break-words\">Il y a un an, lors de <strong><a href=\"https:\/\/www.rfi.fr\/fr\/sports\/20240914-jeux-de-paris-les-athl\u00e8tes-et-le-public-fran\u00e7ais-c\u00e9l\u00e8brent-une-derni\u00e8re-fois-les-jeux-sur-les-champs-\u00e9lys\u00e9es\" rel=\"nofollow noopener\" target=\"_blank\" data-ylk=\"slk:la parade des champions;elm:context_link;itc:0;sec:content-canvas\" class=\"link \">la parade des champions<\/a><\/strong> le 14 septembre 2024 sur les Champs-\u00c9lys\u00e9es, le chef de l&rsquo;\u00c9tat avait annonc\u00e9 la cr\u00e9ation de la F\u00eate du sport, \u00e9v\u00e9nement qui devait s&rsquo;inscrire dans l&rsquo;h\u00e9ritage des <strong><a href=\"https:\/\/www.rfi.fr\/fr\/tag\/jeux-olympiques\/\" class=\"link \" rel=\"nofollow noopener\" target=\"_blank\" data-ylk=\"slk:Jeux olympiques;elm:context_link;itc:0;sec:content-canvas\">Jeux olympiques<\/a><\/strong> et paralympiques de Paris 2024. L&rsquo;id\u00e9e est simple : faire bouger la France. Dans chaque r\u00e9gion, dans chaque d\u00e9partement, dans chaque ville, dans chaque village, il s&rsquo;agit de rassembler les Fran\u00e7ais autour des valeurs positives du sport : respect, fraternit\u00e9, go\u00fbt de l&rsquo;effort collectif et du d\u00e9passement de soi.<\/p>\n<p class=\"mb-4 text-lg md:leading-8 break-words\">Cette journ\u00e9e se veut populaire, accessible, gratuite et ouverte \u00e0 tous. \u00c0 Paris par exemple, la rue de Rivoli se transformera en \u00ab boulevard du sport \u00bb. Sur plus de deux kilom\u00e8tres, des d\u00e9fis seront lanc\u00e9s entre diff\u00e9rents athl\u00e8tes qui ne pratiquent pas la discipline. Les championnes olympiques Laure Manaudou &#8211; nageuse &#8211; et Manon Brunet &#8211; sp\u00e9cialiste du sabre &#8211; se sont ainsi donn\u00e9 rendez-vous pour un 100 m\u00e8tres.<\/p>\n<p class=\"mb-4 text-lg md:leading-8 break-words\">Au jardin des Tuileries, dans le 1er arrondissement, il sera possible de monter \u00e0 poney dans le cadre d\u2019ateliers de promotion des diff\u00e9rentes disciplines \u00e9questres. Au niveau du bassin de Grenelle, dans le 15e arrondissement &#8211; l&rsquo;un des sites de baignade dans la Seine &#8211; les curieux pourront eux observer des courses entre certains des plus grands nageurs fran\u00e7ais, parmi lesquels Alain Bernard, Charlotte Bonnet, Florent Manaudou, Maxime Grousset ou encore Camille Lacourt.<\/p>\n<p>Un appel au boycott en Seine-Saint-Denis<\/p>\n<p class=\"mb-4 text-lg md:leading-8 break-words\">Au total, plus de 5 000 \u00e9v\u00e9nements \u00ab labellis\u00e9s \u00bb F\u00eate du sport vont \u00eatre organis\u00e9s \u00e0 travers toute la France. \u00ab Il y a un vrai effet post-Jeux de mobilisation de tout le mouvement sportif pour donner envie aux Fran\u00e7ais de faire du sport, et porter le message que le sport est un outil tr\u00e8s positif de coh\u00e9sion sociale \u00bb, r\u00e9sume Marie Barsacq, ministre d\u00e9missionnaire des Sports.<\/p>\n<p class=\"mb-4 text-lg md:leading-8 break-words\">L&rsquo;\u00e9v\u00e8nement mobilise pr\u00e8s de 50 f\u00e9d\u00e9rations sportives et a b\u00e9n\u00e9fici\u00e9 d&rsquo;un budget de deux millions d&rsquo;euros issus de l&rsquo;exc\u00e9dent du Comit\u00e9 d&rsquo;organisation des Jeux de Paris, via le fonds de dotation, auxquels s&rsquo;ajoutent des contributions priv\u00e9es de partenaires.<\/p>\n<p class=\"mb-4 text-lg md:leading-8 break-words\">S&rsquo;ils soulignent \u00eatre \u00ab pleinement engag\u00e9s pour la r\u00e9ussite \u00bb, de cette F\u00eate du sport, les Comit\u00e9s olympique et paralympique n&rsquo;en d\u00e9noncent pas moins aussi le fait que le sport a \u00ab \u00e9t\u00e9 fragilis\u00e9 par les coupes budg\u00e9taires \u00bb depuis les <strong><a href=\"https:\/\/www.rfi.fr\/fr\/tag\/jo-2024\/\" class=\"link \" rel=\"nofollow noopener\" target=\"_blank\" data-ylk=\"slk:JO 2024;elm:context_link;itc:0;sec:content-canvas\">JO 2024<\/a><\/strong>, dans une tribune sign\u00e9e par leurs pr\u00e9sidentes respectives, Am\u00e9lie Oud\u00e9a-Cast\u00e9ra et Marie-Am\u00e9lie Le Fur, publi\u00e9e dans plusieurs m\u00e9dias vendredi.<\/p>\n<p class=\"mb-4 text-lg md:leading-8 break-words\">Ancienne ministre des Sports et des JO, Am\u00e9lie Oud\u00e9a-Cast\u00e9ra a d\u00e9clar\u00e9 \u00e0 l&rsquo;AFP \u00ab esp\u00e9rer que dans le cadre de la nouvelle donne politique, on reviendra \u00e0 plus de raison sur ce que doit \u00eatre la contribution du sport \u00bb, dans les coupes budg\u00e9taires pour 2026, ajoutant qu&rsquo;elle \u00ab n&rsquo;accepte pas qu&rsquo;il y ait une trahison de l&rsquo;h\u00e9ritage des Jeux \u00bb.<\/p>\n<p class=\"mb-4 text-lg md:leading-8 break-words\">Un appel au boycott de l&rsquo;\u00e9v\u00e9nement a aussi \u00e9t\u00e9 lanc\u00e9 par le pr\u00e9sident socialiste du d\u00e9partement de Seine-Saint-Denis. Il est suivi par une dizaine d&rsquo;\u00e9lus : \u00ab Le c\u0153ur n&rsquo;est pas \u00e0 la f\u00eate, ce 14 septembre, appuie St\u00e9phane Troussel. L&rsquo;\u00c9tat, \u00e0 travers les propositions gouvernementales, propose de raboter les budgets du sport. La promesse d&rsquo;<strong><a href=\"https:\/\/www.rfi.fr\/fr\/tag\/emmanuel-macron\/\" class=\"link \" rel=\"nofollow noopener\" target=\"_blank\" data-ylk=\"slk:Emmanuel Macron;elm:context_link;itc:0;sec:content-canvas\">Emmanuel Macron<\/a><\/strong> de faire de la France une nation sportive est en train d&rsquo;\u00eatre jet\u00e9 aux oubliettes. On ne peut pas dire que c&rsquo;est la f\u00eate alors que le budget est en berne. J&rsquo;invite les \u00e9lus, associations, parents, citoyens&#8230; \u00e0 se mobiliser pour d\u00e9fendre une vision du sport comme un bien commun, pas une d\u00e9pense secondaire \u00bb.<\/p>\n","protected":false},"excerpt":{"rendered":"Plus de 5 000 \u00e9v\u00e9nements sont pr\u00e9vus partout en France, dimanche 14 septembre, pour la premi\u00e8re \u00e9dition de&hellip;\n","protected":false},"author":2,"featured_media":388692,"comment_status":"","ping_status":"","sticky":false,"template":"","format":"standard","meta":{"footnotes":""},"categories":[1888],"tags":[52104,1111,1928,11,1927,1777,674,1011,27,21406,14820,15001,12,1926,626,1925,31105,25,6641,517],"class_list":{"0":"post-388691","1":"post","2":"type-post","3":"status-publish","4":"format-standard","5":"has-post-thumbnail","7":"category-paris","8":"tag-14-septembre","9":"tag-actu","10":"tag-actu-paris","11":"tag-actualites","12":"tag-actualites-paris","13":"tag-eu","14":"tag-europe","15":"tag-fr","16":"tag-france","17":"tag-jardin-des-tuileries","18":"tag-la-fete","19":"tag-les-champs-elysees","20":"tag-news","21":"tag-news-paris","22":"tag-paris","23":"tag-paris-news","24":"tag-premiere-edition","25":"tag-republique-francaise","26":"tag-rue-de-rivoli","27":"tag-sport"},"share_on_mastodon":{"url":"https:\/\/pubeurope.com\/@fr\/115198951474563672","error":""},"_links":{"self":[{"href":"https:\/\/www.europesays.com\/fr\/wp-json\/wp\/v2\/posts\/388691","targetHints":{"allow":["GET"]}}],"collection":[{"href":"https:\/\/www.europesays.com\/fr\/wp-json\/wp\/v2\/posts"}],"about":[{"href":"https:\/\/www.europesays.com\/fr\/wp-json\/wp\/v2\/types\/post"}],"author":[{"embeddable":true,"href":"https:\/\/www.europesays.com\/fr\/wp-json\/wp\/v2\/users\/2"}],"replies":[{"embeddable":true,"href":"https:\/\/www.europesays.com\/fr\/wp-json\/wp\/v2\/comments?post=388691"}],"version-history":[{"count":0,"href":"https:\/\/www.europesays.com\/fr\/wp-json\/wp\/v2\/posts\/388691\/revisions"}],"wp:featuredmedia":[{"embeddable":true,"href":"https:\/\/www.europesays.com\/fr\/wp-json\/wp\/v2\/media\/388692"}],"wp:attachment":[{"href":"https:\/\/www.europesays.com\/fr\/wp-json\/wp\/v2\/media?parent=388691"}],"wp:term":[{"taxonomy":"category","embeddable":true,"href":"https:\/\/www.europesays.com\/fr\/wp-json\/wp\/v2\/categories?post=388691"},{"taxonomy":"post_tag","embeddable":true,"href":"https:\/\/www.europesays.com\/fr\/wp-json\/wp\/v2\/tags?post=388691"}],"curies":[{"name":"wp","href":"https:\/\/api.w.org\/{rel}","templated":true}]}}