{"id":388699,"date":"2025-09-13T20:50:13","date_gmt":"2025-09-13T20:50:13","guid":{"rendered":"https:\/\/www.europesays.com\/fr\/388699\/"},"modified":"2025-09-13T20:50:13","modified_gmt":"2025-09-13T20:50:13","slug":"la-roumanie-affirme-quun-drone-a-viole-son-espace-aerien-pendant-des-frappes-russes-sur-lukraine-rts-ch","status":"publish","type":"post","link":"https:\/\/www.europesays.com\/fr\/388699\/","title":{"rendered":"La Roumanie affirme qu&rsquo;un drone a viol\u00e9 son espace a\u00e9rien pendant des frappes russes sur l&rsquo;Ukraine &#8211; rts.ch"},"content":{"rendered":"<p>La Roumanie a affirm\u00e9 samedi que son espace a\u00e9rien avait \u00e9t\u00e9 viol\u00e9 par un drone au cours d&rsquo;une attaque russe contre des infrastructures en Ukraine voisine, quelques jours apr\u00e8s que la Pologne a d\u00e9nonc\u00e9 l&rsquo;entr\u00e9e de drones russes sur son territoire.\u00a0<\/p>\n<p>L&rsquo;arm\u00e9e roumaine a d\u00e9p\u00each\u00e9 dans la soir\u00e9e deux avions de combat F-16 pour surveiller la situation en liaison avec ces bombardements sur le sol ukrainien qui ont \u00ab\u00a0d\u00e9tect\u00e9 un drone dans l&rsquo;espace a\u00e9rien national\u00a0\u00bb, a expliqu\u00e9 dans un communiqu\u00e9 le minist\u00e8re de la D\u00e9fense.<\/p>\n<p>Les appareils ont suivi cet engin jusqu&rsquo;\u00e0 ce qu&rsquo;il \u00ab\u00a0disparaisse des radars\u00a0\u00bb pr\u00e8s du village de Chilia Veche, a-t-il ajout\u00e9.<\/p>\n<p>Pas une menace imminente<\/p>\n<p>Le drone \u00ab\u00a0n&rsquo;a pas survol\u00e9 de zones habit\u00e9es et n&rsquo;a pas constitu\u00e9 une menace imminente pour la s\u00e9curit\u00e9 de la population\u00a0\u00bb en Roumanie, membre comme la Pologne de l&rsquo;Otan, a pr\u00e9cis\u00e9 le minist\u00e8re.<\/p>\n<p>Le m\u00eame jour, les Polonais et l&rsquo;Alliance atlantique ont d\u00e9ploy\u00e9 des h\u00e9licopt\u00e8res et des avions de combat en raison d&rsquo;attaques d&rsquo;a\u00e9ronefs sans pilote russes en Ukraine, non loin de la fronti\u00e8re polonaise.<\/p>\n<p>La Pologne et les pays de l&rsquo;Otan ayant une pr\u00e9sence militaire sur son territoire sont en \u00e9tat d&rsquo;alerte depuis l&rsquo;intrusion au cours de la nuit du 9 au 10 septembre d&rsquo;une vingtaine de drones russes.<\/p>\n<p><strong class=\"inline-title\">&gt;&gt; Relire\u00a0: <\/strong><a href=\"https:\/\/www.rts.ch\/info\/monde\/2025\/article\/l-otan-renforce-sa-defense-a-l-est-apres-l-intrusion-de-drones-russes-en-pologne-28996727.html\" data-item-id=\"richtext_link\" target=\"_blank\" rel=\"noopener\">L&rsquo;Otan renforce la d\u00e9fense de son flanc est apr\u00e8s l&rsquo;intrusion de drones russes en Pologne<\/a><\/p>\n<p>Des fragments de drones se sont \u00e9cras\u00e9s \u00e0 plusieurs reprises en Roumanie depuis le d\u00e9but, en f\u00e9vrier 2022, de l&rsquo;invasion de l&rsquo;Ukraine par la Russie, surtout depuis que cette derni\u00e8re a intensifi\u00e9 ses frappes sur les ports ukrainiens.<\/p>\n<p>En f\u00e9vrier, la Chambre haute du Parlement roumain a vot\u00e9 une loi autorisant \u00e0 abattre les drones violant l&rsquo;espace a\u00e9rien du pays.<\/p>\n<p class=\"sources\">lia\/ats<\/p>\n","protected":false},"excerpt":{"rendered":"La Roumanie a affirm\u00e9 samedi que son espace a\u00e9rien avait \u00e9t\u00e9 viol\u00e9 par un drone au cours d&rsquo;une&hellip;\n","protected":false},"author":2,"featured_media":388700,"comment_status":"","ping_status":"","sticky":false,"template":"","format":"standard","meta":{"footnotes":""},"categories":[1590],"tags":[11,834,17918,2120,554,564,6359,39123,1777,674,418,3577,74,12,136,316,2437,4868,2445,800,220],"class_list":{"0":"post-388699","1":"post","2":"type-post","3":"status-publish","4":"format-standard","5":"has-post-thumbnail","7":"category-ukraine","8":"tag-actualites","9":"tag-attaque","10":"tag-avion-de-chasse","11":"tag-conflit","12":"tag-defense","13":"tag-drone","14":"tag-economie-et-finances","15":"tag-espace-aerien","16":"tag-eu","17":"tag-europe","18":"tag-gouvernement","19":"tag-guerre-et-paix","20":"tag-monde","21":"tag-news","22":"tag-otan","23":"tag-politique","24":"tag-pologne","25":"tag-roumanie","26":"tag-transport-aerien","27":"tag-transports","28":"tag-ukraine"},"share_on_mastodon":{"url":"","error":""},"_links":{"self":[{"href":"https:\/\/www.europesays.com\/fr\/wp-json\/wp\/v2\/posts\/388699","targetHints":{"allow":["GET"]}}],"collection":[{"href":"https:\/\/www.europesays.com\/fr\/wp-json\/wp\/v2\/posts"}],"about":[{"href":"https:\/\/www.europesays.com\/fr\/wp-json\/wp\/v2\/types\/post"}],"author":[{"embeddable":true,"href":"https:\/\/www.europesays.com\/fr\/wp-json\/wp\/v2\/users\/2"}],"replies":[{"embeddable":true,"href":"https:\/\/www.europesays.com\/fr\/wp-json\/wp\/v2\/comments?post=388699"}],"version-history":[{"count":0,"href":"https:\/\/www.europesays.com\/fr\/wp-json\/wp\/v2\/posts\/388699\/revisions"}],"wp:featuredmedia":[{"embeddable":true,"href":"https:\/\/www.europesays.com\/fr\/wp-json\/wp\/v2\/media\/388700"}],"wp:attachment":[{"href":"https:\/\/www.europesays.com\/fr\/wp-json\/wp\/v2\/media?parent=388699"}],"wp:term":[{"taxonomy":"category","embeddable":true,"href":"https:\/\/www.europesays.com\/fr\/wp-json\/wp\/v2\/categories?post=388699"},{"taxonomy":"post_tag","embeddable":true,"href":"https:\/\/www.europesays.com\/fr\/wp-json\/wp\/v2\/tags?post=388699"}],"curies":[{"name":"wp","href":"https:\/\/api.w.org\/{rel}","templated":true}]}}