{"id":388701,"date":"2025-09-13T20:51:22","date_gmt":"2025-09-13T20:51:22","guid":{"rendered":"https:\/\/www.europesays.com\/fr\/388701\/"},"modified":"2025-09-13T20:51:22","modified_gmt":"2025-09-13T20:51:22","slug":"venezuela-un-bateau-de-peche-arraisonne-par-les-etats-unis-caracas-denonce-une-provocation","status":"publish","type":"post","link":"https:\/\/www.europesays.com\/fr\/388701\/","title":{"rendered":"Venezuela : un bateau de p\u00eache arraisonn\u00e9 par les \u00c9tats-Unis, Caracas d\u00e9nonce \u00ab\u00a0une provocation\u00a0\u00bb"},"content":{"rendered":"<ul class=\"jsx-862013697 ArticleChapo__List\">\n<li class=\"jsx-862013697 ArticleChapo__List_Item flex\">Le Venezuela d\u00e9nonce l&rsquo;arraisonnement de l&rsquo;un de ses bateaux de p\u00eache par un navire am\u00e9ricain, dans sa propre zone \u00e9conomique.<\/li>\n<li class=\"jsx-862013697 ArticleChapo__List_Item flex\">\u00ab\u00a0Il a \u00e9t\u00e9 ill\u00e9galement et hostilement assailli par un destroyer de la marine am\u00e9ricaine\u00a0\u00bb, selon le minist\u00e8re des Affaires \u00e9trang\u00e8res.<\/li>\n<\/ul>\n<p data-module=\"article-paragraph\" class=\"jsx-3046738180 Paragraph\">Le Venezuela a d\u00e9nonc\u00e9 ce samedi 13 septembre l&rsquo;arraisonnement pendant huit heures d&rsquo;un bateau de p\u00eache v\u00e9n\u00e9zu\u00e9lien par un navire am\u00e9ricain dans la zone \u00e9conomique du pays sud-am\u00e9ricain. Une situation qui intervient alors que les \u00c9tats-Unis ont d\u00e9ploy\u00e9 des bateaux de guerre dans les Cara\u00efbes, officiellement dans le cadre <a href=\"https:\/\/www.tf1info.fr\/international\/navires-de-guerre-drones-narcotrafic-que-se-passe-t-il-entre-les-etats-unis-et-le-venezuela-2391048.html\" target=\"_blank\" rel=\"noopener\">d&rsquo;une op\u00e9ration antidrogue<\/a>.<\/p>\n<p data-module=\"article-paragraph\" class=\"jsx-3046738180 Paragraph Paragraph__End\">\u00ab\u00a0Vendredi 12 septembre, le navire v\u00e9n\u00e9zu\u00e9lien Carmen Rosa, avec neuf modestes p\u00eacheurs de thon \u00e0 bord, qui naviguait \u00e0 48 milles nautiques au nord-est de l&rsquo;\u00eele La Blanquilla, dans les eaux appartenant \u00e0 la zone \u00e9conomique exclusive (ZEE) v\u00e9n\u00e9zu\u00e9lienne, a \u00e9t\u00e9 ill\u00e9galement et hostilement assailli par un destroyer de la marine am\u00e9ricaine, l&rsquo;USS Jason Dunham\u00a0\u00bb, selon un communiqu\u00e9 du minist\u00e8re des Affaires \u00e9trang\u00e8res. Une\u00a0ZEE est une bande de mer ou d&rsquo;oc\u00e9an situ\u00e9e entre les eaux territoriales\u00a0et les\u00a0eaux internationales, sur laquelle un \u00c9tat riverain dispose de l&rsquo;exclusivit\u00e9 d&rsquo;exploitation des ressources.<\/p>\n<p>Un \u00ab\u00a0incident\u00a0\u00bb recherch\u00e9 pour provoquer \u00ab\u00a0une escalade guerri\u00e8re\u00a0\u00bb<\/p>\n<p data-module=\"article-paragraph\" class=\"jsx-3046738180 Paragraph\">\u00ab\u00a0Le navire de guerre a d\u00e9ploy\u00e9 18 agents arm\u00e9s qui ont abord\u00e9 et occup\u00e9 la petite embarcation inoffensive pendant huit heures\u00a0\u00bb, assure le minist\u00e8re des Affaires \u00e9trang\u00e8res, qui parle de\u00a0\u00ab\u00a0provocation directe via l&rsquo;utilisation ill\u00e9gale de moyens militaires exag\u00e9r\u00e9s.\u00a0\u00bb \u00ab\u00a0Ceux qui donnent l&rsquo;ordre de faire ces provocations cherchent un incident qui justifie une escalade guerri\u00e8re dans les Cara\u00efbes, dans le but (de provoquer) un changement de r\u00e9gime\u00a0\u00bb <a href=\"https:\/\/www.tf1info.fr\/international\/un-francais-detenu-sans-motif-au-venezuela-depuis-deux-mois-alerte-sa-famille-2389728.html\" target=\"_blank\" rel=\"noopener\">au Venezuela<\/a>, poursuit le texte.\u00a0\u00ab\u00a0La Force arm\u00e9e nationale bolivarienne a surveill\u00e9 et enregistr\u00e9 l&rsquo;incident, minute par minute.\u00a0\u00bb<\/p>\n<p data-module=\"article-paragraph\" class=\"jsx-3046738180 Paragraph Paragraph__End\">Caracas \u00ab\u00a0exige que les \u00c9tats-Unis cessent imm\u00e9diatement ces actions qui mettent en danger la s\u00e9curit\u00e9 et la paix dans les Cara\u00efbes, tout en appelant le peuple am\u00e9ricain (&#8230;) \u00e0 rejeter l&rsquo;utilisation de leurs soldats comme pions sacrificiels pour soutenir les ambitions d&rsquo;une \u00e9lite cupide et pr\u00e9datrice\u00a0\u00bb, conclut le texte.<\/p>\n<p><a href=\"https:\/\/www.tf1info.fr\/international\/tensions-etats-unis-venezuela-donald-trump-promet-de-descendre-les-avions-militaires-nicolas-maduro-calme-le-jeu-2392993.html\" rel=\"noopener\" class=\"jsx-3308031228 Link flex\" target=\"_blank\"><img decoding=\"async\" src=\"https:\/\/www.europesays.com\/fr\/wp-content\/uploads\/2025\/09\/venezuela-maduro-5df60d-0@1x.jpeg\" alt=\"Pedro Rances Mattey \/ AFP\" loading=\"lazy\" importance=\"low\" fetchpriority=\"low\" class=\"\" aria-hidden=\"true\"\/><\/p>\n<p class=\"jsx-3657663356 ReadMoreArticle__Title\">Lire aussi<\/p>\n<p class=\"jsx-3657663356\">Tensions \u00c9tats-Unis-Venezuela : Donald Trump promet de \u00ab\u00a0descendre\u00a0\u00bb les avions militaires, Nicolas Maduro calme le jeu<\/p>\n<p><\/a><\/p>\n<p data-module=\"article-paragraph\" class=\"jsx-3046738180 Paragraph Paragraph__End\">L&rsquo;administration du pr\u00e9sident am\u00e9ricain Donald Trump a d\u00e9ploy\u00e9 des forces militaires dans les Cara\u00efbes au nom de la lutte contre les cartels de la drogue, provoquant de vives tensions avec le Venezuela. La semaine derni\u00e8re, Donald Trump a annonc\u00e9 que les \u00c9tats-Unis avaient frapp\u00e9 un \u00ab\u00a0bateau transportant de la drogue\u00a0\u00bb, tuant 11 \u00ab\u00a0narco-terroristes\u00a0\u00bb. Il les a pr\u00e9sent\u00e9s comme des membres du Tren de Aragua, cartel v\u00e9n\u00e9zu\u00e9lien implant\u00e9 dans plusieurs pays et class\u00e9 comme organisation terroriste par le pr\u00e9sident am\u00e9ricain.<\/p>\n<p>I.N avec AFP<\/p>\n","protected":false},"excerpt":{"rendered":"Le Venezuela d\u00e9nonce l&rsquo;arraisonnement de l&rsquo;un de ses bateaux de p\u00eache par un navire am\u00e9ricain, dans sa propre&hellip;\n","protected":false},"author":2,"featured_media":388702,"comment_status":"","ping_status":"","sticky":false,"template":"","format":"standard","meta":{"footnotes":""},"categories":[1589],"tags":[45783,1111,11,1921,75,73,1866,1922,12,1864,1865,1863,308,337,133,1920],"class_list":{"0":"post-388701","1":"post","2":"type-post","3":"status-publish","4":"format-standard","5":"has-post-thumbnail","7":"category-etats-unis","8":"tag-accidents-et-incidents-etrangers","9":"tag-actu","10":"tag-actualites","11":"tag-article-video","12":"tag-donald-trump","13":"tag-etats-unis","14":"tag-etats-unis-damerique","15":"tag-info","16":"tag-news","17":"tag-united-states","18":"tag-united-states-of-america","19":"tag-us","20":"tag-usa","21":"tag-venezuela","22":"tag-video","23":"tag-video-international"},"share_on_mastodon":{"url":"https:\/\/pubeurope.com\/@fr\/115198970627535185","error":""},"_links":{"self":[{"href":"https:\/\/www.europesays.com\/fr\/wp-json\/wp\/v2\/posts\/388701","targetHints":{"allow":["GET"]}}],"collection":[{"href":"https:\/\/www.europesays.com\/fr\/wp-json\/wp\/v2\/posts"}],"about":[{"href":"https:\/\/www.europesays.com\/fr\/wp-json\/wp\/v2\/types\/post"}],"author":[{"embeddable":true,"href":"https:\/\/www.europesays.com\/fr\/wp-json\/wp\/v2\/users\/2"}],"replies":[{"embeddable":true,"href":"https:\/\/www.europesays.com\/fr\/wp-json\/wp\/v2\/comments?post=388701"}],"version-history":[{"count":0,"href":"https:\/\/www.europesays.com\/fr\/wp-json\/wp\/v2\/posts\/388701\/revisions"}],"wp:featuredmedia":[{"embeddable":true,"href":"https:\/\/www.europesays.com\/fr\/wp-json\/wp\/v2\/media\/388702"}],"wp:attachment":[{"href":"https:\/\/www.europesays.com\/fr\/wp-json\/wp\/v2\/media?parent=388701"}],"wp:term":[{"taxonomy":"category","embeddable":true,"href":"https:\/\/www.europesays.com\/fr\/wp-json\/wp\/v2\/categories?post=388701"},{"taxonomy":"post_tag","embeddable":true,"href":"https:\/\/www.europesays.com\/fr\/wp-json\/wp\/v2\/tags?post=388701"}],"curies":[{"name":"wp","href":"https:\/\/api.w.org\/{rel}","templated":true}]}}