{"id":388703,"date":"2025-09-13T20:52:13","date_gmt":"2025-09-13T20:52:13","guid":{"rendered":"https:\/\/www.europesays.com\/fr\/388703\/"},"modified":"2025-09-13T20:52:13","modified_gmt":"2025-09-13T20:52:13","slug":"plus-de-110-000-personnes-rassemblees-a-londres-contre-la-submersion-migratoire","status":"publish","type":"post","link":"https:\/\/www.europesays.com\/fr\/388703\/","title":{"rendered":"plus de 110.000 personnes rassembl\u00e9es \u00e0 Londres contre la submersion migratoire"},"content":{"rendered":"<p class=\"intro \">Les autorit\u00e9s britanniques estiment que plus de 110.000 personnes ont manifest\u00e9 ce samedi apr\u00e8s-midi \u00e0 Londres contre la submersion migratoire, apr\u00e8s un \u00e9t\u00e9 marqu\u00e9 par des tensions. Un rassemblement qui a d&rsquo;autant plus r\u00e9sonn\u00e9 quelques jours apr\u00e8s la mort de l&rsquo;influenceur am\u00e9ricain Charlie Kirk.<\/p>\n<p>\u00c0 l&rsquo;appel de Tommy Robinson, figure de l&rsquo;extr\u00eame droite britannique, plus de 110.000 personnes selon les autorit\u00e9s ont d\u00e9fil\u00e9 samedi dans les rues de Londres au <a href=\"https:\/\/www.europe1.fr\/dossiers\/royaume-uni\" rel=\"nofollow noopener\" target=\"_blank\">Royaume-Uni<\/a> contre la submersion migratoire. Plusieurs personnalit\u00e9s internationales \u00e9taient pr\u00e9sentes \u00e0 l&rsquo;image de Steve Bannon, l&rsquo;ancien conseiller du pr\u00e9sident am\u00e9ricain <a href=\"https:\/\/www.europe1.fr\/dossiers\/donald-trump\" rel=\"nofollow noopener\" target=\"_blank\">Donald Trump<\/a>, ou encore <a href=\"https:\/\/www.europe1.fr\/dossiers\/eric-zemmour\" rel=\"nofollow noopener\" target=\"_blank\">\u00c9ric Zemmour<\/a>, le pr\u00e9sident du parti Reconqu\u00eate.<\/p>\n<p>    La suite apr\u00e8s cette publicit\u00e9<\/p>\n<p>    La suite apr\u00e8s cette publicit\u00e9<\/p>\n<p>Un \u00e9t\u00e9 de tensions<\/p>\n<p>Ce rassemblement est intervenu apr\u00e8s un \u00e9t\u00e9 de tensions au Royaume-Uni. Ce samedi apr\u00e8s-midi, c&rsquo;est un oc\u00e9an de drapeaux britanniques Union Jack et Croix de Saint-George qui a d\u00e9ferl\u00e9 sur la capitale, des bords de la Tamise \u00e0 Whitehall, le si\u00e8ge du gouvernement britannique, pour cette manifestation baptis\u00e9e \u00ab\u00a0Unite the Kingdom\u00a0\u00bb, Unir le Royaume.<\/p>\n<p>Les revendications de ces participants : la lutte contre l&rsquo;immigration, la d\u00e9fense d&rsquo;une libert\u00e9 d&rsquo;expression qui serait en danger, et des appels \u00e0 la d\u00e9mission du Premier ministre Keir Starmer.<\/p>\n<p>    La suite apr\u00e8s cette publicit\u00e9<\/p>\n<p>    La suite apr\u00e8s cette publicit\u00e9<\/p>\n<p>\u00ab\u00a0Apr\u00e8s ce qui est arriv\u00e9 \u00e0 Charlie Kirk, je devais \u00eatre l\u00e0\u00a0\u00bb<\/p>\n<p>Dans le cort\u00e8ge, Sophie, elle, tenait une photo de l&rsquo;influenceur conservateur am\u00e9ricain Charlie Kirk <a href=\"https:\/\/www.europe1.fr\/international\/etats-unis-donald-trump-accuse-la-gauche-radicale-de-complicite-dans-le-meurtre-de-linfluenceur-charlie-kirk-772200\" rel=\"nofollow noopener\" target=\"_blank\">tu\u00e9 mercredi aux \u00c9tats-Unis<\/a>. Ce d\u00e9c\u00e8s a choqu\u00e9 cette trentenaire londonienne. \u00ab\u00a0C&rsquo;est mon tout premier rassemblement, je devais venir. Apr\u00e8s ce qui est arriv\u00e9 \u00e0 Charlie Kirk, je devais \u00eatre l\u00e0\u00a0\u00bb, a-t-elle insist\u00e9. \u00ab\u00a0Il y a quelques ann\u00e9es, je ne serais jamais venue ici, beaucoup de gens ne seraient jamais venus\u00a0\u00bb, a-t-elle ajout\u00e9.<\/p>\n<p>Si ce genre de rassemblement n&rsquo;est pas rare, jamais l&rsquo;une de ces manifestations \u00e0 Londres n&rsquo;avait rassembl\u00e9 autant de monde. Une manifestation sous haute surveillance : venus en renfort des quatre coins du pays, 1.600 policiers \u00e9taient d\u00e9ploy\u00e9s ce samedi apr\u00e8s-midi dans les rues de la capitale britannique.<\/p>\n","protected":false},"excerpt":{"rendered":"Les autorit\u00e9s britanniques estiment que plus de 110.000 personnes ont manifest\u00e9 ce samedi apr\u00e8s-midi \u00e0 Londres contre la&hellip;\n","protected":false},"author":2,"featured_media":388704,"comment_status":"","ping_status":"","sticky":false,"template":"","format":"standard","meta":{"footnotes":""},"categories":[1588],"tags":[11,1777,674,12,473,1853,1851,1850,1852],"class_list":{"0":"post-388703","1":"post","2":"type-post","3":"status-publish","4":"format-standard","5":"has-post-thumbnail","7":"category-royaume-uni","8":"tag-actualites","9":"tag-eu","10":"tag-europe","11":"tag-news","12":"tag-royaume-uni","13":"tag-royaume-uni-de-grande-bretagne-et-dirlande-du-nord","14":"tag-uk","15":"tag-united-kingdom","16":"tag-united-kingdom-of-great-britain-and-northern-ireland"},"share_on_mastodon":{"url":"https:\/\/pubeurope.com\/@fr\/115198974000310803","error":""},"_links":{"self":[{"href":"https:\/\/www.europesays.com\/fr\/wp-json\/wp\/v2\/posts\/388703","targetHints":{"allow":["GET"]}}],"collection":[{"href":"https:\/\/www.europesays.com\/fr\/wp-json\/wp\/v2\/posts"}],"about":[{"href":"https:\/\/www.europesays.com\/fr\/wp-json\/wp\/v2\/types\/post"}],"author":[{"embeddable":true,"href":"https:\/\/www.europesays.com\/fr\/wp-json\/wp\/v2\/users\/2"}],"replies":[{"embeddable":true,"href":"https:\/\/www.europesays.com\/fr\/wp-json\/wp\/v2\/comments?post=388703"}],"version-history":[{"count":0,"href":"https:\/\/www.europesays.com\/fr\/wp-json\/wp\/v2\/posts\/388703\/revisions"}],"wp:featuredmedia":[{"embeddable":true,"href":"https:\/\/www.europesays.com\/fr\/wp-json\/wp\/v2\/media\/388704"}],"wp:attachment":[{"href":"https:\/\/www.europesays.com\/fr\/wp-json\/wp\/v2\/media?parent=388703"}],"wp:term":[{"taxonomy":"category","embeddable":true,"href":"https:\/\/www.europesays.com\/fr\/wp-json\/wp\/v2\/categories?post=388703"},{"taxonomy":"post_tag","embeddable":true,"href":"https:\/\/www.europesays.com\/fr\/wp-json\/wp\/v2\/tags?post=388703"}],"curies":[{"name":"wp","href":"https:\/\/api.w.org\/{rel}","templated":true}]}}