{"id":388707,"date":"2025-09-13T20:54:18","date_gmt":"2025-09-13T20:54:18","guid":{"rendered":"https:\/\/www.europesays.com\/fr\/388707\/"},"modified":"2025-09-13T20:54:18","modified_gmt":"2025-09-13T20:54:18","slug":"cette-ville-francaise-adoree-des-touristes-est-la-2%e1%b5%89-plus-stressante-deurope","status":"publish","type":"post","link":"https:\/\/www.europesays.com\/fr\/388707\/","title":{"rendered":"Cette ville fran\u00e7aise ador\u00e9e des touristes est la 2\u1d49 plus stressante d\u2019Europe"},"content":{"rendered":"<p>Les villes les plus touristiques ne sont pas toujours les plus agr\u00e9ables \u00e0 vivre. Et cette c\u00e9l\u00e8bre station baln\u00e9aire fran\u00e7aise en est sans doute l\u2019un des meilleurs exemples. MCE vous dit tout de A \u00e0 Z !<\/p>\n<p>Trouver un logement: un vrai casse-t\u00eate pour les jeunes<\/p>\n<p>\u00c0 l\u2019heure actuelle, on ne peut pas dire qu\u2019il soit \u00e9vident pour les \u00e9tudiants de <strong>trouver un appartement o\u00f9 se loger<\/strong>. D\u2019autant plus qu\u2019ils doivent g\u00e9n\u00e9ralement se tourner vers des villes o\u00f9 les loyers peuvent atteindre des sommets\u2026<\/p>\n<p>N\u00e9anmoins, nous leur avons r\u00e9cemment donn\u00e9 quelques conseils pour <strong>faciliter leurs recherches<\/strong>. Et cela commence par trouver <a href=\"https:\/\/mcetv.ouest-france.fr\/2025\/logement-etudiant-le-moment-pour-commencer-vos-recherches-et-ne-rien-rater-10092025\/\" target=\"_blank\" rel=\"noopener nofollow\">le bon moment pour d\u00e9buter leurs recherches<\/a> et ne pas passer \u00e0 c\u00f4t\u00e9 de la perle rare. Ce serait bien dommage !<\/p>\n<p>Dans le m\u00eame temps, nous avons fait <strong>un top 5 des indispensables<\/strong> \u00e0 avoir dans son appart. Pas la peine de nous remercier, c\u2019est cadeau !<\/p>\n<p>Par ailleurs, il faut savoir que <strong>certains logements \u00e9tudiants sont gratuits<\/strong> si vous donnez 15 heures de votre temps aux seniors. C\u2019est toujours bon \u00e0 savoir !<\/p>\n<p>Sinon, nous nous sommes pench\u00e9s sur <a href=\"https:\/\/mcetv.ouest-france.fr\/2025\/logement-etudiant-5-pieges-que-vous-devez-absolument-eviter-avant-de-signer-29062025\/\" target=\"_blank\" rel=\"noopener nofollow\">les 5 pi\u00e8ges qu\u2019il faut absolument \u00e9viter<\/a> avant de <strong>signer un contrat de location<\/strong>. Les mauvaises surprises sont vite arriv\u00e9es\u2026<\/p>\n<p>En parall\u00e8le de cela, nous avons eu un vrai coup de c\u0153ur pour <strong>un gadget Lidl \u00e0 moins de 20 euros<\/strong> qui rafra\u00eechit votre logement en quelques secondes. Int\u00e9ressant !<\/p>\n<p>Et pour terminer, nous sommes revenus sur <strong>un gros coup de pouce financier<\/strong> qui va aider les jeunes en qu\u00eate d\u2019un logement \u00e9tudiant. De quoi les d\u00e9lester d\u2019un sacr\u00e9 poids sur les \u00e9paules !<\/p>\n<p>Mais alors, quelle est <strong>cette ville que les touristes adorent<\/strong>\u2026 et les locaux beaucoup moins ? MCE vous en dit plus !<\/p>\n<p><a href=\"https:\/\/mcetv.ouest-france.fr\/2025\/amenager-son-logement-neuf-les-indispensables-pour-une-deco-reussie-des-lemmenagement-21062025\/\" target=\"_blank\" rel=\"nofollow noopener\"><img loading=\"lazy\" decoding=\"async\" class=\"wp-image-2245737 size-full\" src=\"https:\/\/www.europesays.com\/fr\/wp-content\/uploads\/2025\/09\/logement-etudiant.jpg\" alt=\"logement e\u0301tudiant\" width=\"640\" height=\"360\"  \/><\/a>\u00a9 Norbert Levajsics \/ Unsplash<br \/>\nUne ville qui fait r\u00eaver les vacanciers, mais stressante pour les habitants ?<\/p>\n<p>                    <img width=\"360\" height=\"203\" src=\"https:\/\/www.europesays.com\/fr\/wp-content\/uploads\/2025\/09\/Sante-mentale-cette-application-ameliore-votre-bien-etre-grace-a-votre-assiette-360x203.jpg.webp.webp\" class=\"attachment-thumbnail size-thumbnail\" alt=\"Sant\u00e9 mentale: cette application am\u00e9liore votre bien-\u00eatre gr\u00e2ce \u00e0 votre assiette\" loading=\"lazy\" decoding=\"async\"  \/>            <\/p>\n<p>        Sant\u00e9 mentale: cette application am\u00e9liore votre bien-\u00eatre gr\u00e2ce \u00e0 votre assiette<\/p>\n<p>                09\/09\/2025\n        <\/p>\n<p>        <a href=\"https:\/\/mcetv.ouest-france.fr\/2025\/sante-mentale-cette-application-ameliore-votre-bien-etre-grace-a-votre-assiette-09092025\/\" target=\"_blank\" rel=\"nofollow noopener\">Lire la suite de Sant\u00e9 mentale: cette application am\u00e9liore votre bien-\u00eatre gr\u00e2ce \u00e0 votre assiette<\/a><\/p>\n<p>Ne vous fiez pas \u00e0 son d\u00e9cor de carte postale : la ville de Nice est <strong>loin d\u2019\u00eatre la plus agr\u00e9able \u00e0 vivre<\/strong> en France. Et pour cause : une \u00e9tude r\u00e9cente a m\u00eame r\u00e9v\u00e9l\u00e9 qu\u2019elle \u00e9tait la 2e ville la plus anxiog\u00e8ne d\u2019Europe.<\/p>\n<p>Au-del\u00e0 du traumatisme qui a touch\u00e9 les habitants en juillet 2016, plusieurs facteurs peuvent expliquer <strong>le stress des locaux qui y habitent<\/strong>. Et cela commence par l\u2019ins\u00e9curit\u00e9, avec l\u2019un des taux de criminalit\u00e9 les plus \u00e9lev\u00e9s en France.<\/p>\n<p>De plus, il faut savoir que <strong>les embouteillages<\/strong> sont une grande source d\u2019anxi\u00e9t\u00e9 pour les habitants, notamment en p\u00e9riode estivale lorsque les touristes \u00ab\u00a0envahissent\u00a0\u00bb la ville. En moyenne, il y a 190 visiteurs par km2 \u00e0 Nice !<\/p>\n<p>Et pour terminer, n\u2019oublions pas <strong>la pollution lumineuse<\/strong> qui est \u00e9galement tr\u00e8s \u00e9lev\u00e9e et qui peut vite devenir nocive pour la sant\u00e9 mentale des Ni\u00e7ois. Autant de facteurs qui expliquent l\u2019aspect anxiog\u00e8ne d\u2019une des villes les plus r\u00e9put\u00e9es de la French Riviera.<\/p>\n<p>N\u00e9anmoins, cela n\u2019enl\u00e8ve en rien son attrait touristique qui continue <strong>d\u2019\u00e9merveiller bon nombre de vacanciers<\/strong> chaque ann\u00e9e, qu\u2019ils viennent de France ou de l\u2019\u00e9tranger. C\u2019est toujours cela de pris !<\/p>\n<p>Sinon, nous avons vu que <strong>Nice faisait partie des<\/strong> <a href=\"https:\/\/mcetv.ouest-france.fr\/2025\/rentree-2025-paris-lyon-nice-voici-les-villes-etudiantes-les-plus-cheres-de-lhexagone-20082025\/\" target=\"_blank\" rel=\"noopener nofollow\">villes \u00e9tudiantes les plus ch\u00e8res<\/a> de l\u2019Hexagone. Rien de bien surprenant au vu du nombre d\u2019habitants.<\/p>\n<p>Publi\u00e9 le 13\/09\/2025<\/p>\n","protected":false},"excerpt":{"rendered":"Les villes les plus touristiques ne sont pas toujours les plus agr\u00e9ables \u00e0 vivre. Et cette c\u00e9l\u00e8bre station&hellip;\n","protected":false},"author":2,"featured_media":388708,"comment_status":"","ping_status":"","sticky":false,"template":"","format":"standard","meta":{"footnotes":""},"categories":[1586],"tags":[11,1777,674,1011,27,12,25],"class_list":{"0":"post-388707","1":"post","2":"type-post","3":"status-publish","4":"format-standard","5":"has-post-thumbnail","7":"category-europe","8":"tag-actualites","9":"tag-eu","10":"tag-europe","11":"tag-fr","12":"tag-france","13":"tag-news","14":"tag-republique-francaise"},"share_on_mastodon":{"url":"https:\/\/pubeurope.com\/@fr\/115198983253596092","error":""},"_links":{"self":[{"href":"https:\/\/www.europesays.com\/fr\/wp-json\/wp\/v2\/posts\/388707","targetHints":{"allow":["GET"]}}],"collection":[{"href":"https:\/\/www.europesays.com\/fr\/wp-json\/wp\/v2\/posts"}],"about":[{"href":"https:\/\/www.europesays.com\/fr\/wp-json\/wp\/v2\/types\/post"}],"author":[{"embeddable":true,"href":"https:\/\/www.europesays.com\/fr\/wp-json\/wp\/v2\/users\/2"}],"replies":[{"embeddable":true,"href":"https:\/\/www.europesays.com\/fr\/wp-json\/wp\/v2\/comments?post=388707"}],"version-history":[{"count":0,"href":"https:\/\/www.europesays.com\/fr\/wp-json\/wp\/v2\/posts\/388707\/revisions"}],"wp:featuredmedia":[{"embeddable":true,"href":"https:\/\/www.europesays.com\/fr\/wp-json\/wp\/v2\/media\/388708"}],"wp:attachment":[{"href":"https:\/\/www.europesays.com\/fr\/wp-json\/wp\/v2\/media?parent=388707"}],"wp:term":[{"taxonomy":"category","embeddable":true,"href":"https:\/\/www.europesays.com\/fr\/wp-json\/wp\/v2\/categories?post=388707"},{"taxonomy":"post_tag","embeddable":true,"href":"https:\/\/www.europesays.com\/fr\/wp-json\/wp\/v2\/tags?post=388707"}],"curies":[{"name":"wp","href":"https:\/\/api.w.org\/{rel}","templated":true}]}}