{"id":388711,"date":"2025-09-13T20:56:19","date_gmt":"2025-09-13T20:56:19","guid":{"rendered":"https:\/\/www.europesays.com\/fr\/388711\/"},"modified":"2025-09-13T20:56:19","modified_gmt":"2025-09-13T20:56:19","slug":"cecile-kohler-detenue-en-iran-est-a-bout-de-forces-annonce-son-comite-de-soutien","status":"publish","type":"post","link":"https:\/\/www.europesays.com\/fr\/388711\/","title":{"rendered":"C\u00e9cile Kohler, d\u00e9tenue en Iran, est \u00ab\u00a0\u00e0 bout de forces\u00a0\u00bb, annonce son comit\u00e9 de soutien"},"content":{"rendered":"<p>                          <img loading=\"lazy\" decoding=\"async\" src=\"https:\/\/www.europesays.com\/fr\/wp-content\/uploads\/2025\/09\/6b0c073_upload-1-dxrjhbk1mhqb-cbi1269013.jpg\" alt=\"Affiche pour la lib\u00e9ration de C\u00e9cile Kohler, \u00e0 Strasbourg, le 21\u00a0ao\u00fbt 2025.\"   width=\"664\" height=\"443\"\/>    Affiche pour la lib\u00e9ration de C\u00e9cile Kohler, \u00e0 Strasbourg, le 21\u00a0ao\u00fbt 2025.  CYRIL BITTON\/DIVERGENCE POUR \u00abLE MONDE\u00bb                          <\/p>\n<p class=\"article__paragraph  \">C\u00e9cile Kohler, <a href=\"https:\/\/www.lemonde.fr\/international\/article\/2022\/10\/06\/iran-la-television-d-etat-diffuse-ce-qu-elle-presente-comme-des-aveux-de-deux-francais-arretes_6144685_3210.html\" rel=\"nofollow noopener\" target=\"_blank\">ressortissante fran\u00e7aise d\u00e9tenue depuis plus de trois ans en Iran<\/a>, est \u00ab\u00a0\u00e0 bout de forces\u00a0\u00bb, a fait savoir son comit\u00e9 de soutien dans un communiqu\u00e9, samedi 13\u00a0septembre. \u00ab\u00a0C\u00e9cile Kohler a pu contacter sa famille ce samedi 13\u00a0septembre apr\u00e8s plus de deux mois sans signe de vie, la derni\u00e8re visite consulaire datant du 1er\u00a0juillet\u00a0\u00bb, a-t-il d\u00e9clar\u00e9, pr\u00e9cisant que l\u2019\u00e9change avec sa m\u00e8re avait dur\u00e9 \u00ab\u00a0quelques minutes sous haute surveillance\u00a0\u00bb.<\/p>\n<p>                                            Lire aussi (2024) |  Article r\u00e9serv\u00e9 \u00e0 nos abonn\u00e9s  <a href=\"https:\/\/www.lemonde.fr\/international\/article\/2024\/05\/27\/les-familles-de-trois-otages-francais-en-iran-denoncent-leur-detention-arbitraire-devant-l-onu_6235896_3210.html\" class=\"js-article-read-also catcher--favoris__link\" data-premium=\"1\" id=\"article-title-3374882\" rel=\"nofollow noopener\" target=\"_blank\">Les familles de trois otages fran\u00e7ais en Iran\u00a0d\u00e9noncent leur \u00ab\u00a0d\u00e9tention arbitraire\u00a0\u00bb devant l\u2019ONU<\/a>    <\/p>\n<p>   Lire plus tard  <\/p>\n<p class=\"article__paragraph  \">\u00ab\u00a0Les traits tir\u00e9s, C\u00e9cile a dit \u00eatre \u00e0 bout de forces\u00a0\u00bb, souligne le comit\u00e9, ajoutant que \u00ab\u00a0sous pression de ses ge\u00f4liers, elle n\u2019a pas pu communiquer son lieu de d\u00e9tention que les autorit\u00e9s iraniennes continuent de dissimuler\u00a0\u00bb. \u00ab\u00a0Sa situation est dramatique. Ses droits fondamentaux sont toujours bafou\u00e9s, elle est priv\u00e9e de toute ressource mat\u00e9rielle, s\u00e9par\u00e9e de Jacques (<a href=\"https:\/\/www.lemonde.fr\/international\/article\/2022\/10\/26\/en-iran-les-arrestations-et-disparitions-de-citoyens-etrangers-se-multiplient_6147380_3210.html\" rel=\"nofollow noopener\" target=\"_blank\">Paris, son compagnon \u00e9galement d\u00e9tenu en Iran<\/a>), et maintenue dans une d\u00e9tresse totale par les privations et la torture psychologique constante qu\u2019elle subit.\u00a0\u00bb<\/p>\n<p class=\"article__paragraph  \">Arr\u00eat\u00e9s en mai\u00a02022 au dernier jour d\u2019un voyage touristique, C\u00e9cile Kohler et Jacques Paris sont vis\u00e9s par des accusations d\u2019\u00ab\u00a0espionnage pour le Mossad\u00a0\u00bb, le service de renseignement ext\u00e9rieur isra\u00e9lien, de \u00ab\u00a0complot pour renverser le r\u00e9gime\u00a0\u00bb et de \u00ab\u00a0corruption sur Terre\u00a0\u00bb.<\/p>\n<p>                    Un Franco-Allemand \u00e9galement d\u00e9tenu                    <\/p>\n<p class=\"article__paragraph  \">Initialement d\u00e9tenus dans la prison d\u2019Evine, pr\u00e8s de T\u00e9h\u00e9ran, ils avaient \u00e9t\u00e9 transf\u00e9r\u00e9s en juin dernier dans un autre centre p\u00e9nitentiaire <a href=\"https:\/\/www.lemonde.fr\/international\/article\/2025\/06\/25\/comprendre-les-douze-jours-d-affrontements-entre-israel-et-l-iran-en-dix-temps-forts_6615898_3210.html\" rel=\"nofollow noopener\" target=\"_blank\">en raison de frappes isra\u00e9liennes<\/a>. C\u00e9cile Kohler, 40\u00a0ans, avait ensuite de nouveau \u00e9t\u00e9 d\u00e9plac\u00e9e vers une prison dont le nom n\u2019a jamais \u00e9t\u00e9 communiqu\u00e9.<\/p>\n<p class=\"article__paragraph  \">Samedi, son comit\u00e9 de soutien exige de nouveau \u00ab\u00a0la lib\u00e9ration imm\u00e9diate et sans condition\u00a0\u00bb de C\u00e9cile Kohler et Jacques Paris, \u00e2g\u00e9 de 72\u00a0ans.<\/p>\n<p class=\"article__paragraph  \">Cette demande intervient alors que le ministre des affaires \u00e9trang\u00e8res iranien, <a href=\"https:\/\/www.lemonde.fr\/international\/article\/2025\/09\/12\/l-iran-annonce-qu-un-accord-avec-la-france-pour-un-echange-de-prisonniers-est-proche_6640479_3210.html\" target=\"_blank\" rel=\"noopener nofollow\" title=\"Nouvelle fen\u00eatre\">Abbas Araghtchi, a d\u00e9clar\u00e9 jeudi qu\u2019un accord visant \u00e0 \u00e9changer<\/a> des prisonniers fran\u00e7ais en Iran contre une femme iranienne d\u00e9tenue en France approchait de sa \u00ab\u00a0phase finale\u00a0\u00bb. <a href=\"https:\/\/www.radiofrance.fr\/franceinter\/podcasts\/l-invite-de-8h20\/le-grand-entretien-du-vendredi-12-septembre-2025-7307535\" target=\"_blank\" rel=\"noopener nofollow\" title=\"Nouvelle fen\u00eatre\">Interrog\u00e9 sur France Inter vendredi<\/a>, son homologue fran\u00e7ais, Jean-No\u00ebl Barrot s\u2019est refus\u00e9 \u00e0 tout commentaire sur ce possible \u00e9change, en raison de la sensibilit\u00e9 du sujet.<\/p>\n<p class=\"article__paragraph  \">Outre le couple Kohler-Paris, un Franco-Allemand de 19\u00a0ans, <a href=\"https:\/\/www.lemonde.fr\/international\/article\/2025\/07\/11\/lennart-monterlos-le-jeune-cycliste-franco-allemand-disparu-en-iran-a-ete-arrete-pour-un-delit_6620559_3210.html\" rel=\"nofollow noopener\" target=\"_blank\">Lennart Monterlos, est d\u00e9tenu en Iran<\/a>. Il avait \u00e9t\u00e9 arr\u00eat\u00e9 en juin dernier pendant la br\u00e8ve guerre entre l\u2019Iran et Isra\u00ebl.<\/p>\n<p>                                       Lire aussi |  Article r\u00e9serv\u00e9 \u00e0 nos abonn\u00e9s  <a href=\"https:\/\/www.lemonde.fr\/international\/article\/2025\/07\/19\/les-otages-francais-en-iran-a-la-merci-des-marchandages-du-regime_6622211_3210.html\" class=\"js-article-read-also catcher--favoris__link\" data-premium=\"1\" id=\"article-title-3432094\" rel=\"nofollow noopener\" target=\"_blank\">Les otages fran\u00e7ais en Iran \u00e0 la merci des marchandages du r\u00e9gime<\/a>    <\/p>\n<p>   Lire plus tard  <\/p>\n<p class=\"author__detail\">  Le Monde avec AFP  <\/p>\n<p>                  <a href=\"https:\/\/www.lemonde.fr\/syndication\/\" class=\"reuse__content\" title=\"R\u00e9utiliser ce contenu\" target=\"_blank\" rel=\"nofollow noopener\">R\u00e9utiliser ce contenu<\/a>      <\/p>\n","protected":false},"excerpt":{"rendered":"Affiche pour la lib\u00e9ration de C\u00e9cile Kohler, \u00e0 Strasbourg, le 21\u00a0ao\u00fbt 2025. CYRIL BITTON\/DIVERGENCE POUR \u00abLE MONDE\u00bb C\u00e9cile&hellip;\n","protected":false},"author":2,"featured_media":388712,"comment_status":"","ping_status":"","sticky":false,"template":"","format":"standard","meta":{"footnotes":""},"categories":[2],"tags":[11,1011,27,12,25],"class_list":{"0":"post-388711","1":"post","2":"type-post","3":"status-publish","4":"format-standard","5":"has-post-thumbnail","7":"category-actualites","8":"tag-actualites","9":"tag-fr","10":"tag-france","11":"tag-news","12":"tag-republique-francaise"},"share_on_mastodon":{"url":"","error":""},"_links":{"self":[{"href":"https:\/\/www.europesays.com\/fr\/wp-json\/wp\/v2\/posts\/388711","targetHints":{"allow":["GET"]}}],"collection":[{"href":"https:\/\/www.europesays.com\/fr\/wp-json\/wp\/v2\/posts"}],"about":[{"href":"https:\/\/www.europesays.com\/fr\/wp-json\/wp\/v2\/types\/post"}],"author":[{"embeddable":true,"href":"https:\/\/www.europesays.com\/fr\/wp-json\/wp\/v2\/users\/2"}],"replies":[{"embeddable":true,"href":"https:\/\/www.europesays.com\/fr\/wp-json\/wp\/v2\/comments?post=388711"}],"version-history":[{"count":0,"href":"https:\/\/www.europesays.com\/fr\/wp-json\/wp\/v2\/posts\/388711\/revisions"}],"wp:featuredmedia":[{"embeddable":true,"href":"https:\/\/www.europesays.com\/fr\/wp-json\/wp\/v2\/media\/388712"}],"wp:attachment":[{"href":"https:\/\/www.europesays.com\/fr\/wp-json\/wp\/v2\/media?parent=388711"}],"wp:term":[{"taxonomy":"category","embeddable":true,"href":"https:\/\/www.europesays.com\/fr\/wp-json\/wp\/v2\/categories?post=388711"},{"taxonomy":"post_tag","embeddable":true,"href":"https:\/\/www.europesays.com\/fr\/wp-json\/wp\/v2\/tags?post=388711"}],"curies":[{"name":"wp","href":"https:\/\/api.w.org\/{rel}","templated":true}]}}