{"id":388723,"date":"2025-09-13T21:05:28","date_gmt":"2025-09-13T21:05:28","guid":{"rendered":"https:\/\/www.europesays.com\/fr\/388723\/"},"modified":"2025-09-13T21:05:28","modified_gmt":"2025-09-13T21:05:28","slug":"programme-hierarchie-risques-la-vie-sans-dembele-et-doue-en-cinq-questions","status":"publish","type":"post","link":"https:\/\/www.europesays.com\/fr\/388723\/","title":{"rendered":"programme, hi\u00e9rarchie, risques\u2026 La vie sans Demb\u00e9l\u00e9 et Dou\u00e9 en cinq questions"},"content":{"rendered":"<p><strong>D\u00c9CRYPTAGE \u2013 <\/strong>Oppos\u00e9 \u00e0 Lens ce dimanche, lors de la 4e journ\u00e9e de Ligue 1, le Paris-SG devra faire sans deux de ses principaux \u00e9l\u00e9ments offensifs pour de longues semaines.<\/p>\n<p class=\"fig-paragraph\">Au PSG, la star, c\u2019est l\u2019\u00e9quipe. Mais il y a tout de m\u00eame des individualit\u00e9s pour faire briller ce club, ce collectif, cette \u00e9quipe. C\u2019est la loi du genre. Ousmane Demb\u00e9l\u00e9 en premier lieu. Auteur de 35 buts et 16 passes d\u00e9cisives en 53 matchs la saison derni\u00e8re, Coupe du monde des clubs comprise, l\u2019international tricolore (57 s\u00e9lections, 7 buts) de 28 ans s\u2019est impos\u00e9 comme un pion essentiel du dispositif de Luis Enrique. Le profil id\u00e9al pour endosser le costume de \u00abfaux 9\u00bb. Et m\u00eame\u00a0<a href=\"http:\/\/www.lefigaro.fr\/sports\/football\/ballon-d-or-duel-dembele-yamal-le-psg-en-force-mbappe-en-embuscade-les-30-nommes-sont-connus-20250807\" data-fig-type=\"NewsFlash\" data-gtm-custom-categorie=\"navigation\" data-gtm-custom-action=\"crossclick\" data-gtm-custom-label=\"Contextuel\" data-gtm-event=\"customEventSPE\" data-fig-domain=\"LEFIGARO\" target=\"_blank\" rel=\"noopener\">l\u2019un des favoris pour le Ballon d\u2019or, avec le Barcelonais Lamine Yamal<\/a>. Apr\u00e8s des d\u00e9buts timides, Dou\u00e9, lui, s\u2019est impos\u00e9 comme le troisi\u00e8me larron de l\u2019attaque parisienne,\u00a0<a href=\"http:\/\/www.lefigaro.fr\/sports\/football\/ligue-des-champions\/les-notes-du-psg-face-a-l-inter-doue-phenomenal-vitinha-exceptionnel-dembele-delicieux-dans-un-collectif-magique-20250531\" data-fig-type=\"NewsFlash\" data-gtm-custom-categorie=\"navigation\" data-gtm-custom-action=\"crossclick\" data-gtm-custom-label=\"Contextuel\" data-gtm-event=\"customEventSPE\" data-fig-domain=\"LEFIGARO\" target=\"_blank\" rel=\"noopener\">un talent sup\u00e9rieur qui a notamment r\u00e9gal\u00e9 en finale de Ligue des champions<\/a>,\u00a0<a href=\"http:\/\/www.lefigaro.fr\/sports\/football\/ligue-des-champions\/ligue-des-champions-a-l-issue-d-une-finale-de-reve-le-psg-au-sommet-de-l-europe-20250531\" data-fig-type=\"NewsFlash\" data-gtm-custom-categorie=\"navigation\" data-gtm-custom-action=\"crossclick\" data-gtm-custom-label=\"Contextuel\" data-gtm-event=\"customEventSPE\" data-fig-domain=\"LEFIGARO\" target=\"_blank\" rel=\"noopener\">contre l\u2019Inter (5-0)<\/a>.<\/p>\n<p class=\"fig-paragraph\">Probl\u00e8me\u00a0? Les deux joueurs sont revenus bless\u00e9s du rassemblement avec l\u2019\u00e9quipe de France.\u00a0<a href=\"http:\/\/www.lefigaro.fr\/sports\/football\/coupe-du-monde\/courrier-a-la-fff-opacite-precedents-facheux-pourquoi-le-psg-est-fou-de-rage-apres-les-blessures-de-dembele-et-doue-20250906\" data-fig-type=\"NewsFlash\" data-gtm-custom-categorie=\"navigation\" data-gtm-custom-action=\"crossclick\" data-gtm-custom-label=\"Contextuel\" data-gtm-event=\"customEventSPE\" data-fig-domain=\"LEFIGARO\" target=\"_blank\" rel=\"noopener\">Difficile de passer \u00e0 c\u00f4t\u00e9 de la pol\u00e9mique<\/a>\u2026 L\u00e9sion s\u00e9v\u00e8re de l\u2019ischio-jambier droit pour Demb\u00e9l\u00e9, environ six semaines. L\u00e9sion au mollet droit et environ un mois loin des terrains pour Dou\u00e9. La vie sans ces deux joueurs majeurs d\u00e9bute face \u00e0 Lens ce dimanche (17h15, beIN SPORTS), au Parc des Princes, lors de\u00a0<a href=\"https:\/\/www.lefigaro.fr\/sports\/football\/ligue-1\/calendrier-resultats\" target=\"_blank\" rel=\"noopener\" data-gtm-custom-categorie=\"navigation\" data-gtm-custom-action=\"crossclick\" data-gtm-custom-label=\"Contextuel\" data-gtm-event=\"customEventSPE\">la quatri\u00e8me journ\u00e9e de Ligue 1<\/a>. Cinq questions pour tout comprendre aux cons\u00e9quences et implications de ces coups durs.<\/p>\n<p>                                    <a class=\"fig-a11y-skip a11y-hidden\" href=\"#fig-a11y-skip-main-inarticle\"><br \/>\n        Passer la publicit\u00e9<br \/>\n    <\/a><\/p>\n<p>La col\u00e8re parisienne est-elle retomb\u00e9e\u00a0?<\/p>\n<p class=\"fig-paragraph\">Pas vraiment\u2026\u00a0<a href=\"http:\/\/www.lefigaro.fr\/sports\/football\/coupe-du-monde\/ukraine-france-attaquant-du-psg-doue-touche-au-mollet-20250905\" data-fig-type=\"NewsFlash\" data-gtm-custom-categorie=\"navigation\" data-gtm-custom-action=\"crossclick\" data-gtm-custom-label=\"Contextuel\" data-gtm-event=\"customEventSPE\" data-fig-domain=\"LEFIGARO\" target=\"_blank\" rel=\"noopener\">Le club s\u2019\u00e9tait d\u00e9clar\u00e9 \u00abfurieux\u00bb<\/a>\u00a0d\u00e8s le soir du\u00a0<a href=\"http:\/\/www.lefigaro.fr\/sports\/football\/coupe-du-monde\/tombeurs-de-l-ukraine-les-bleus-font-un-premier-pas-vers-le-mondial-2026-20250905\" data-fig-type=\"NewsFlash\" data-gtm-custom-categorie=\"navigation\" data-gtm-custom-action=\"crossclick\" data-gtm-custom-label=\"Contextuel\" data-gtm-event=\"customEventSPE\" data-fig-domain=\"LEFIGARO\" target=\"_blank\" rel=\"noopener\">match Ukraine-France (0-2)<\/a>. Si les d\u00e9cideurs parisiens sont en col\u00e8re, c\u2019est qu\u2019ils estiment que le staff m\u00e9dical de l\u2019\u00e9quipe de France a pris des risques inconsid\u00e9r\u00e9s. Selon eux, Demb\u00e9l\u00e9 \u2013\u00a0<a href=\"http:\/\/www.lefigaro.fr\/sports\/football\/ligue-1\/psg-inquietude-pour-dembele-touche-a-toulouse-20250830\" data-fig-type=\"NewsFlash\" data-gtm-custom-categorie=\"navigation\" data-gtm-custom-action=\"crossclick\" data-gtm-custom-label=\"Contextuel\" data-gtm-event=\"customEventSPE\" data-fig-domain=\"LEFIGARO\" target=\"_blank\" rel=\"noopener\">touch\u00e9 \u00e0 la cuisse gauche contre Toulouse (victoire 6-3)<\/a>\u00a0\u2013 et Lucas Hernandez &#8211; qui n\u2019a pas jou\u00e9 avec les Bleus, ni contre l\u2019Ukraine, ni\u00a0<a href=\"http:\/\/www.lefigaro.fr\/sports\/football\/coupe-du-monde\/vainqueurs-de-l-islande-les-bleus-enchainent-sur-la-route-du-mondial-2026-20250909\" data-fig-type=\"NewsFlash\" data-gtm-custom-categorie=\"navigation\" data-gtm-custom-action=\"crossclick\" data-gtm-custom-label=\"Contextuel\" data-gtm-event=\"customEventSPE\" data-fig-domain=\"LEFIGARO\" target=\"_blank\" rel=\"noopener\">face \u00e0 l\u2019Islande (2-1)<\/a>\u00a0&#8211; n\u2019auraient pas d\u00fb faire ce stage. Ils avaient d\u2019ailleurs alert\u00e9 la FFF en ce sens par le biais\u00a0<a href=\"http:\/\/www.lefigaro.fr\/sports\/football\/coupe-du-monde\/courrier-a-la-fff-opacite-precedents-facheux-pourquoi-le-psg-est-fou-de-rage-apres-les-blessures-de-dembele-et-doue-20250906\" data-fig-type=\"NewsFlash\" data-gtm-custom-categorie=\"navigation\" data-gtm-custom-action=\"crossclick\" data-gtm-custom-label=\"Contextuel\" data-gtm-event=\"customEventSPE\" data-fig-domain=\"LEFIGARO\" target=\"_blank\" rel=\"noopener\">d\u2019un courrier adress\u00e9 au pr\u00e9sident Diallo<\/a>, le 4 septembre. Pour Dou\u00e9, les Bleus avaient \u00e9t\u00e9 sensibilis\u00e9s aussi.<\/p>\n<p class=\"fig-body-link\">\n            \u00c0 lire aussi<br \/>\n        <a class=\"fig-body-link__link fig-premium-mark\" href=\"http:\/\/www.lefigaro.fr\/sports\/football\/coupe-du-monde\/courrier-a-la-fff-opacite-precedents-facheux-pourquoi-le-psg-est-fou-de-rage-apres-les-blessures-de-dembele-et-doue-20250906\" data-fig-type=\"NewsFlash\" data-gtm-custom-categorie=\"navigation\" data-gtm-custom-action=\"crossclick\" data-gtm-custom-label=\"Contextuel\" data-gtm-event=\"customEventSPE\" data-fig-domain=\"LEFIGARO\" target=\"_blank\" rel=\"noopener\">Courrier \u00e0 la FFF, opacit\u00e9, pr\u00e9c\u00e9dents f\u00e2cheux\u2026 Pourquoi le PSG est fou de rage apr\u00e8s les blessures de Demb\u00e9l\u00e9 et Dou\u00e9<br \/>\n    <\/a>\n<\/p>\n<p class=\"fig-paragraph\">Le PSG parle de \u00abfaits graves et \u00e9vitables\u00bb qui doivent \u00abdonner lieu \u00e0 des mesures correctives rapides et imm\u00e9diates\u00bb. Et notamment un \u00abnouveau protocole de coordination m\u00e9dico-sportive entre clubs et s\u00e9lection nationale\u00bb. Du c\u00f4t\u00e9 de la \u00ab3F\u00bb, on plaide non coupable. Didier Deschamps rappelle que \u00able risque z\u00e9ro n\u2019existe pas\u00bb. Et le s\u00e9lectionneur d\u2019ajouter\u00a0: \u00abLe PSG n\u2019est pas notre adversaire, m\u00eame si on a des int\u00e9r\u00eats divergents\u00bb. Depuis,\u00a0<a href=\"http:\/\/www.lefigaro.fr\/sports\/football\/equipe-de-france\/polemique-dembele-attaque-du-psg-ce-que-contient-la-reponse-de-la-fff-20250908\" data-fig-type=\"NewsFlash\" data-gtm-custom-categorie=\"navigation\" data-gtm-custom-action=\"crossclick\" data-gtm-custom-label=\"Contextuel\" data-gtm-event=\"customEventSPE\" data-fig-domain=\"LEFIGARO\" target=\"_blank\" rel=\"noopener\">Philippe Diallo a r\u00e9pondu, par courrier aussi, au PSG<\/a>. Encore deux rassemblements des Bleus d\u2019ici \u00e0 la fin de l\u2019ann\u00e9e, en octobre et novembre. \u00c7a promet\u2026 Questionn\u00e9 samedi, Luis Enrique, lui, a fait le choix de ne pas en rajouter. \u00abLe plus important, c\u2019est la sant\u00e9 des joueurs\u00bb,\u00a0<a href=\"http:\/\/www.lefigaro.fr\/sports\/football\/ligue-1\/conflit-psg-fff-le-plus-important-c-est-la-sante-des-joueurs-luis-enrique-botte-en-touche-et-n-en-rajoute-pas-20250913\" data-fig-type=\"NewsFlash\" data-gtm-custom-categorie=\"navigation\" data-gtm-custom-action=\"crossclick\" data-gtm-custom-label=\"Contextuel\" data-gtm-event=\"customEventSPE\" data-fig-domain=\"LEFIGARO\" target=\"_blank\" rel=\"noopener\">s\u2019est-il born\u00e9 \u00e0 r\u00e9p\u00e9ter en boucle<\/a>.<\/p>\n<p class=\"fig-body-link\">\n            \u00c0 lire aussi<br \/>\n        <a class=\"fig-body-link__link\" href=\"http:\/\/www.lefigaro.fr\/sports\/football\/equipe-de-france\/polemique-dembele-attaque-du-psg-ce-que-contient-la-reponse-de-la-fff-20250908\" data-fig-type=\"NewsFlash\" data-gtm-custom-categorie=\"navigation\" data-gtm-custom-action=\"crossclick\" data-gtm-custom-label=\"Contextuel\" data-gtm-event=\"customEventSPE\" data-fig-domain=\"LEFIGARO\" target=\"_blank\" rel=\"noopener\">Pol\u00e9mique Demb\u00e9l\u00e9, attaque du PSG\u00a0: ce que contient la r\u00e9ponse de la FFF<br \/>\n    <\/a>\n<\/p>\n<p>Combien de matchs manqueront Demb\u00e9l\u00e9 et Dou\u00e9\u00a0?<\/p>\n<p class=\"fig-paragraph\">Les deux joueurs manqueront assur\u00e9ment les six prochains matchs du Paris Saint-Germain. En Ligue 1, Lens ce dimanche, puis le Classique \u00e0 Marseille dans pile une semaine (21 septembre). Et la r\u00e9ception d\u2019Auxerre (27 septembre) et le d\u00e9placement \u00e0 Lille (5 octobre). En Ligue des champions, Paris devra faire sans eux contre l\u2019Atalanta (17 septembre) et \u00e0 Barcelone (1er octobre). Pas de duel Yamal\/Demb\u00e9l\u00e9 en Catalogne, alors que ce match interviendra quelques jours apr\u00e8s la remise du Ballon d\u2019or (22 septembre).<\/p>\n<p>    Ousmane Demb\u00e9l\u00e9 s\u2019est bless\u00e9 \u00e0 la cuisse droite contre l\u2019Ukraine.<br \/>\n                FEP \/ Icon Sport<\/p>\n<p class=\"fig-paragraph\">A priori, D\u00e9sir\u00e9 Dou\u00e9 peut cibler PSG-Strasbourg (17 octobre), face \u00e0 son fr\u00e8re Guela, juste apr\u00e8s le prochain break international. \u00abDembouz\u00bb, lui, devra faire une croix sur cette rencontre qui interviendra \u00e0 la fin de sa sixi\u00e8me semaine d\u2019absence. Connaissant les habitudes de Luis Enrique, il est peu probable de voir l\u2019ex-Barcelonais sur la pelouse de Leverkusen (21 octobre). D\u2019autant que six semaines, c\u2019est la fourchette basse\u2026 S\u2019il devait \u00eatre absent huit semaines, la fourchette haute, Demb\u00e9l\u00e9 raterait aussi Brest (25 octobre). Le cas \u00e9ch\u00e9ant, le retour interviendrait probablement la semaine suivante, \u00e0 Lorient (29 octobre) ou contre Nice (1er novembre), et en tout cas avant le choc face au Bayern Munich (4 novembre) en C1, pour\u00a0<a href=\"https:\/\/www.lefigaro.fr\/sports\/football\/ligue-des-champions\/calendrier-resultats?journee=4\" target=\"_blank\" rel=\"noopener\" data-gtm-custom-categorie=\"navigation\" data-gtm-custom-action=\"crossclick\" data-gtm-custom-label=\"Contextuel\" data-gtm-event=\"customEventSPE\">la quatri\u00e8me journ\u00e9e<\/a>.<\/p>\n<p>Qui pour remplacer Demb\u00e9l\u00e9 et Dou\u00e9\u00a0?<\/p>\n<p class=\"fig-paragraph\">Les options sont connues. Et pour cause, ce sont les m\u00eames que la saison pass\u00e9e. Une diff\u00e9rence toutefois, avec le jeune (17 ans) Ibrahim Mbaye qui semble destin\u00e9 \u00e0 \u00eatre de plus en plus souvent utilis\u00e9. Luis Enrique voit le titi comme un \u00abpur ailier\u00bb. De l\u00e0 \u00e0 l\u2019imaginer en titulaire r\u00e9gulier dans les prochaines semaines, il y a de la marge. L\u2019int\u00e9ress\u00e9 pourrait en revanche en profiter pour grappiller quelques minutes en plus ici et l\u00e0, lui qui a d\u00e9j\u00e0 jou\u00e9 112 minutes en quatre matchs depuis le d\u00e9but de la saison en cours.<\/p>\n<p class=\"fig-body-link\">\n            \u00c0 lire aussi<br \/>\n        <a class=\"fig-body-link__link\" href=\"http:\/\/www.lefigaro.fr\/sports\/football\/ligue-1\/dembele-et-doue-blesses-depart-de-kimpembe-fracture-de-la-clavicule-le-point-de-luis-enrique-avant-psg-lens-20250913\" data-fig-type=\"NewsFlash\" data-gtm-custom-categorie=\"navigation\" data-gtm-custom-action=\"crossclick\" data-gtm-custom-label=\"Contextuel\" data-gtm-event=\"customEventSPE\" data-fig-domain=\"LEFIGARO\" target=\"_blank\" rel=\"noopener\">Demb\u00e9l\u00e9 et Dou\u00e9 bless\u00e9s, d\u00e9part de Kimpembe, fracture de la clavicule&#8230; Le point de Luis Enrique avant PSG-Lens<br \/>\n    <\/a>\n<\/p>\n<p>                                    <a class=\"fig-a11y-skip a11y-hidden\" href=\"#fig-a11y-skip-main-inarticle_mtf\"><br \/>\n        Passer la publicit\u00e9<br \/>\n    <\/a><\/p>\n<p class=\"fig-paragraph\">\u00c9videmment, Bradley Barcola sera le premier \u00abb\u00e9n\u00e9ficiaire\u00bb, si l\u2019on peut dire, de ces coups durs. Quatri\u00e8me larron de l\u2019attaque parisienne sur les derniers mois, l\u2019ex-Lyonnais devrait retrouver le statut qui \u00e9tait le sien en d\u00e9but de saison \u00e9coul\u00e9e. Pas de changement pour Khvicha Kvaratskhelia, qui vit un d\u00e9but de saison moyen. Kang-in Lee, un \u00abjoueur incroyable\u00bb dixit \u00abLucho\u00bb, et Gon\u00e7alo Ramos lorgneront plus une place dans le 11 de d\u00e9part, eux les habituelles doublures.\u00a0<a href=\"http:\/\/www.lefigaro.fr\/sports\/football\/ligue-1\/dembele-et-doue-blesses-depart-de-kimpembe-fracture-de-la-clavicule-le-point-de-luis-enrique-avant-psg-lens-20250913\" data-fig-type=\"NewsFlash\" data-gtm-custom-categorie=\"navigation\" data-gtm-custom-action=\"crossclick\" data-gtm-custom-label=\"Contextuel\" data-gtm-event=\"customEventSPE\" data-fig-domain=\"LEFIGARO\" target=\"_blank\" rel=\"noopener\">Interrog\u00e9 sur Ramos, le technicien des Asturies a dit ceci<\/a>\u00a0: \u00abDans une situation comme celle-ci, je ne pense pas seulement \u00e0 un joueur, mais \u00e0 la mentalit\u00e9 de l\u2019\u00e9quipe pour profiter de ce moment, avec des joueurs bless\u00e9s, et faire en sorte que toute l\u2019\u00e9quipe soit pr\u00eate \u00e0 combattre et continuer \u00e0 gagner. C\u2019est la mentalit\u00e9 d\u2019une vraie \u00e9quipe.\u00bb<\/p>\n<p>Des regrets de ne pas avoir recrut\u00e9 en attaque\u00a0?<\/p>\n<p class=\"fig-paragraph\">Les Parisiens connaissaient les risques apr\u00e8s une saison \u00e0 rallonge, qui s\u2019est \u00e9tendue jusqu\u2019\u00e0 la mi-juillet. Ils ont n\u00e9anmoins fait le choix de ne pas recruter en attaque. Ni au milieu d\u2019ailleurs. Seulement un joueur de champ est arriv\u00e9 cet \u00e9t\u00e9,\u00a0<a href=\"http:\/\/www.lefigaro.fr\/sports\/football\/transferts\/mercato-precocite-whitney-houston-defenseur-complet-guerre-en-ukraine-qui-est-illya-zabarnyi-attendu-au-psg-20250811\" data-fig-type=\"NewsFlash\" data-gtm-custom-categorie=\"navigation\" data-gtm-custom-action=\"crossclick\" data-gtm-custom-label=\"Contextuel\" data-gtm-event=\"customEventSPE\" data-fig-domain=\"LEFIGARO\" target=\"_blank\" rel=\"noopener\">le d\u00e9fenseur Illya Zabarnyi<\/a>. Luis Enrique n\u2019avait pas l\u2019intention de gonfler le nombre de joueurs, avec les risques que cela impliquait en termes de r\u00e9partition des r\u00f4les et de temps de jeu. Afin de donner sa chance \u00e0 tout le monde et que les joueurs disposent tous d\u2019un temps de jeu cons\u00e9quent, l\u2019Espagnol voulait garder les choses en l\u2019\u00e9tat. \u00c9videmment, s\u2019il y avait eu un d\u00e9part, il aurait \u00e9t\u00e9 remplac\u00e9. En attendant, ce n\u2019est pas le temps des regrets, mais de la gestion au Paris Saint-Germain. Malgr\u00e9 ces p\u00e9pins, il convient de ne pas mettre les autres joueurs en risque.<\/p>\n<p>    Touch\u00e9 \u00e0 un mollet, D\u00e9sir\u00e9 Dou\u00e9 n\u2019a jou\u00e9 qu\u2019une mi-temps face \u00e0 l\u2019Ukraine, avant de c\u00e9der sa place \u00e0&#8230; Ousmane Demb\u00e9l\u00e9 durant la pause.<br \/>\n                Daniel Derajinski \/ Icon Sport<\/p>\n<p>La qualification pour la phase finale de C1 peut-elle \u00eatre menac\u00e9e\u00a0?<\/p>\n<p class=\"fig-paragraph\">En tout cas, \u00e7a n\u2019arrange pas les affaires parisiennes\u2026 Pour ce qui est de la Ligue 1 non plus, notamment \u00e0 Marseille et Lille, m\u00eame si la r\u00e9ception de Lens ne sera d\u00e9j\u00e0 pas simple. Mais le Paris Saint-Germain a plus de marge dans les joutes nationales que sur la sc\u00e8ne europ\u00e9enne, c\u2019est une \u00e9vidence. Pour exister face au Bar\u00e7a par exemple, le PSG aurait eu plus de chances avec toutes ses forces vives\u2026 \u00abJe ne sais pas quel est l\u2019objectif,\u00a0<a href=\"http:\/\/www.lefigaro.fr\/sports\/football\/ligue-des-champions\/psg-pas-content-de-retrouver-le-barca-luis-enrique-livre-son-regard-sur-le-tirage-de-la-ligue-des-champions-20250829\" data-fig-type=\"NewsFlash\" data-gtm-custom-categorie=\"navigation\" data-gtm-custom-action=\"crossclick\" data-gtm-custom-label=\"Contextuel\" data-gtm-event=\"customEventSPE\" data-fig-domain=\"LEFIGARO\" target=\"_blank\" rel=\"noopener\">disait \u00abLucho\u00bb apr\u00e8s le tirage<\/a>, \u00e9voquant le Top 8 et le billet pour les 8es de finale. Si je vois l\u2019an dernier, on a fait une tr\u00e8s bonne phase de ligue en termes de jeu. Mais quand tu joues face \u00e0 des \u00e9quipes comme le Bayern, le Bar\u00e7a, tu vas forc\u00e9ment perdre des points\u00bb. Assez pour rater le top 8 et repasser par les barrages, comme l\u2019an dernier, avec deux matchs en plus dans un calendrier d\u00e9j\u00e0 indigeste\u00a0? Possible\u2026 D\u2019autant que Paris n\u2019affrontera aucun \u00abpetit\u00bb&#8230;<\/p>\n<p class=\"fig-body-link\">\n            \u00c0 lire aussi<br \/>\n        <a class=\"fig-body-link__link\" href=\"http:\/\/www.lefigaro.fr\/sports\/football\/ligue-1\/conflit-psg-fff-le-plus-important-c-est-la-sante-des-joueurs-luis-enrique-botte-en-touche-et-n-en-rajoute-pas-20250913\" data-fig-type=\"NewsFlash\" data-gtm-custom-categorie=\"navigation\" data-gtm-custom-action=\"crossclick\" data-gtm-custom-label=\"Contextuel\" data-gtm-event=\"customEventSPE\" data-fig-domain=\"LEFIGARO\" target=\"_blank\" rel=\"noopener\">Conflit PSG\/FFF\u00a0: \u00abLe plus important, c\u2019est la sant\u00e9 des joueurs\u00bb, Luis Enrique botte en touche et n\u2019en rajoute pas<br \/>\n    <\/a>\n<\/p>\n<p class=\"fig-paragraph\">\u00abJe suis inquiet pour chaque joueur bless\u00e9, quel que soit le moment dans la saison,\u00a0<a href=\"http:\/\/www.lefigaro.fr\/sports\/football\/ligue-1\/conflit-psg-fff-le-plus-important-c-est-la-sante-des-joueurs-luis-enrique-botte-en-touche-et-n-en-rajoute-pas-20250913\" data-fig-type=\"NewsFlash\" data-gtm-custom-categorie=\"navigation\" data-gtm-custom-action=\"crossclick\" data-gtm-custom-label=\"Contextuel\" data-gtm-event=\"customEventSPE\" data-fig-domain=\"LEFIGARO\" target=\"_blank\" rel=\"noopener\">a pr\u00e9cis\u00e9 l\u2019entra\u00eeneur parisien samedi, en conf\u00e9rence de presse de veille de match<\/a>. Mais c\u2019est normal dans le football. On reste concentr\u00e9s sur la sant\u00e9 des joueurs. C\u2019est le plus important pour moi et le club\u00bb. \u00c0 lui et \u00e0 son staff de prendre soin des autres joueurs afin d\u2019\u00e9viter l\u2019avalanche de p\u00e9pins.<\/p>\n","protected":false},"excerpt":{"rendered":"D\u00c9CRYPTAGE \u2013 Oppos\u00e9 \u00e0 Lens ce dimanche, lors de la 4e journ\u00e9e de Ligue 1, le Paris-SG devra&hellip;\n","protected":false},"author":2,"featured_media":388724,"comment_status":"","ping_status":"","sticky":false,"template":"","format":"standard","meta":{"footnotes":""},"categories":[1412],"tags":[1640,1451,1452,1453,1454,1455,1011,27,921,2782,93,60],"class_list":{"0":"post-388723","1":"post","2":"type-post","3":"status-publish","4":"format-standard","5":"has-post-thumbnail","7":"category-f1","8":"tag-desire-doue","9":"tag-f1","10":"tag-formula-1","11":"tag-formula1","12":"tag-formule-1","13":"tag-formule1","14":"tag-fr","15":"tag-france","16":"tag-luis-enrique","17":"tag-ousmane-dembele","18":"tag-psg","19":"tag-sports"},"share_on_mastodon":{"url":"https:\/\/pubeurope.com\/@fr\/115199025040768183","error":""},"_links":{"self":[{"href":"https:\/\/www.europesays.com\/fr\/wp-json\/wp\/v2\/posts\/388723","targetHints":{"allow":["GET"]}}],"collection":[{"href":"https:\/\/www.europesays.com\/fr\/wp-json\/wp\/v2\/posts"}],"about":[{"href":"https:\/\/www.europesays.com\/fr\/wp-json\/wp\/v2\/types\/post"}],"author":[{"embeddable":true,"href":"https:\/\/www.europesays.com\/fr\/wp-json\/wp\/v2\/users\/2"}],"replies":[{"embeddable":true,"href":"https:\/\/www.europesays.com\/fr\/wp-json\/wp\/v2\/comments?post=388723"}],"version-history":[{"count":0,"href":"https:\/\/www.europesays.com\/fr\/wp-json\/wp\/v2\/posts\/388723\/revisions"}],"wp:featuredmedia":[{"embeddable":true,"href":"https:\/\/www.europesays.com\/fr\/wp-json\/wp\/v2\/media\/388724"}],"wp:attachment":[{"href":"https:\/\/www.europesays.com\/fr\/wp-json\/wp\/v2\/media?parent=388723"}],"wp:term":[{"taxonomy":"category","embeddable":true,"href":"https:\/\/www.europesays.com\/fr\/wp-json\/wp\/v2\/categories?post=388723"},{"taxonomy":"post_tag","embeddable":true,"href":"https:\/\/www.europesays.com\/fr\/wp-json\/wp\/v2\/tags?post=388723"}],"curies":[{"name":"wp","href":"https:\/\/api.w.org\/{rel}","templated":true}]}}