{"id":388729,"date":"2025-09-13T21:08:12","date_gmt":"2025-09-13T21:08:12","guid":{"rendered":"https:\/\/www.europesays.com\/fr\/388729\/"},"modified":"2025-09-13T21:08:12","modified_gmt":"2025-09-13T21:08:12","slug":"non-suppression-des-jours-feries-bonne-nouvelle-mais-insuffisante-pour-cgt-et-cdft-actualites","status":"publish","type":"post","link":"https:\/\/www.europesays.com\/fr\/388729\/","title":{"rendered":"Non-suppression des jours f\u00e9ri\u00e9s: bonne nouvelle mais insuffisante pour CGT et CDFT : Actualit\u00e9s"},"content":{"rendered":"<p class=\"lead \">Le retrait de la proposition de suppression de deux jours f\u00e9ri\u00e9s annonc\u00e9 par le Premier ministre est une \u00ab\u00a0premi\u00e8re victoire\u00a0\u00bb pour la CGT, une \u00ab\u00a0premi\u00e8re bonne nouvelle\u00a0\u00bb pour la CFDT, qui reste insuffisante \u00e0 leurs yeux.<\/p>\n<p class=\"lead \">S\u00e9bastien Lecornu a annonc\u00e9 samedi le retrait de cette proposition tr\u00e8s critiqu\u00e9e et impopulaire, pr\u00e9vue par son pr\u00e9d\u00e9cesseur Fran\u00e7ois Bayrou.<\/p>\n<p class=\"lead \">Marylise L\u00e9on, secr\u00e9taire g\u00e9n\u00e9rale de la CFDT, premier syndicat de France, a salu\u00e9 \u00ab\u00a0une premi\u00e8re bonne nouvelle\u00a0\u00bb. \u00ab\u00a0Il reste beaucoup \u00e0 faire pour \u00e9quilibrer le budget\u00a0\u00bb, a-t-elle cependant nuanc\u00e9 \u00e0 l&rsquo;AFP.<\/p>\n<p class=\"lead \">\u00ab\u00a0C&rsquo;est une premi\u00e8re victoire, \u00e7a confirme que nous sommes en position de force et \u00e7a nous motive encore plus pour renforcer la gr\u00e8ve et les manifestations du 18 septembre\u00a0\u00bb, a r\u00e9agi de son c\u00f4t\u00e9 Sophie Binet aupr\u00e8s de l&rsquo;AFP.<\/p>\n<p class=\"lead \">\u00ab\u00a0Nous voulons battre le fer pendant qu&rsquo;il est chaud, envoyer l&rsquo;ensemble du mus\u00e9e des horreurs du budget Bayrou aux oubliettes de l&rsquo;histoire et imposer nos priorit\u00e9s &#8211; \u00e0 savoir la justice fiscale, l&rsquo;abrogation de la r\u00e9forme des retraites, de l&rsquo;argent pour nos services publics et l&rsquo;augmentation des salaires et des pensions\u00a0\u00bb, a-t-elle \u00e9num\u00e9r\u00e9.<\/p>\n<p class=\"lead \">Ce retrait n&rsquo;est donc \u00ab\u00a0absolument pas suffisant\u00a0\u00bb \u00e0 ses yeux: \u00ab\u00a0si le Premier ministre pense que le compte sera bon (&#8230;), il se met le doigt dans l&rsquo;\u0153il\u00a0\u00bb. <\/p>\n<p class=\"lead \">\u00ab\u00a0C&rsquo;est la premi\u00e8re fois depuis huit ans de macronisme qu&rsquo;on est \u00e0 ce niveau de col\u00e8re sociale, donc \u00e9videmment c&rsquo;est bien d&rsquo;arr\u00eater de vouloir nous voler deux jours de travail mais l\u00e0 c&rsquo;est toutes les autres mesures antisociales qui doivent \u00eatre annul\u00e9es\u00a0\u00bb, a dit Mme Binet \u00e0 l&rsquo;AFP.<\/p>\n<p class=\"lead \">Elle avait averti plus t\u00f4t dans la journ\u00e9e qu&rsquo;elle attendait \u00ab\u00a0des actes imm\u00e9diats\u00a0\u00bb, notamment sur la r\u00e9forme des retraites, de la part du Premier ministre.<\/p>\n<p class=\"lead \">Confirmant qu&rsquo;elle serait re\u00e7ue par S\u00e9bastien Lecornu \u00ab\u00a0lundi \u00e0 11 heures\u00a0\u00bb, la responsable syndicale a affirm\u00e9 \u00e0 la F\u00eate de l&rsquo;Humanit\u00e9 que pour cette rencontre \u00ab\u00a0on va faire un QCM avec deux possibilit\u00e9s, oui, non\u00a0\u00bb. <\/p>\n<p class=\"lead \">\u00ab\u00a0On va poser des questions tr\u00e8s simples. Jour f\u00e9ri\u00e9: oui, non, d\u00e9sindexation des retraites: oui, non, suppression des postes de fonctionnaires: oui, non, abrogation de la r\u00e9forme des retraites: oui, non\u00a0\u00bb, a-t-elle \u00e9num\u00e9r\u00e9. <\/p>\n<p class=\"lead \">\u00ab\u00a0A la sortie, d\u00e8s lors qu&rsquo;on n&rsquo;aura pas eu oui, \u00e7a voudra dire non, et qu&rsquo;il faudra se mobiliser encore plus massivement\u00a0\u00bb, a-t-elle ajout\u00e9.<\/p>\n<p class=\"lead \">M. Lecornu avait promis \u00ab\u00a0des ruptures\u00a0\u00bb mardi, lors de sa premi\u00e8re allocution en tant que Premier ministre.<\/p>\n<p class=\"lead \">Il a commenc\u00e9 vendredi \u00e0 consulter les partenaires sociaux, ouvrant le bal avec la CFDT qui a elle aussi r\u00e9clam\u00e9 des preuves de \u00ab\u00a0rupture\u00a0\u00bb avec les orientations budg\u00e9taires du gouvernement sortant.<\/p>\n<p class=\"lead \">\u00ab\u00a0La suspension de la r\u00e9forme des retraites est imp\u00e9rative\u00a0\u00bb, a de nouveau estim\u00e9 samedi Marylise L\u00e9on. \u00ab\u00a0Nous l&rsquo;avions demand\u00e9 avant le d\u00e9but des discussions en d\u00e9but d&rsquo;ann\u00e9e, nos conditions n&rsquo;ont pas chang\u00e9 et le d\u00e9bat doit avoir lieu au Parlement\u00a0\u00bb, a-t-elle dit. <\/p>\n<p class=\"small font-weight-bold text-gray3 \"> publi\u00e9 le 13 septembre \u00e0 21h15, AFP<\/p>\n<p>                             Partager<\/p>\n","protected":false},"excerpt":{"rendered":"Le retrait de la proposition de suppression de deux jours f\u00e9ri\u00e9s annonc\u00e9 par le Premier ministre est une&hellip;\n","protected":false},"author":2,"featured_media":388730,"comment_status":"","ping_status":"","sticky":false,"template":"","format":"standard","meta":{"footnotes":""},"categories":[1359],"tags":[1003,58,59,313,590,1011,27,418,2088,973,801,3427],"class_list":{"0":"post-388729","1":"post","2":"type-post","3":"status-publish","4":"format-standard","5":"has-post-thumbnail","7":"category-people","8":"tag-budget","9":"tag-divertissement","10":"tag-entertainment","11":"tag-entreprises","12":"tag-finance","13":"tag-fr","14":"tag-france","15":"tag-gouvernement","16":"tag-manifestation","17":"tag-people","18":"tag-social","19":"tag-syndicats"},"share_on_mastodon":{"url":"https:\/\/pubeurope.com\/@fr\/115199036876549541","error":""},"_links":{"self":[{"href":"https:\/\/www.europesays.com\/fr\/wp-json\/wp\/v2\/posts\/388729","targetHints":{"allow":["GET"]}}],"collection":[{"href":"https:\/\/www.europesays.com\/fr\/wp-json\/wp\/v2\/posts"}],"about":[{"href":"https:\/\/www.europesays.com\/fr\/wp-json\/wp\/v2\/types\/post"}],"author":[{"embeddable":true,"href":"https:\/\/www.europesays.com\/fr\/wp-json\/wp\/v2\/users\/2"}],"replies":[{"embeddable":true,"href":"https:\/\/www.europesays.com\/fr\/wp-json\/wp\/v2\/comments?post=388729"}],"version-history":[{"count":0,"href":"https:\/\/www.europesays.com\/fr\/wp-json\/wp\/v2\/posts\/388729\/revisions"}],"wp:featuredmedia":[{"embeddable":true,"href":"https:\/\/www.europesays.com\/fr\/wp-json\/wp\/v2\/media\/388730"}],"wp:attachment":[{"href":"https:\/\/www.europesays.com\/fr\/wp-json\/wp\/v2\/media?parent=388729"}],"wp:term":[{"taxonomy":"category","embeddable":true,"href":"https:\/\/www.europesays.com\/fr\/wp-json\/wp\/v2\/categories?post=388729"},{"taxonomy":"post_tag","embeddable":true,"href":"https:\/\/www.europesays.com\/fr\/wp-json\/wp\/v2\/tags?post=388729"}],"curies":[{"name":"wp","href":"https:\/\/api.w.org\/{rel}","templated":true}]}}