{"id":388733,"date":"2025-09-13T21:10:37","date_gmt":"2025-09-13T21:10:37","guid":{"rendered":"https:\/\/www.europesays.com\/fr\/388733\/"},"modified":"2025-09-13T21:10:37","modified_gmt":"2025-09-13T21:10:37","slug":"verdun-livre-sandy-richard","status":"publish","type":"post","link":"https:\/\/www.europesays.com\/fr\/388733\/","title":{"rendered":"Verdun > Livre > Sandy Richard"},"content":{"rendered":"<p>Entre litt\u00e9rature, guide pratique et com\u00e9die musicale, une auteure verdunoise au c\u0153ur battant<\/p>\n<p><img loading=\"lazy\" decoding=\"async\" width=\"769\" height=\"1024\" src=\"https:\/\/www.europesays.com\/fr\/wp-content\/uploads\/2025\/09\/c40e6013-b1a1-44d1-83e1-884f15649651-769x1024.jpg\" alt=\"Verdun &gt; Livre &gt; Sandy Richard\" class=\"wp-image-1513478 size-full\"\/><\/p>\n<p>Sandy Richard est une personnalit\u00e9 multiple : <strong>auteure, metteuse en sc\u00e8ne, costumi\u00e8re, photographe et militante engag\u00e9e<\/strong>. Originaire de Verdun, elle a su faire de son v\u00e9cu et de ses convictions un v\u00e9ritable moteur cr\u00e9atif. \u00c0 travers ses livres et ses projets artistiques, elle place toujours l\u2019humain au centre, avec l\u2019ambition d\u2019<strong>aider, sensibiliser et inspirer<\/strong>.<\/p>\n<p>\u270d\ufe0f Une \u00e9crivaine engag\u00e9e<\/p>\n<p>Depuis plusieurs ann\u00e9es, Sandy Richard aborde sans d\u00e9tour des th\u00e9matiques difficiles :<\/p>\n<p>le <strong>harc\u00e8lement scolaire et au travail<\/strong>,<\/p>\n<p>les <strong>discriminations<\/strong>,<\/p>\n<p>les <strong>troubles du comportement alimentaire<\/strong>.<\/p>\n<p>Parmi ses titres marquants, on retrouve Mon combat\u2026, Pourquoi moi ? et Corps en lutte. Chaque livre porte une empreinte singuli\u00e8re : <strong>empathie, sens de la justice et volont\u00e9 de faire \u00e9voluer les mentalit\u00e9s<\/strong>.<\/p>\n<p><img loading=\"lazy\" decoding=\"async\" width=\"683\" height=\"906\" src=\"https:\/\/www.europesays.com\/fr\/wp-content\/uploads\/2025\/09\/interview-France-Bleu.jpg\" alt=\"Verdun &gt; Livre &gt; Sandy Richard\" class=\"wp-image-1513482 size-full\"\/><\/p>\n<p>\ud83d\udc8d Le Bouquet de la mari\u00e9e : un guide pratique et lumineux<\/p>\n<p>En 2025, Sandy Richard surprend ses lecteurs en publiant <strong>Le Bouquet de la mari\u00e9e<\/strong>, un guide pratique et inspirant qui aborde le mariage sous un angle in\u00e9dit : organisation, traditions, \u00e9motions et humour.<\/p>\n<p><img loading=\"lazy\" decoding=\"async\" width=\"683\" height=\"1024\" src=\"https:\/\/www.europesays.com\/fr\/wp-content\/uploads\/2025\/09\/belle-femme-en-robe-de-mariee-dans-le-champ-de-lavande-683x1024.jpg\" alt=\"Verdun &gt; Livre &gt; Sandy Richard\" class=\"wp-image-1513483\"\/>Beautiful woman in wedding dress in lavender field<\/p>\n<p>Forte de sa propre exp\u00e9rience \u2014 elle pr\u00e9pare aujourd\u2019hui son second mariage \u2014 elle a souhait\u00e9 partager ses astuces et recherches pour <strong>aider les futurs mari\u00e9s \u00e0 vivre cette journ\u00e9e sans stress<\/strong>.<\/p>\n<blockquote class=\"wp-block-quote is-layout-flow wp-block-quote-is-layout-flow\">\n<p>\u00ab Le mariage, c\u2019est comme un g\u00e2teau \u00e0 trois \u00e9tages : amour, humour\u2026 et organisation en b\u00e9ton ! \u00bb<\/p>\n<\/blockquote>\n<p>Ce livre m\u00eale <strong>check-lists pratiques<\/strong>, anecdotes, histoires autour du bouquet et conseils bienveillants. Un compagnon de route id\u00e9al pour tous ceux qui veulent c\u00e9l\u00e9brer l\u2019amour sans se perdre dans l\u2019angoisse des pr\u00e9paratifs.<\/p>\n<p>\ud83d\udcd6 Le livre est disponible sur Amazon, Cultura, Fnac et dans plusieurs salons du mariage.<\/p>\n<p>\ud83c\udfad L\u2019Envol du Ph\u00e9nix : un projet musical porteur d\u2019espoir<\/p>\n<p>Sandy Richard ne se limite pas \u00e0 l\u2019\u00e9criture litt\u00e9raire. Avec son association <strong>\u00ab Plus jamais \u00e7a : Stop au harc\u00e8lement \u00bb<\/strong>, elle a lanc\u00e9 un projet artistique ambitieux : <strong>L\u2019Envol du Ph\u00e9nix<\/strong>, une com\u00e9die musicale in\u00e9dite pr\u00e9vue pour 2025.<\/p>\n<p><img loading=\"lazy\" decoding=\"async\" width=\"683\" height=\"1024\" src=\"https:\/\/www.europesays.com\/fr\/wp-content\/uploads\/2025\/09\/l-envole-du-phenix-683x1024.png\" alt=\"Verdun &gt; Livre &gt; Sandy Richard\" class=\"wp-image-1513484\"\/>Verdun &gt; Livre &gt; Sandy Richard<\/p>\n<p>Ce spectacle raconte l\u2019histoire de <strong>Charlie<\/strong>, une costumi\u00e8re talentueuse mais effac\u00e9e, qui retrouve peu \u00e0 peu confiance et dignit\u00e9 apr\u00e8s des \u00e9preuves douloureuses. \u00c0 travers la musique, le th\u00e9\u00e2tre et la danse, cette \u0153uvre met en avant des th\u00e8mes universels :<\/p>\n<ul class=\"wp-block-list\">\n<li><strong>r\u00e9silience<\/strong>,<\/li>\n<li><strong>estime de soi<\/strong>,<\/li>\n<li><strong>renaissance apr\u00e8s les blessures<\/strong>.<\/li>\n<\/ul>\n<p>Le casting est actuellement ouvert, avec des auditions pr\u00e9vues \u00e0 Verdun et prochainement \u00e0 Thionville et Metz. L\u2019objectif ? R\u00e9unir une troupe d\u2019artistes capables de faire vibrer ce r\u00e9cit d\u2019\u00e9mancipation et de lumi\u00e8re.<\/p>\n<p>\u2764\ufe0f Une artiste au service des autres<\/p>\n<p>Qu\u2019il s\u2019agisse de ses livres ou de ses spectacles, Sandy Richard a un fil conducteur : <strong>transformer la douleur en art et l\u2019art en espoir<\/strong>. Elle ne se contente pas d\u2019\u00e9crire ou de mettre en sc\u00e8ne : elle <strong>accompagne, sensibilise et soutient<\/strong>.<\/p>\n<p><img loading=\"lazy\" decoding=\"async\" width=\"1024\" height=\"754\" src=\"https:\/\/www.europesays.com\/fr\/wp-content\/uploads\/2025\/09\/jury-1024x754.jpg\" alt=\"Verdun &gt; Livre &gt; Sandy Richard\" class=\"wp-image-1513485\"\/><\/p>\n<p>\u00c0 travers ses projets, elle veut montrer que, quelles que soient les \u00e9preuves travers\u00e9es, <strong>il est toujours possible de rena\u00eetre, de se relever et de retrouver ses ailes<\/strong>.<\/p>\n<p>\ud83d\udd17 Liens utiles<\/p>\n<p>\u2728 <\/p>\n<p>Entre <strong>plume engag\u00e9e<\/strong>, <strong>guide pratique<\/strong> et <strong>spectacle musical<\/strong>, Sandy Richard est une artiste compl\u00e8te et inspirante. Elle incarne une <strong>cr\u00e9ativit\u00e9 au service de l\u2019humain<\/strong>, capable de transformer ses exp\u00e9riences personnelles en projets universels.<\/p>\n<p>\ud83d\udce3 Que ce soit pour organiser un mariage serein ou pour vibrer devant une com\u00e9die musicale pleine d\u2019espoir, Sandy Richard nous invite toutes et tous \u00e0 <strong>oser croire en nos r\u00eaves, m\u00eame apr\u00e8s les \u00e9preuves<\/strong>.<\/p>\n<p>Portaits <\/p>\n<ul class=\"wp-block-latest-posts__list is-grid columns-3 wp-block-latest-posts\">\n<li><a href=\"https:\/\/www.info-lux.com\/verdun-livre-sandy-richard\/2025\/\" aria-label=\"Verdun &gt; Livre &gt; Sandy Richard\" target=\"_blank\" rel=\"noopener\"><img loading=\"lazy\" decoding=\"async\" width=\"150\" height=\"150\" src=\"https:\/\/www.europesays.com\/fr\/wp-content\/uploads\/2025\/09\/nouveau-livre-150x150.jpg\" class=\"attachment-thumbnail size-thumbnail wp-post-image\" alt=\"\" style=\"\"\/><\/a><a class=\"wp-block-latest-posts__post-title\" href=\"https:\/\/www.info-lux.com\/verdun-livre-sandy-richard\/2025\/\" target=\"_blank\" rel=\"noopener\">Verdun &gt; Livre &gt; Sandy Richard<\/a>\ud83c\udf38 Portrait de Sandy Richard : plume engag\u00e9e et passion cr\u00e9ative Entre litt\u00e9rature, guide pratique et com\u00e9die musicale, une auteure verdunoise au c\u0153ur battant Sandy Richard est une personnalit\u00e9 multiple : auteure, metteuse en sc\u00e8ne, costumi\u00e8re, photographe et militante engag\u00e9e. Originaire de Verdun, elle a su faire de son v\u00e9cu et de ses convictions un\u2026 <a class=\"wp-block-latest-posts__read-more\" href=\"https:\/\/www.info-lux.com\/verdun-livre-sandy-richard\/2025\/\" rel=\"noopener noreferrer\" target=\"_blank\">Lire la suite\u00a0: Verdun &gt; Livre &gt; Sandy Richard<\/a><\/li>\n<li><a href=\"https:\/\/www.info-lux.com\/halanzy-livre-marie-laure-dhont\/2025\/\" aria-label=\"Halanzy &gt; livre &gt; Marie-Laure Dhont\" target=\"_blank\" rel=\"noopener\"><img loading=\"lazy\" decoding=\"async\" width=\"150\" height=\"150\" src=\"https:\/\/www.europesays.com\/fr\/wp-content\/uploads\/2025\/09\/Maarie-virton002-150x150.jpg\" class=\"attachment-thumbnail size-thumbnail wp-post-image\" alt=\"\" style=\"\"\/><\/a><a class=\"wp-block-latest-posts__post-title\" href=\"https:\/\/www.info-lux.com\/halanzy-livre-marie-laure-dhont\/2025\/\" target=\"_blank\" rel=\"noopener\">Halanzy &gt; livre &gt; Marie-Laure Dhont<\/a>Interview de Marie-Laure Dhont : \u201cNotre histoire, pas la leur.\u201d \u2014 un t\u00e9moignage de r\u00e9silience et de v\u00e9rit\u00e9 L\u2019auteure originaire d\u2019Halanzy se confie sur son parcours personnel, la gen\u00e8se de son livre et sa volont\u00e9 de transmettre un message universel de bienveillance. \u2728Notre histoire, pas la leur. Dans son livre \u201cNotre histoire, pas la leur.\u201d,\u2026 <a class=\"wp-block-latest-posts__read-more\" href=\"https:\/\/www.info-lux.com\/halanzy-livre-marie-laure-dhont\/2025\/\" rel=\"noopener noreferrer\" target=\"_blank\">Lire la suite\u00a0: Halanzy &gt; livre &gt; Marie-Laure Dhont<\/a><\/li>\n<li><a href=\"https:\/\/www.info-lux.com\/francois-thiry-chanteur-variete\/actualites\/musique\/\" aria-label=\"Fran\u00e7ois Thiry &gt; Chanteur &gt; Vari\u00e9t\u00e9\" target=\"_blank\" rel=\"noopener\"><img loading=\"lazy\" decoding=\"async\" width=\"150\" height=\"150\" src=\"https:\/\/www.europesays.com\/fr\/wp-content\/uploads\/2025\/09\/ChatGPT-Image-13-sept.-2025-11_30_03-150x150.png\" class=\"attachment-thumbnail size-thumbnail wp-post-image\" alt=\"\" style=\"\"\/><\/a><a class=\"wp-block-latest-posts__post-title\" href=\"https:\/\/www.info-lux.com\/francois-thiry-chanteur-variete\/actualites\/musique\/\" target=\"_blank\" rel=\"noopener\">Fran\u00e7ois Thiry &gt; Chanteur &gt; Vari\u00e9t\u00e9<\/a>\n<p>Fran\u00e7ois Thiry &gt; Chanteur &gt; Vari\u00e9t\u00e9 <\/p>\n<\/li>\n<li><a href=\"https:\/\/www.info-lux.com\/alexandre-bister-photographe-videaste\/portrait\/photographes-portrait\/alexandre-bister\/\" aria-label=\"Alexandre Bister &gt; Photographe &gt; Vid\u00e9aste\" target=\"_blank\" rel=\"noopener\"><img loading=\"lazy\" decoding=\"async\" width=\"150\" height=\"150\" src=\"https:\/\/www.europesays.com\/fr\/wp-content\/uploads\/2025\/09\/Alexandre-Bister-Photographe-Videaste-009-150x150.jpg\" class=\"attachment-thumbnail size-thumbnail wp-post-image\" alt=\"\" style=\"\"\/><\/a><a class=\"wp-block-latest-posts__post-title\" href=\"https:\/\/www.info-lux.com\/alexandre-bister-photographe-videaste\/portrait\/photographes-portrait\/alexandre-bister\/\" target=\"_blank\" rel=\"noopener\">Alexandre Bister &gt; Photographe &gt; Vid\u00e9aste<\/a>Portrait d\u2019Alexandre Bister : Photographe et vid\u00e9aste entre r\u00eave et r\u00e9alit\u00e9 Alexandre Bister est un nom qui commence \u00e0 r\u00e9sonner dans le monde de l\u2019image, en particulier dans la Grande R\u00e9gion. Alexandre Bister &gt; Photographe &gt; Vid\u00e9aste Photographe et vid\u00e9aste passionn\u00e9, il se d\u00e9finit lui-m\u00eame comme un cr\u00e9ateur polyvalent, \u00e9voluant librement entre fiction et r\u00e9alit\u00e9.\u2026 <a class=\"wp-block-latest-posts__read-more\" href=\"https:\/\/www.info-lux.com\/alexandre-bister-photographe-videaste\/portrait\/photographes-portrait\/alexandre-bister\/\" rel=\"noopener noreferrer\" target=\"_blank\">Lire la suite\u00a0: Alexandre Bister &gt; Photographe &gt; Vid\u00e9aste<\/a><\/li>\n<li><a href=\"https:\/\/www.info-lux.com\/photographe-pierre-olivier-tulkens\/pays\/belgique\/wallonie\/province-du-brabant-wallon\/waterloo\/\" aria-label=\"Photographe &gt; Pierre-Olivier Tulkens\" target=\"_blank\" rel=\"noopener\"><img loading=\"lazy\" decoding=\"async\" width=\"150\" height=\"150\" src=\"https:\/\/www.europesays.com\/fr\/wp-content\/uploads\/2025\/08\/471489061_10237623822961530_6565270196157692944_n-150x150.jpg\" class=\"attachment-thumbnail size-thumbnail wp-post-image\" alt=\"\" style=\"\"\/><\/a><a class=\"wp-block-latest-posts__post-title\" href=\"https:\/\/www.info-lux.com\/photographe-pierre-olivier-tulkens\/pays\/belgique\/wallonie\/province-du-brabant-wallon\/waterloo\/\" target=\"_blank\" rel=\"noopener\">Photographe &gt; Pierre-Olivier Tulkens<\/a>\n<p>Pierre-Olivier Tulkens : un photographe passionn\u00e9 qui a chang\u00e9 de vie \u00e0 45 ans<\/p>\n<\/li>\n<li><a href=\"https:\/\/www.info-lux.com\/normandie-cosplayeur-francais-romain-louis\/portrait\/\" aria-label=\"\u202fNormandie &gt; Cosplayeur fran\u00e7ais &gt; Romain Louis\" target=\"_blank\" rel=\"noopener\"><img loading=\"lazy\" decoding=\"async\" width=\"150\" height=\"150\" src=\"https:\/\/www.europesays.com\/fr\/wp-content\/uploads\/2025\/09\/IMG_4696-150x150.jpg\" class=\"attachment-thumbnail size-thumbnail wp-post-image\" alt=\"\" style=\"\"\/><\/a><a class=\"wp-block-latest-posts__post-title\" href=\"https:\/\/www.info-lux.com\/normandie-cosplayeur-francais-romain-louis\/portrait\/\" target=\"_blank\" rel=\"noopener\">\u202fNormandie &gt; Cosplayeur fran\u00e7ais &gt; Romain Louis<\/a>\ud83c\udfad Plong\u00e9e dans l\u2019univers fascinant de Romain Louis, cosplayeur fran\u00e7ais passionn\u00e9 de cin\u00e9ma et d\u2019horreur Aujourd\u2019hui, Infolux vous emm\u00e8ne \u00e0 la rencontre de Romain Louis, un artiste et cosplayeur fran\u00e7ais qui r\u00e9alise lui-m\u00eame ses cosplays avec un talent et une passion communicatifs. (\u202fNormandie &gt; Cosplayeur fran\u00e7ais &gt; Romain Louis) V\u00e9ritable amoureux du cin\u00e9ma et des\u2026 <a class=\"wp-block-latest-posts__read-more\" href=\"https:\/\/www.info-lux.com\/normandie-cosplayeur-francais-romain-louis\/portrait\/\" rel=\"noopener noreferrer\" target=\"_blank\">Lire la suite\u00a0: \u202fNormandie &gt; Cosplayeur fran\u00e7ais &gt; Romain Louis<\/a><\/li>\n<li><a href=\"https:\/\/www.info-lux.com\/bien-etremoselleeric-klein-praticien-shiatsu-therapeutique-dietetique-integrative-holistique\/portrait\/\" aria-label=\"BIEN-\u00caTRE &gt; PORTRAIT &gt; \u00c9ric Klein \u2022 Ost\u00e9oth\u00e9rapie et Shiatsu\" target=\"_blank\" rel=\"noopener\"><img loading=\"lazy\" decoding=\"async\" width=\"150\" height=\"150\" src=\"https:\/\/www.europesays.com\/fr\/wp-content\/uploads\/2025\/09\/Bandeau-LR-150x150.jpg\" class=\"attachment-thumbnail size-thumbnail wp-post-image\" alt=\"\" style=\"\"\/><\/a><a class=\"wp-block-latest-posts__post-title\" href=\"https:\/\/www.info-lux.com\/bien-etremoselleeric-klein-praticien-shiatsu-therapeutique-dietetique-integrative-holistique\/portrait\/\" target=\"_blank\" rel=\"noopener\">BIEN-\u00caTRE &gt; PORTRAIT &gt; \u00c9ric Klein \u2022 Ost\u00e9oth\u00e9rapie et Shiatsu<\/a>\n<p>\u00c9ric Klein est Ost\u00e9oth\u00e9rapeute, praticien Shiatsu et conseiller en di\u00e9t\u00e9tique int\u00e9grative. Il pr\u00e9sente dans cet article sa pratique et ses activit\u00e9s.<\/p>\n<\/li>\n<li><a href=\"https:\/\/www.info-lux.com\/bien-etre-portrait-sylvie-marx\/themes\/bien-etre-themes\/\" aria-label=\"BIEN-\u00caTRE &gt; PORTRAIT &gt; SYLVIE MARX\" target=\"_blank\" rel=\"noopener\"><img loading=\"lazy\" decoding=\"async\" width=\"150\" height=\"150\" src=\"https:\/\/www.europesays.com\/fr\/wp-content\/uploads\/2025\/09\/Bandeau-2-150x150.jpg\" class=\"attachment-thumbnail size-thumbnail wp-post-image\" alt=\"\" style=\"\"\/><\/a><a class=\"wp-block-latest-posts__post-title\" href=\"https:\/\/www.info-lux.com\/bien-etre-portrait-sylvie-marx\/themes\/bien-etre-themes\/\" target=\"_blank\" rel=\"noopener\">BIEN-\u00caTRE &gt; PORTRAIT &gt; SYLVIE MARX<\/a>\n<p>Th\u00e9rapeute syst\u00e9mique depuis 30 ans, Sylvie Marx lib\u00e8re les blocages invisibles gr\u00e2ce aux constellations familiales et aux cercles de silence, redonnant aux vies leur \u00e9quilibre PAFF (Professionnel, Affectif, Familial, Financier). Engag\u00e9e en Inde et au c\u0153ur de l\u2019association SAMTA, elle incarne une r\u00e9ussite de vie o\u00f9 l\u2019essentiel se niche dans l\u2019alignement int\u00e9rieur et la solidarit\u00e9.<\/p>\n<\/li>\n<li><a href=\"https:\/\/www.info-lux.com\/province-de-luxembourg-motocross-team-krt\/pays\/belgique\/\" aria-label=\"Province de Luxembourg &gt; Motocross &gt; team KRT\" target=\"_blank\" rel=\"noopener\"><img loading=\"lazy\" decoding=\"async\" width=\"150\" height=\"150\" src=\"https:\/\/www.europesays.com\/fr\/wp-content\/uploads\/2025\/09\/10-150x150.jpg\" class=\"attachment-thumbnail size-thumbnail wp-post-image\" alt=\"\" style=\"\"\/><\/a><a class=\"wp-block-latest-posts__post-title\" href=\"https:\/\/www.info-lux.com\/province-de-luxembourg-motocross-team-krt\/pays\/belgique\/\" target=\"_blank\" rel=\"noopener\">Province de Luxembourg &gt; Motocross &gt; team KRT<\/a>\u201cVivre le motocross, envers et contre tout \u2013 L\u2019histoire du team KRT\u201d Il y a des sports que l\u2019on acclame, et d\u2019autres que l\u2019on tol\u00e8re \u00e0 peine. Le motocross, lui, semble vou\u00e9 au rejet, pris en \u00e9tau entre l\u2019urgence \u00e9cologique et le poids des st\u00e9r\u00e9otypes. Trop bruyant, trop polluant, trop sauvage, dit-on. Pourtant, derri\u00e8re le\u2026 <a class=\"wp-block-latest-posts__read-more\" href=\"https:\/\/www.info-lux.com\/province-de-luxembourg-motocross-team-krt\/pays\/belgique\/\" rel=\"noopener noreferrer\" target=\"_blank\">Lire la suite\u00a0: Province de Luxembourg &gt; Motocross &gt; team KRT<\/a><\/li>\n<\/ul>\n","protected":false},"excerpt":{"rendered":"Entre litt\u00e9rature, guide pratique et com\u00e9die musicale, une auteure verdunoise au c\u0153ur battant Sandy Richard est une personnalit\u00e9&hellip;\n","protected":false},"author":2,"featured_media":388734,"comment_status":"","ping_status":"","sticky":false,"template":"","format":"standard","meta":{"footnotes":""},"categories":[1357],"tags":[3734,2593,2937,1379,58,59,1011,27,937,1380,1930,873,20528,9026],"class_list":{"0":"post-388733","1":"post","2":"type-post","3":"status-publish","4":"format-standard","5":"has-post-thumbnail","7":"category-livres","8":"tag-art","9":"tag-artiste","10":"tag-artistes","11":"tag-books","12":"tag-divertissement","13":"tag-entertainment","14":"tag-fr","15":"tag-france","16":"tag-histoire","17":"tag-livres","18":"tag-mariage","19":"tag-musique","20":"tag-photographe","21":"tag-portrait"},"share_on_mastodon":{"url":"https:\/\/pubeurope.com\/@fr\/115199045896964506","error":""},"_links":{"self":[{"href":"https:\/\/www.europesays.com\/fr\/wp-json\/wp\/v2\/posts\/388733","targetHints":{"allow":["GET"]}}],"collection":[{"href":"https:\/\/www.europesays.com\/fr\/wp-json\/wp\/v2\/posts"}],"about":[{"href":"https:\/\/www.europesays.com\/fr\/wp-json\/wp\/v2\/types\/post"}],"author":[{"embeddable":true,"href":"https:\/\/www.europesays.com\/fr\/wp-json\/wp\/v2\/users\/2"}],"replies":[{"embeddable":true,"href":"https:\/\/www.europesays.com\/fr\/wp-json\/wp\/v2\/comments?post=388733"}],"version-history":[{"count":0,"href":"https:\/\/www.europesays.com\/fr\/wp-json\/wp\/v2\/posts\/388733\/revisions"}],"wp:featuredmedia":[{"embeddable":true,"href":"https:\/\/www.europesays.com\/fr\/wp-json\/wp\/v2\/media\/388734"}],"wp:attachment":[{"href":"https:\/\/www.europesays.com\/fr\/wp-json\/wp\/v2\/media?parent=388733"}],"wp:term":[{"taxonomy":"category","embeddable":true,"href":"https:\/\/www.europesays.com\/fr\/wp-json\/wp\/v2\/categories?post=388733"},{"taxonomy":"post_tag","embeddable":true,"href":"https:\/\/www.europesays.com\/fr\/wp-json\/wp\/v2\/tags?post=388733"}],"curies":[{"name":"wp","href":"https:\/\/api.w.org\/{rel}","templated":true}]}}