{"id":388753,"date":"2025-09-13T21:20:12","date_gmt":"2025-09-13T21:20:12","guid":{"rendered":"https:\/\/www.europesays.com\/fr\/388753\/"},"modified":"2025-09-13T21:20:12","modified_gmt":"2025-09-13T21:20:12","slug":"proces-de-lanesthesiste-pechier-un-remede-au-coeur-de-laccusation","status":"publish","type":"post","link":"https:\/\/www.europesays.com\/fr\/388753\/","title":{"rendered":"Proc\u00e8s de l\u2019anesth\u00e9siste P\u00e9chier\u00a0: un rem\u00e8de au c\u0153ur de l\u2019accusation"},"content":{"rendered":"<p class=\"paragraph text_align_left lp-f-body-02\">Si elle n\u2019a pas \u00e9t\u00e9 d\u00e9cisive dans le sauvetage de la patiente, v\u00e9ritable miracul\u00e9e, cette action est au c\u0153ur de ce proc\u00e8s technique. L\u2019anesth\u00e9siste, jug\u00e9 pour trente empoisonnements, dont douze mortels, aurait d\u00e9tourn\u00e9 des m\u00e9dicaments, inject\u00e9s en catimini aux patients de ses coll\u00e8gues, pour provoquer des complications et prouver ensuite ses qualit\u00e9s de r\u00e9animateur.<\/p>\n","protected":false},"excerpt":{"rendered":"Si elle n\u2019a pas \u00e9t\u00e9 d\u00e9cisive dans le sauvetage de la patiente, v\u00e9ritable miracul\u00e9e, cette action est au&hellip;\n","protected":false},"author":2,"featured_media":388754,"comment_status":"","ping_status":"","sticky":false,"template":"","format":"standard","meta":{"footnotes":""},"categories":[4],"tags":[11,459,118,1011,27,12,25],"class_list":{"0":"post-388753","1":"post","2":"type-post","3":"status-publish","4":"format-standard","5":"has-post-thumbnail","7":"category-france","8":"tag-actualites","9":"tag-departements-horsidfo","10":"tag-faits-divers","11":"tag-fr","12":"tag-france","13":"tag-news","14":"tag-republique-francaise"},"share_on_mastodon":{"url":"https:\/\/pubeurope.com\/@fr\/115199084049670370","error":""},"_links":{"self":[{"href":"https:\/\/www.europesays.com\/fr\/wp-json\/wp\/v2\/posts\/388753","targetHints":{"allow":["GET"]}}],"collection":[{"href":"https:\/\/www.europesays.com\/fr\/wp-json\/wp\/v2\/posts"}],"about":[{"href":"https:\/\/www.europesays.com\/fr\/wp-json\/wp\/v2\/types\/post"}],"author":[{"embeddable":true,"href":"https:\/\/www.europesays.com\/fr\/wp-json\/wp\/v2\/users\/2"}],"replies":[{"embeddable":true,"href":"https:\/\/www.europesays.com\/fr\/wp-json\/wp\/v2\/comments?post=388753"}],"version-history":[{"count":0,"href":"https:\/\/www.europesays.com\/fr\/wp-json\/wp\/v2\/posts\/388753\/revisions"}],"wp:featuredmedia":[{"embeddable":true,"href":"https:\/\/www.europesays.com\/fr\/wp-json\/wp\/v2\/media\/388754"}],"wp:attachment":[{"href":"https:\/\/www.europesays.com\/fr\/wp-json\/wp\/v2\/media?parent=388753"}],"wp:term":[{"taxonomy":"category","embeddable":true,"href":"https:\/\/www.europesays.com\/fr\/wp-json\/wp\/v2\/categories?post=388753"},{"taxonomy":"post_tag","embeddable":true,"href":"https:\/\/www.europesays.com\/fr\/wp-json\/wp\/v2\/tags?post=388753"}],"curies":[{"name":"wp","href":"https:\/\/api.w.org\/{rel}","templated":true}]}}