{"id":388761,"date":"2025-09-13T21:26:28","date_gmt":"2025-09-13T21:26:28","guid":{"rendered":"https:\/\/www.europesays.com\/fr\/388761\/"},"modified":"2025-09-13T21:26:28","modified_gmt":"2025-09-13T21:26:28","slug":"volley-ball-battu-par-vandoeuvre-nancy-le-volley-mulhouse-alsace-encore-trop-brouillon","status":"publish","type":"post","link":"https:\/\/www.europesays.com\/fr\/388761\/","title":{"rendered":"Volley-ball. Battu par\u00a0Vandoeuvre\/Nancy, le Volley Mulhouse Alsace encore trop brouillon"},"content":{"rendered":"<p>Pour cette deuxi\u00e8me sortie en moins de 24 heures, ce samedi \u00e0 Vittel, le VMA d\u00e9butait la finale des Vit\u2019Elle Games avec Enora Danard-Selosse en tant que seule passeuse.<\/p>\n<p>Et pour cause, Gretell Moreno \u00e9tait l\u00e9g\u00e8rement bless\u00e9e au dos. \u00ab\u00a0On a pr\u00e9f\u00e9r\u00e9 ne pas prendre de risque\u00a0\u00bb, explique Andr\u00e9 S\u00e1, le nouveau coach mulhousien, qui a v\u00e9cu une entame de match compliqu\u00e9e, \u00e0 l\u2019image de son \u00e9quipe.<\/p>\n<p>VOLLEY MULHOUSE ALSACE 1<br \/>VANDOEUVRE\/NANCY 3<\/p>\n<p>VITT&#8230;<\/p>\n","protected":false},"excerpt":{"rendered":"Pour cette deuxi\u00e8me sortie en moins de 24 heures, ce samedi \u00e0 Vittel, le VMA d\u00e9butait la finale&hellip;\n","protected":false},"author":2,"featured_media":388762,"comment_status":"","ping_status":"","sticky":false,"template":"","format":"standard","meta":{"footnotes":""},"categories":[9635],"tags":[1111,11,1777,674,107,1011,27,775,1702,12,25,517,1633,1632],"class_list":{"0":"post-388761","1":"post","2":"type-post","3":"status-publish","4":"format-standard","5":"has-post-thumbnail","7":"category-nancy","8":"tag-actu","9":"tag-actualites","10":"tag-eu","11":"tag-europe","12":"tag-fil-info","13":"tag-fr","14":"tag-france","15":"tag-grand-est","16":"tag-nancy","17":"tag-news","18":"tag-republique-francaise","19":"tag-sport","20":"tag-volley-mulhouse-alsace","21":"tag-volley-ball"},"share_on_mastodon":{"url":"https:\/\/pubeurope.com\/@fr\/115199107711997277","error":""},"_links":{"self":[{"href":"https:\/\/www.europesays.com\/fr\/wp-json\/wp\/v2\/posts\/388761","targetHints":{"allow":["GET"]}}],"collection":[{"href":"https:\/\/www.europesays.com\/fr\/wp-json\/wp\/v2\/posts"}],"about":[{"href":"https:\/\/www.europesays.com\/fr\/wp-json\/wp\/v2\/types\/post"}],"author":[{"embeddable":true,"href":"https:\/\/www.europesays.com\/fr\/wp-json\/wp\/v2\/users\/2"}],"replies":[{"embeddable":true,"href":"https:\/\/www.europesays.com\/fr\/wp-json\/wp\/v2\/comments?post=388761"}],"version-history":[{"count":0,"href":"https:\/\/www.europesays.com\/fr\/wp-json\/wp\/v2\/posts\/388761\/revisions"}],"wp:featuredmedia":[{"embeddable":true,"href":"https:\/\/www.europesays.com\/fr\/wp-json\/wp\/v2\/media\/388762"}],"wp:attachment":[{"href":"https:\/\/www.europesays.com\/fr\/wp-json\/wp\/v2\/media?parent=388761"}],"wp:term":[{"taxonomy":"category","embeddable":true,"href":"https:\/\/www.europesays.com\/fr\/wp-json\/wp\/v2\/categories?post=388761"},{"taxonomy":"post_tag","embeddable":true,"href":"https:\/\/www.europesays.com\/fr\/wp-json\/wp\/v2\/tags?post=388761"}],"curies":[{"name":"wp","href":"https:\/\/api.w.org\/{rel}","templated":true}]}}