{"id":388763,"date":"2025-09-13T21:27:11","date_gmt":"2025-09-13T21:27:11","guid":{"rendered":"https:\/\/www.europesays.com\/fr\/388763\/"},"modified":"2025-09-13T21:27:11","modified_gmt":"2025-09-13T21:27:11","slug":"top-14-sans-briller-toulon-enchaine-contre-castres","status":"publish","type":"post","link":"https:\/\/www.europesays.com\/fr\/388763\/","title":{"rendered":"Top 14 : sans briller, Toulon encha\u00eene contre Castres"},"content":{"rendered":"<p>Pour son premier match de la saison \u00e0 domicile, <a href=\"https:\/\/www.laprovence.com\/article\/sports\/4625427225033314\/rugby-top-14-heure-chaine-composition-les-infos-pratiques-avant-toulon-castres\" target=\"_blank\" rel=\"noopener\">Toulon a battu Castres<\/a> ce samedi soir (16-12) lors de la deuxi\u00e8me journ\u00e9e de Top 14 gr\u00e2ce \u00e0 un \u00e9clair de son ailier Ga\u00ebl Dr\u00e9an au sein d&rsquo;une rencontre bien terne. D\u00e9j\u00e0 <a href=\"https:\/\/www.laprovence.com\/article\/sports\/75172177301824\/rugby-top-14-titulaire-a-la-place-de-jaminet-pour-la-reprise-a-montpellier-marius-domon-veut-confirmer-avec-toulon\" target=\"_blank\" rel=\"noopener\">vainqueur de Montpellier<\/a> samedi dernier en ouverture du championnat (27-17), le club varois d\u00e9croche un deuxi\u00e8me succ\u00e8s de rang et se retrouve au pied du podium avant le dernier match du week-end ce dimanche soir entre le Racing 92 et l&rsquo;UBB.<\/p>\n<p>Castres conna\u00eet un d\u00e9but de saison beaucoup plus d\u00e9licat avec deux revers en autant de rencontres, et peut seulement se r\u00e9jouir d&rsquo;\u00eatre parvenu \u00e0 gratter deux points de bonus d\u00e9fensif.\u00a0Les Tarnais pensaient pourtant r\u00e9ussir le coup parfait gr\u00e2ce \u00e0 douze points au pied de son ouvreur Louis Le Brun. Mais Toulon, longtemps maladroit, s&rsquo;en est remis \u00e0 son\u00a0jeune ailier Ga\u00ebl Dr\u00e9an (24\u00a0ans), qui a illumin\u00e9 la soir\u00e9e des supporters varois. L&rsquo;ancien joueur de Rennes a su convertir un ballon banal en seule occasion d&rsquo;essai de la rencontre gr\u00e2ce \u00e0 une chevauch\u00e9e de quasiment 50 m\u00e8tres sur son aile (59).<\/p>\n<p>RC Toulon 16 &#8211; 12 Castres<\/p>\n<p>Stade Mayol.<br \/>Mi-temps : 6-9.<br \/>Spectateurs\u00a0: 15 423.<br \/>Arbitre\u00a0: Benoit Rousselet. <br \/>Les points &#8211;\u00a0Toulon\u00a0: 1 essai Dr\u00e9an (59), 1 transformation Jaminet (59), 2 p\u00e9nalit\u00e9s Domon (13, 37), 1 drop Jaminet (68).<br \/>Castres\u00a0: 4 p\u00e9nalit\u00e9s Le Brun (5, 31, 33, 49).<\/p>\n","protected":false},"excerpt":{"rendered":"Pour son premier match de la saison \u00e0 domicile, Toulon a battu Castres ce samedi soir (16-12) lors&hellip;\n","protected":false},"author":2,"featured_media":388764,"comment_status":"","ping_status":"","sticky":false,"template":"","format":"standard","meta":{"footnotes":""},"categories":[9619],"tags":[17,1111,11,9697,1444,4284,1777,674,1011,27,12,882,25,479,4561,60,3030,2310],"class_list":{"0":"post-388763","1":"post","2":"type-post","3":"status-publish","4":"format-standard","5":"has-post-thumbnail","7":"category-toulon","8":"tag-17","9":"tag-actu","10":"tag-actualites","11":"tag-briller","12":"tag-contre","13":"tag-enchaine","14":"tag-eu","15":"tag-europe","16":"tag-fr","17":"tag-france","18":"tag-news","19":"tag-provence-alpes-cote-dazur","20":"tag-republique-francaise","21":"tag-rugby","22":"tag-sans","23":"tag-sports","24":"tag-top","25":"tag-toulon"},"share_on_mastodon":{"url":"https:\/\/pubeurope.com\/@fr\/115199111548698879","error":""},"_links":{"self":[{"href":"https:\/\/www.europesays.com\/fr\/wp-json\/wp\/v2\/posts\/388763","targetHints":{"allow":["GET"]}}],"collection":[{"href":"https:\/\/www.europesays.com\/fr\/wp-json\/wp\/v2\/posts"}],"about":[{"href":"https:\/\/www.europesays.com\/fr\/wp-json\/wp\/v2\/types\/post"}],"author":[{"embeddable":true,"href":"https:\/\/www.europesays.com\/fr\/wp-json\/wp\/v2\/users\/2"}],"replies":[{"embeddable":true,"href":"https:\/\/www.europesays.com\/fr\/wp-json\/wp\/v2\/comments?post=388763"}],"version-history":[{"count":0,"href":"https:\/\/www.europesays.com\/fr\/wp-json\/wp\/v2\/posts\/388763\/revisions"}],"wp:featuredmedia":[{"embeddable":true,"href":"https:\/\/www.europesays.com\/fr\/wp-json\/wp\/v2\/media\/388764"}],"wp:attachment":[{"href":"https:\/\/www.europesays.com\/fr\/wp-json\/wp\/v2\/media?parent=388763"}],"wp:term":[{"taxonomy":"category","embeddable":true,"href":"https:\/\/www.europesays.com\/fr\/wp-json\/wp\/v2\/categories?post=388763"},{"taxonomy":"post_tag","embeddable":true,"href":"https:\/\/www.europesays.com\/fr\/wp-json\/wp\/v2\/tags?post=388763"}],"curies":[{"name":"wp","href":"https:\/\/api.w.org\/{rel}","templated":true}]}}