{"id":38877,"date":"2025-04-20T12:31:08","date_gmt":"2025-04-20T12:31:08","guid":{"rendered":"https:\/\/www.europesays.com\/fr\/38877\/"},"modified":"2025-04-20T12:31:08","modified_gmt":"2025-04-20T12:31:08","slug":"vous-laissez-peut-etre-filer-1-085-e-sans-meme-le-savoir","status":"publish","type":"post","link":"https:\/\/www.europesays.com\/fr\/38877\/","title":{"rendered":"vous laissez peut-\u00eatre filer 1 085 \u20ac sans m\u00eame le savoir\u00a0!"},"content":{"rendered":"<p>La p\u00e9riode de d\u00e9claration des revenus <a href=\"https:\/\/www.presse-citron.net\/impots-2025-verifiez-les-dates-limites-avant-quil-ne-soit-trop-tard\/\" target=\"_blank\" rel=\"false noopener\">a d\u00e9sormais d\u00e9marr\u00e9<\/a> et 8,3 millions de foyers fiscaux fran\u00e7ais (soit 30,3\u00a0% du total) ont b\u00e9n\u00e9fici\u00e9 d\u2019un cr\u00e9dit d\u2019imp\u00f4t lors de la pr\u00e9c\u00e9dente session. La moyenne s\u2019\u00e9levait l\u2019an dernier \u00e0 1085 euros d\u2019apr\u00e8s le fisc, qui a partag\u00e9 ces chiffres relay\u00e9s par Moneyvox. En tout 9 milliards d\u2019euros ont \u00e9t\u00e9 attribu\u00e9s par ce biais. Voici donc les diff\u00e9rentes parties de votre d\u00e9claration \u00e0 remplir qui pourraient vous rapporter gros si vous \u00eates concern\u00e9.<\/p>\n<p> L\u2019emploi \u00e0 domicile <\/p>\n<p>Comme le d\u00e9taillent nos confr\u00e8res, c\u2019est la niche offerte pour l\u2019emploi d\u2019un salari\u00e9 \u00e0 domicile qui a \u00e9t\u00e9 la plus utilis\u00e9e l\u2019an dernier. Pas moins de 4,9 millions de foyers en ont b\u00e9n\u00e9fici\u00e9, et cette mesure a co\u00fbt\u00e9 environ 6 milliards d\u2019euros au budget de l\u2019\u00c9tat. Les m\u00e9nages ont r\u00e9cup\u00e9r\u00e9 en moyenne 1236 euros par ce biais.<\/p>\n<p>Rappelons qu\u2019elle permet d\u2019obtenir un remboursement de 50\u00a0% des d\u00e9penses dans des domaines tels que l\u2019assistance de personnages \u00e2g\u00e9s et handicap\u00e9es, de travaux de jardinage, ou encore de garde d\u2019enfants. Vous pouvez d\u00e9clarer 12\u00a0000 euros au maximum dans cette cat\u00e9gorie.<\/p>\n<p>Pour vos d\u00e9penses d\u2019emploi \u00e0 domicile, rendez-vous en case 7DB de la d\u00e9claration 2025. Les montants sont g\u00e9n\u00e9ralement d\u00e9j\u00e0 remplis gr\u00e2ce \u00e0 Cesu ou Pajemploi. Depuis 2023, vous devez pr\u00e9ciser le type de service rendu, et en 2025, il faudra aussi indiquer qui a r\u00e9alis\u00e9 la prestation (organisme, entreprise ou salari\u00e9). Pour une premi\u00e8re d\u00e9claration, pensez \u00e0 cocher la case 7DQ.<\/p>\n<p> Les cotisations syndicales <\/p>\n<p>Il s\u2019agit d\u2019un autre gros morceau des cr\u00e9dits d\u2019imp\u00f4t. Moneyvox pr\u00e9cise que cette niche a b\u00e9n\u00e9fici\u00e9 \u00e0 1,3\u00a0million de m\u00e9nages l\u2019ann\u00e9e derni\u00e8re, tandis que ces derniers ont r\u00e9cup\u00e9r\u00e9 140 millions d\u2019euros pour une moyenne de 114 euros par foyer.<\/p>\n<p>Concr\u00e8tement, vous allez r\u00e9cup\u00e9rer 66\u00a0% du montant de votre cotisation, tandis que la somme \u00ab\u00a0ne peut exc\u00e9der 1% du montant des traitements, salaires, avantages en nature ou en argent, pensions, rentes viag\u00e8res \u00e0 titre gratuit vers\u00e9s \u00e0 l\u2019adh\u00e9rent, diminu\u00e9 des cotisations sociales d\u00e9ductibles\u00a0\u00bb, selon le Fisc. En clair, si vous d\u00e9clarez 25\u00a0000 euros de salaire net imposable, et que vous payez 400 euros de cotisations, seulement 250 euros seront retenus, pr\u00e9cisent nos confr\u00e8res.<\/p>\n<p>Pour d\u00e9clarer vos cotisations syndicales, il faut compl\u00e9ter les cases 7AC ou 7AE. Toutefois, sachez que les contribuables salari\u00e9s qui ont choisi la d\u00e9duction de leurs frais r\u00e9els ne peuvent pas pr\u00e9tendre \u00e0 cet avantage.<\/p>\n<p>On esp\u00e8re que ces informations vous seront utiles. Pour compl\u00e9ter, n\u2019h\u00e9sitez pas <a href=\"https:\/\/www.presse-citron.net\/impots-2025-voici-7-changements-a-prendre-en-compte-pour-votre-declaration\/\" target=\"_blank\" rel=\"false noopener\">\u00e0 aller relire notre pr\u00e9c\u00e9dent article<\/a> o\u00f9 nous revenons que les nouveaut\u00e9s de cette d\u00e9claration des revenus.<\/p>\n<blockquote>\n<p class=\"text-base text-neutral-700 dark:text-neutral-300\">\ud83d\udccd Pour ne manquer aucune actualit\u00e9 de Presse-citron, suivez-nous sur <a href=\"https:\/\/news.google.com\/publications\/CAAqBggKMIPiNTC70wU?hl=fr&amp;gl=FR&amp;ceid=FR%3Afr\" target=\"_blank\" rel=\"noopener\">Google Actualit\u00e9s<\/a> et <a href=\"https:\/\/whatsapp.com\/channel\/0029VaCkGuz4NViitBXbEr0b\" target=\"_blank\" rel=\"noopener\">WhatsApp<\/a>.<\/p>\n<\/blockquote>\n","protected":false},"excerpt":{"rendered":"La p\u00e9riode de d\u00e9claration des revenus a d\u00e9sormais d\u00e9marr\u00e9 et 8,3 millions de foyers fiscaux fran\u00e7ais (soit 30,3\u00a0%&hellip;\n","protected":false},"author":2,"featured_media":38878,"comment_status":"","ping_status":"","sticky":false,"template":"","format":"standard","meta":{"footnotes":""},"categories":[6],"tags":[35,33,34,1011,27,342,1922],"class_list":{"0":"post-38877","1":"post","2":"type-post","3":"status-publish","4":"format-standard","5":"has-post-thumbnail","7":"category-economie","8":"tag-business","9":"tag-economie","10":"tag-economy","11":"tag-fr","12":"tag-france","13":"tag-impots","14":"tag-info"},"share_on_mastodon":{"url":"https:\/\/pubeurope.com\/@fr\/114370306743891387","error":""},"_links":{"self":[{"href":"https:\/\/www.europesays.com\/fr\/wp-json\/wp\/v2\/posts\/38877","targetHints":{"allow":["GET"]}}],"collection":[{"href":"https:\/\/www.europesays.com\/fr\/wp-json\/wp\/v2\/posts"}],"about":[{"href":"https:\/\/www.europesays.com\/fr\/wp-json\/wp\/v2\/types\/post"}],"author":[{"embeddable":true,"href":"https:\/\/www.europesays.com\/fr\/wp-json\/wp\/v2\/users\/2"}],"replies":[{"embeddable":true,"href":"https:\/\/www.europesays.com\/fr\/wp-json\/wp\/v2\/comments?post=38877"}],"version-history":[{"count":0,"href":"https:\/\/www.europesays.com\/fr\/wp-json\/wp\/v2\/posts\/38877\/revisions"}],"wp:featuredmedia":[{"embeddable":true,"href":"https:\/\/www.europesays.com\/fr\/wp-json\/wp\/v2\/media\/38878"}],"wp:attachment":[{"href":"https:\/\/www.europesays.com\/fr\/wp-json\/wp\/v2\/media?parent=38877"}],"wp:term":[{"taxonomy":"category","embeddable":true,"href":"https:\/\/www.europesays.com\/fr\/wp-json\/wp\/v2\/categories?post=38877"},{"taxonomy":"post_tag","embeddable":true,"href":"https:\/\/www.europesays.com\/fr\/wp-json\/wp\/v2\/tags?post=38877"}],"curies":[{"name":"wp","href":"https:\/\/api.w.org\/{rel}","templated":true}]}}