{"id":388777,"date":"2025-09-13T21:36:11","date_gmt":"2025-09-13T21:36:11","guid":{"rendered":"https:\/\/www.europesays.com\/fr\/388777\/"},"modified":"2025-09-13T21:36:11","modified_gmt":"2025-09-13T21:36:11","slug":"faustine-jouan-heroine-de-lals-plouagat-face-a-rennes-metropole","status":"publish","type":"post","link":"https:\/\/www.europesays.com\/fr\/388777\/","title":{"rendered":"Faustine Jouan, h\u00e9ro\u00efne de l\u2019ALS Plouagat face \u00e0 Rennes M\u00e9tropole"},"content":{"rendered":"<p>N2F. ALS Plouagat Rennes M\u00e9tropole 2 : 28-27<\/p>\n<p>La premi\u00e8re p\u00e9riode \u00e9tait compliqu\u00e9e pour les Plouagatines men\u00e9es rapidement de six buts sous l\u2019influence de Guillevic, en 6\/6 (5-11, 17&prime;). C\u2019est \u00e0 ce moment pr\u00e9cis que le coach local activait la m\u00e9thode \u00ab\u00a0escargot\u00a0\u00bb. \u00ab\u00a0On est revenu sur un repli\u00a0escargot autour de la zone en couvrant bien celle-ci.\u00a0\u00bb Une m\u00e9thode qui portait ses fruits car, dans le m\u00eame temps, Mathilde Geslin, la gardienne, serrait la vis dans sa cage. Plouagat remontait et passait m\u00eame devant \u00e0 la mi-temps.<\/p>\n<p>Le show Faustine Jouan<\/p>\n<p>Au retour des vestiaires, les deux formations se rendaient coup pour coup. Chaque offensive de l\u2019ALS Plouagat trouvait rapidement sa r\u00e9plique c\u00f4t\u00e9 rennais. Si un penalty arr\u00eat\u00e9 de Beucher, la rempla\u00e7ante locale, semblait \u00eatre un tournant puisque Plouagat creusait l\u2019\u00e9cart sur le contre, il n\u2019en \u00e9tait rien (22-20, 47&prime;). <\/p>\n<p>C\u2019est alors que, dans une chaude ambiance, Faustine Jouan enfilait son costume de h\u00e9ros et enflammait le public \u00e0 huit secondes du terme pour donner la victoire \u00e0 Plouagat sur la plus courte des marges (28-27), portant son total \u00e0 douze r\u00e9alisations. \u00ab\u00a0Les joueuses ont montr\u00e9 beaucoup de caract\u00e8re\u00a0\u00bb, estimait Beuzit.<\/p>\n<p class=\"titre-tech\">La fiche technique<\/p>\n<p class=\"tech\"><strong class=\"tech\">ALS PLOUAGAT\u00a0: <\/strong>Geslin (g) 9 arr\u00eats, Beucher (g) 1 arr\u00eat &#8211; Trehorel, Thoraval-Gronfier (1), Guezou (2), Mom (2), Leconte (4), Gonnidec (4), Leon (2), Jouan (12), Thomas, Epinette (1)<\/p>\n<p class=\"tech\"><strong class=\"tech\">RENNES M\u00c9TROPOLE\u00a0:<\/strong> Casamajou (g) 9 arr\u00eats &#8211; Duport, Baladie, Guillevic (10), Ait Mouhou (2), Dulong (1), Lebert, Baptiste-Geran, Coste (1), Neveu (1), Guilleux (1), Pennaneac\u2019h (6), Tessier (3), Benachou (2).<\/p>\n","protected":false},"excerpt":{"rendered":"N2F. ALS Plouagat Rennes M\u00e9tropole 2 : 28-27 La premi\u00e8re p\u00e9riode \u00e9tait compliqu\u00e9e pour les Plouagatines men\u00e9es rapidement&hellip;\n","protected":false},"author":2,"featured_media":388778,"comment_status":"","ping_status":"","sticky":false,"template":"","format":"standard","meta":{"footnotes":""},"categories":[2821],"tags":[1111,11,829,45437,1777,674,1011,27,1792,12,584,25,60],"class_list":{"0":"post-388777","1":"post","2":"type-post","3":"status-publish","4":"format-standard","5":"has-post-thumbnail","7":"category-rennes","8":"tag-actu","9":"tag-actualites","10":"tag-bretagne","11":"tag-chatelaudren-plouagat","12":"tag-eu","13":"tag-europe","14":"tag-fr","15":"tag-france","16":"tag-handball","17":"tag-news","18":"tag-rennes","19":"tag-republique-francaise","20":"tag-sports"},"share_on_mastodon":{"url":"https:\/\/pubeurope.com\/@fr\/115199147383390786","error":""},"_links":{"self":[{"href":"https:\/\/www.europesays.com\/fr\/wp-json\/wp\/v2\/posts\/388777","targetHints":{"allow":["GET"]}}],"collection":[{"href":"https:\/\/www.europesays.com\/fr\/wp-json\/wp\/v2\/posts"}],"about":[{"href":"https:\/\/www.europesays.com\/fr\/wp-json\/wp\/v2\/types\/post"}],"author":[{"embeddable":true,"href":"https:\/\/www.europesays.com\/fr\/wp-json\/wp\/v2\/users\/2"}],"replies":[{"embeddable":true,"href":"https:\/\/www.europesays.com\/fr\/wp-json\/wp\/v2\/comments?post=388777"}],"version-history":[{"count":0,"href":"https:\/\/www.europesays.com\/fr\/wp-json\/wp\/v2\/posts\/388777\/revisions"}],"wp:featuredmedia":[{"embeddable":true,"href":"https:\/\/www.europesays.com\/fr\/wp-json\/wp\/v2\/media\/388778"}],"wp:attachment":[{"href":"https:\/\/www.europesays.com\/fr\/wp-json\/wp\/v2\/media?parent=388777"}],"wp:term":[{"taxonomy":"category","embeddable":true,"href":"https:\/\/www.europesays.com\/fr\/wp-json\/wp\/v2\/categories?post=388777"},{"taxonomy":"post_tag","embeddable":true,"href":"https:\/\/www.europesays.com\/fr\/wp-json\/wp\/v2\/tags?post=388777"}],"curies":[{"name":"wp","href":"https:\/\/api.w.org\/{rel}","templated":true}]}}