{"id":388785,"date":"2025-09-13T21:41:16","date_gmt":"2025-09-13T21:41:16","guid":{"rendered":"https:\/\/www.europesays.com\/fr\/388785\/"},"modified":"2025-09-13T21:41:16","modified_gmt":"2025-09-13T21:41:16","slug":"en-amont-des-manifs-bloquons-tout-comment-fonctionnent-les-ag-citoyennes","status":"publish","type":"post","link":"https:\/\/www.europesays.com\/fr\/388785\/","title":{"rendered":"En amont des manifs \u00ab\u00a0Bloquons tout\u00a0\u00bb, comment fonctionnent les AG citoyennes\u00a0?"},"content":{"rendered":"<p>Le mouvement \u00ab\u00a0Bloquons-tout\u00a0\u00bb s\u2019organise sur les r\u00e9seaux sociaux, les boucles internet du type T\u00e9l\u00e9gram ou encore dans des comit\u00e9s locaux. Mais les assembl\u00e9es g\u00e9n\u00e9rales sont aussi un passage quasi oblig\u00e9. Une fa\u00e7on d\u2019\u00e9largir les cercles. Comment fonctionnent-elles\u00a0? Nous avons assist\u00e9 \u00e0 quelques-unes d\u2019entre elles, \u00e0 Nantes, \u00e0 Saint-Nazaire, \u00e0 Clisson, Ancenis.<\/p>\n<p>Ultra-gauche, citoyens lambda\u2026<\/p>\n<p>\u00c0 Nantes, elles se d\u00e9roulent en plein air dans des lieux publics, ouverts par nature \u00e0 tous. Mais les cam\u00e9ras ou les appareils photos ne sont pas les bienvenus.<\/p>\n<p>En th\u00e9orie, tous les citoyens peuvent y venir. \u00c9videmment, il vaut mieux partager certaines valeurs. <strong>\u00ab\u00a0Nous sommes le peuple\u00a0\u00bb,<\/strong> rappelle un tact.<strong> \u00ab\u00a0Les ultra-riches se gavent, les populations souffrent. La plan\u00e8te suffoque. Les puissants jouissent des guerres. Alors, qu\u2019attendons-nous pour tout changer\u00a0?\u00a0\u00bb<\/strong> L\u2019anticapitalisme, le soutien aux sans toit, aux plus faibles, sont aussi de puissants f\u00e9d\u00e9rateurs. Dans ces assembl\u00e9es, Il flotte comme un air de Nuit debout, de soul\u00e8vement de la Terre, ou de Gilets jaunes. Des citoyens lambda et pacifiques, parfois engag\u00e9s dans des associations, de tous \u00e2ges (beaucoup de jeunes mais aussi des cheveux gris), apportent leur pierre \u00e0 l\u2019\u00e9difice. Pour renverser la table.<\/p>\n<p>La participation\u00a0? Elle est tr\u00e8s variable. Plus d\u2019un millier de personnes mercredi \u00e0 Nantes, plusieurs centaines jeudi. De quelques dizaines \u00e0 quelques centaines dans les autres lieux, Saint-Nazaire, Blain, Clisson, Ch\u00e2teaubriant, Ancenis.<\/p>\n<p>Syndicats discrets<\/p>\n<p>Les syndicalistes sont souvent pr\u00e9sents, mais se font discrets, voire tr\u00e8s pr\u00e9cautionneux quand ils s\u2019expriment. Cela \u00e9tait particuli\u00e8rement visible \u00e0 Saint-Nazaire, o\u00f9 l\u2019AG se d\u00e9roulait dans une salle municipale, situ\u00e9e dans la maison des syndicats, un lieu controvers\u00e9 pour ce type d\u2019assembl\u00e9e citoyenne.<\/p>\n<p>Les autonomes, l\u2019ultra gauche, bien pr\u00e9sents, sont critiques vis-\u00e0-vis des\u00a0syndicats et leurs modes d\u2019actions jug\u00e9s <strong>\u00ab\u00a0trop plan-plan.\u00a0\u00bb<\/strong> Mais les premiers s\u2019appuient sur la puissance de rassemblement des seconds. Ils participeront donc, \u00e0 leur mani\u00e8re, jeudi 18\u00a0septembre d\u00e8s le matin, aux mobilisations mises sur pied par les organisations syndicales.<\/p>\n<p>Les prises de parole, les votes<\/p>\n<p>Chacun peut prendre le micro.\u00a0Mais certaines personnes, souvent des femmes (\u00e0 Nantes) tr\u00e8s pragmatiques, sont attentives au temps de parole. Quand on est d\u2019accord, on agite les mains ou on les l\u00e8ve pour les votes, en revanche les manifestations (applaudissements) trop bruyantes sont proscrites.<\/p>\n<p>L\u2019ennemi, les forces de l\u2019ordre<\/p>\n<p>Au-del\u00e0 des actions \u00e0 mener, les\u00a0strat\u00e9gies pour contrer les forces de l\u2019ordre reviennent inlassablement dans les discussions. Place Graslin, \u00e0 Nantes, jeudi soir, une feuille distribu\u00e9e portait ce message\u00a0: <strong>\u00ab\u00a0De la rue aux tribunaux, organisons-nous\u00a0\u00bb<\/strong>. Elle donnait des conseils <strong>\u00ab\u00a0face \u00e0 la r\u00e9pression\u00a0\u00bb,<\/strong> posant ces principes\u00a0:<strong> \u00ab\u00a0Pour nous, la police et la justice sont les principaux adversaires du mouvement social [\u2026]. Nous devons r\u00e9affirmer des pratiques collectives fortes. [\u2026] Les propager, c\u2019est participer \u00e0 la construction d\u2019un mouvement r\u00e9volutionnaire victorieux.\u00a0\u00bb<\/strong><\/p>\n<p>\u00a0<\/p>\n","protected":false},"excerpt":{"rendered":"Le mouvement \u00ab\u00a0Bloquons-tout\u00a0\u00bb s\u2019organise sur les r\u00e9seaux sociaux, les boucles internet du type T\u00e9l\u00e9gram ou encore dans des&hellip;\n","protected":false},"author":2,"featured_media":388786,"comment_status":"","ping_status":"","sticky":false,"template":"","format":"standard","meta":{"footnotes":""},"categories":[2818],"tags":[49970,1111,11,24492,52110,52112,1777,674,52111,1011,27,51474,766,12,2636,25],"class_list":{"0":"post-388785","1":"post","2":"type-post","3":"status-publish","4":"format-standard","5":"has-post-thumbnail","7":"category-nantes","8":"tag-bloquons","9":"tag-actu","10":"tag-actualites","11":"tag-ag","12":"tag-amont","13":"tag-citoyennes","14":"tag-eu","15":"tag-europe","16":"tag-fonctionnent","17":"tag-fr","18":"tag-france","19":"tag-manifs","20":"tag-nantes","21":"tag-news","22":"tag-pays-de-la-loire","23":"tag-republique-francaise"},"share_on_mastodon":{"url":"https:\/\/pubeurope.com\/@fr\/115199166564373217","error":""},"_links":{"self":[{"href":"https:\/\/www.europesays.com\/fr\/wp-json\/wp\/v2\/posts\/388785","targetHints":{"allow":["GET"]}}],"collection":[{"href":"https:\/\/www.europesays.com\/fr\/wp-json\/wp\/v2\/posts"}],"about":[{"href":"https:\/\/www.europesays.com\/fr\/wp-json\/wp\/v2\/types\/post"}],"author":[{"embeddable":true,"href":"https:\/\/www.europesays.com\/fr\/wp-json\/wp\/v2\/users\/2"}],"replies":[{"embeddable":true,"href":"https:\/\/www.europesays.com\/fr\/wp-json\/wp\/v2\/comments?post=388785"}],"version-history":[{"count":0,"href":"https:\/\/www.europesays.com\/fr\/wp-json\/wp\/v2\/posts\/388785\/revisions"}],"wp:featuredmedia":[{"embeddable":true,"href":"https:\/\/www.europesays.com\/fr\/wp-json\/wp\/v2\/media\/388786"}],"wp:attachment":[{"href":"https:\/\/www.europesays.com\/fr\/wp-json\/wp\/v2\/media?parent=388785"}],"wp:term":[{"taxonomy":"category","embeddable":true,"href":"https:\/\/www.europesays.com\/fr\/wp-json\/wp\/v2\/categories?post=388785"},{"taxonomy":"post_tag","embeddable":true,"href":"https:\/\/www.europesays.com\/fr\/wp-json\/wp\/v2\/tags?post=388785"}],"curies":[{"name":"wp","href":"https:\/\/api.w.org\/{rel}","templated":true}]}}