{"id":388799,"date":"2025-09-13T21:50:19","date_gmt":"2025-09-13T21:50:19","guid":{"rendered":"https:\/\/www.europesays.com\/fr\/388799\/"},"modified":"2025-09-13T21:50:19","modified_gmt":"2025-09-13T21:50:19","slug":"martine-vassal-candidate-de-la-droite-et-du-centre-veut-reprendre-marseille-2","status":"publish","type":"post","link":"https:\/\/www.europesays.com\/fr\/388799\/","title":{"rendered":"Martine Vassal, candidate de la droite et du centre, veut \u00ab\u00a0reprendre\u00a0\u00bb Marseille"},"content":{"rendered":"<p>Deuxi\u00e8me candidate \u00e0 se lancer apr\u00e8s le d\u00e9put\u00e9 du Rassemblement national Franck Allisio, Martine Vassal retente sa chance apr\u00e8s sa cuisante d\u00e9faite de 2020 et le basculement \u00e0 gauche de la deuxi\u00e8me ville de France, apr\u00e8s 25 ans de r\u00e8gne du LR Jean-Claude Gaudin, aujourd&rsquo;hui d\u00e9c\u00e9d\u00e9. <\/p>\n<p>Mais cette fois, c&rsquo;est diff\u00e9rent.<\/p>\n<p>A l&rsquo;\u00e9poque, \u00ab\u00a0il nous manquait un ph\u00e9nom\u00e8ne f\u00e9d\u00e9rateur\u00a0\u00bb mais \u00ab\u00a0cette union, aujourd\u2019hui, nous l\u2019avons\u00a0\u00bb, a d\u00e9clar\u00e9 celle qui est d\u00e9j\u00e0 pr\u00e9sidente du Conseil d\u00e9partemental des Bouches-du-Rh\u00f4ne et de la m\u00e9tropole Aix-Marseille-Provence, en cl\u00f4ture des universit\u00e9s d&rsquo;\u00e9t\u00e9 de Une G\u00e9n\u00e9ration pour Marseille.<\/p>\n<p>Symbole s&rsquo;il en fallait de cette union travaill\u00e9e depuis plus d&rsquo;un an par ce collectif pilot\u00e9 par Romain Simmarano, directeur de cabinet de Renaud Muselier: les pr\u00e9sences de l&rsquo;ex-secr\u00e9taire d\u2019Etat et proche du couple Macron Sabrina Agresti-Roubache et de la s\u00e9natrice Les R\u00e9publicains des Bouches-du-Rh\u00f4ne Val\u00e9rie Boyer.<\/p>\n<p><img alt=\"Le pr\u00e9sident de la r\u00e9gion Provence-Alpes-C\u00f4te d'Azur, Renaud Muselier, \u00e0 Saint-R\u00e9my-de-Provence, le 13 juin 2025\" loading=\"lazy\" decoding=\"async\" data-nimg=\"fill\" class=\" TwicCore_img__i9TC1 undefined  undefined\" style=\"position:absolute;height:100%;width:100%;left:0;top:0;right:0;bottom:0;color:transparent;background-size:cover;background-position:50% 50%;background-repeat:no-repeat;background-image:url(&quot;data:image\/svg+xml;charset=utf-8,%3Csvg xmlns='http:\/\/www.w3.org\/2000\/svg' %3E%3Cfilter id='b' color-interpolation-filters='sRGB'%3E%3CfeGaussianBlur stdDeviation='20'\/%3E%3CfeColorMatrix values='1 0 0 0 0 0 1 0 0 0 0 0 1 0 0 0 0 0 100 -1' result='s'\/%3E%3CfeFlood x='0' y='0' width='100%25' height='100%25'\/%3E%3CfeComposite operator='out' in='s'\/%3E%3CfeComposite in2='SourceGraphic'\/%3E%3CfeGaussianBlur stdDeviation='20'\/%3E%3C\/filter%3E%3Cimage width='100%25' height='100%25' x='0' y='0' preserveAspectRatio='none' style='filter: url(%23b);' href='https:\/\/pictures.laprovence.com\/cdn-cgi\/image\/blur=250\/media\/afp\/2f16c0ea52b3b38d1e8e793104f966743a14951f.jpg'\/%3E%3C\/svg%3E&quot;)\"   src=\"https:\/\/www.europesays.com\/fr\/wp-content\/uploads\/2025\/09\/1757800218_561_2f16c0ea52b3b38d1e8e793104f966743a14951f.jpg\"\/>Le pr\u00e9sident de la r\u00e9gion Provence-Alpes-C\u00f4te d&rsquo;Azur, Renaud Muselier, \u00e0 Saint-R\u00e9my-de-Provence, le 13 juin 2025 PHOTO AFP \/ GABRIEL BOUYS<\/p>\n<p>\u00ab\u00a0On ne peut gagner que si on additionne\u00a0\u00bb, avait lanc\u00e9 \u00e0 la tribune juste avant le pr\u00e9sident Renaissance Renaud Muselier de la r\u00e9gion Provence-Alpes-C\u00f4te d&rsquo;Azur qui a promis de \u00ab\u00a0peser de tout son poids\u00a0\u00bb pour la faire gagner en mars 2026.<\/p>\n<p>Dessinant d\u00e9j\u00e0 ses propositions, cette ex-cheffe d&rsquo;entreprise \u00e2g\u00e9e de 63 ans a fait de la s\u00e9curit\u00e9 et de l&rsquo;\u00e9conomie ses priorit\u00e9s. Dans un discours tr\u00e8s droitier, cette ex-LR qui se pr\u00e9sente d\u00e9sormais comme divers droite a estim\u00e9 qu'\u00a0\u00bbon peut \u00eatre attach\u00e9 \u00e0 l&rsquo;ordre, au respect \u00e0 l&rsquo;autorit\u00e9 sans \u00eatre d&rsquo;extr\u00eame-droite\u00a0\u00bb.<\/p>\n<p>Marseille sera un point chaud des municipales o\u00f9 le maire divers gauche sortant Beno\u00eet Payan n&rsquo;a pas encore annonc\u00e9 ses intentions m\u00eame s&rsquo;il r\u00e9p\u00e8te que \u00ab\u00a0pour changer une ville, six ans, \u00e7a ne suffit pas\u00a0\u00bb. <\/p>\n<p>&#8211; \u00ab\u00a0campagnes de caniveau\u00a0\u00bb &#8211;<\/p>\n<p><img alt=\"Le maire de Marseille, Beno\u00eet Payan, arrive \u00e0 l'\u00c9lys\u00e9e \u00e0 Paris le 4 juillet 2023\" loading=\"lazy\" decoding=\"async\" data-nimg=\"fill\" class=\" TwicCore_img__i9TC1 undefined  undefined\" style=\"position:absolute;height:100%;width:100%;left:0;top:0;right:0;bottom:0;color:transparent;background-size:cover;background-position:50% 50%;background-repeat:no-repeat;background-image:url(&quot;data:image\/svg+xml;charset=utf-8,%3Csvg xmlns='http:\/\/www.w3.org\/2000\/svg' %3E%3Cfilter id='b' color-interpolation-filters='sRGB'%3E%3CfeGaussianBlur stdDeviation='20'\/%3E%3CfeColorMatrix values='1 0 0 0 0 0 1 0 0 0 0 0 1 0 0 0 0 0 100 -1' result='s'\/%3E%3CfeFlood x='0' y='0' width='100%25' height='100%25'\/%3E%3CfeComposite operator='out' in='s'\/%3E%3CfeComposite in2='SourceGraphic'\/%3E%3CfeGaussianBlur stdDeviation='20'\/%3E%3C\/filter%3E%3Cimage width='100%25' height='100%25' x='0' y='0' preserveAspectRatio='none' style='filter: url(%23b);' href='https:\/\/pictures.laprovence.com\/cdn-cgi\/image\/blur=250\/media\/afp\/5b5032cd677b8cc57106290ffa5ec88392fbce16.jpg'\/%3E%3C\/svg%3E&quot;)\"   src=\"https:\/\/www.europesays.com\/fr\/wp-content\/uploads\/2025\/09\/1757800219_154_5b5032cd677b8cc57106290ffa5ec88392fbce16.jpg\"\/>Le maire de Marseille, Beno\u00eet Payan, arrive \u00e0 l&rsquo;\u00c9lys\u00e9e \u00e0 Paris le 4 juillet 2023 PHOTO AFP \/ Ludovic MARIN<\/p>\n<p>Au micro samedi soir, tous ont raill\u00e9 le \u00ab\u00a0maire non \u00e9lu\u00a0\u00bb. Une r\u00e9f\u00e9rence \u00e0 l&rsquo;\u00e9cologiste Mich\u00e8le Rubirola, porte drapeau de l&rsquo;union de gauche, \u00e9cologiste et citoyenne du Printemps Marseillais, qui avait \u00e9t\u00e9 \u00e9lue en 2020 mais avait jet\u00e9 l&rsquo;\u00e9ponge six mois plus tard pour \u00ab\u00a0raisons de sant\u00e9\u00a0\u00bb, passant le relais \u00e0 l&rsquo;ex-socialiste Beno\u00eet Payan.<\/p>\n<p>Et si Martine Vassal a r\u00e9ussi \u00e0 f\u00e9d\u00e9rer, ce n&rsquo;est pas le cas \u00e0 ce stade des autres camps.<\/p>\n<p>Beno\u00eet Payan, s&rsquo;il part, r\u00e9ussira-t-il \u00e0 refaire une union au moins avec les \u00e9cologistes ? A ce stade une alliance avec La France insoumise semble exclue et d\u00e9put\u00e9 de Marseille S\u00e9bastien Delogu a d&rsquo;ailleurs d\u00e9j\u00e0 promis \u00ab\u00a0une liste insoumise \u00e0 Marseille\u00a0\u00bb.<\/p>\n<p>S\u00e9bastien Barles, adjoint \u00e9cologiste au maire, a de son c\u00f4t\u00e9 samedi de nouveau appel\u00e9 \u00e0 une union allant jusqu&rsquo;\u00e0 LFI pour \u00ab\u00a0faire barrage \u00e0 Martine Vassal\u00a0\u00bb, d\u00e9non\u00e7ant \u00ab\u00a0sa course folle vers le RN\u00a0\u00bb.<\/p>\n<p>A l&rsquo;extr\u00eame-droite, Franck Allisio s&rsquo;est d\u00e9j\u00e0 d\u00e9clar\u00e9, fort des trois d\u00e9put\u00e9s obtenus avec l&rsquo;alliance RN-Ciotti (sur sept) \u00e0 Marseille aux derni\u00e8res l\u00e9gislatives et de ses 30% aux \u00e9lections europ\u00e9ennes. Mais pas question \u00e0 ce stade d&rsquo;un partenariat avec le s\u00e9nateur ex-RN et ex-Reconqu\u00eate St\u00e9phane Ravier, qui a pourtant une notori\u00e9t\u00e9 locale plus importante que lui.<\/p>\n<p>Franck Allisio a jur\u00e9 vendredi que \u00ab\u00a0beaucoup de personnes de la soci\u00e9t\u00e9 civile\u00a0\u00bb, \u00ab\u00a0de la police, justice\u00a0\u00bb, le rejoignaient, d\u00e9non\u00e7ant une nouvelle fois le \u00ab\u00a0bin\u00f4me socialo-macroniste\u00a0\u00bb Payan\/Vassal qui dirigent selon lui Marseille.<\/p>\n<p>Outre ses adversaires, Martine Vassal a au moins deux cailloux sur son chemin vers l&rsquo;H\u00f4tel de ville du Vieux-Port. D&rsquo;abord, une enqu\u00eate pr\u00e9liminaire en cours notamment pour d\u00e9tournement de fonds et trafic d&rsquo;influence apr\u00e8s un signalement d&rsquo;un ancien fonctionnaire au sein du d\u00e9partement des Bouches-du-Rh\u00f4ne qu\u2019elle dirige. <\/p>\n<p>\u00ab\u00a0Dans cette campagne rien ne nous sera \u00e9pargn\u00e9\u00a0\u00bb et \u00ab\u00a0on est d\u00e9j\u00e0 victime de campagnes de caniveau\u00a0\u00bb, a-t-elle raill\u00e9 samedi soir. <\/p>\n<p>Ensuite, un \u00e9lu d\u00e9partemental de sa majorit\u00e9, le chirurgien Fr\u00e9d\u00e9ric Collart, travaille \u00e0 une candidature estampill\u00e9e soci\u00e9t\u00e9 civile.<\/p>\n<p>Autre inconnue \u00e0 Marseille, comme \u00e0 Lyon ou Paris: un changement de mode de scrutin avec la mise en place de deux urnes, l&rsquo;une pour \u00e9lire les membres du Conseil de la mairie centrale et l&rsquo;autre pour \u00e9lire les maires de secteur.<\/p>\n","protected":false},"excerpt":{"rendered":"Deuxi\u00e8me candidate \u00e0 se lancer apr\u00e8s le d\u00e9put\u00e9 du Rassemblement national Franck Allisio, Martine Vassal retente sa chance&hellip;\n","protected":false},"author":2,"featured_media":388800,"comment_status":"","ping_status":"","sticky":false,"template":"","format":"standard","meta":{"footnotes":""},"categories":[2814],"tags":[17,1111,11,5108,3335,6592,1777,674,1011,27,329,884,10203,12,882,2860,25,14243,9870],"class_list":{"0":"post-388799","1":"post","2":"type-post","3":"status-publish","4":"format-standard","5":"has-post-thumbnail","7":"category-marseille","8":"tag-17","9":"tag-actu","10":"tag-actualites","11":"tag-candidate","12":"tag-centre","13":"tag-droite","14":"tag-eu","15":"tag-europe","16":"tag-fr","17":"tag-france","18":"tag-france-monde","19":"tag-marseille","20":"tag-martine","21":"tag-news","22":"tag-provence-alpes-cote-dazur","23":"tag-reprendre","24":"tag-republique-francaise","25":"tag-vassal","26":"tag-veut"},"share_on_mastodon":{"url":"https:\/\/pubeurope.com\/@fr\/115199202443088126","error":""},"_links":{"self":[{"href":"https:\/\/www.europesays.com\/fr\/wp-json\/wp\/v2\/posts\/388799","targetHints":{"allow":["GET"]}}],"collection":[{"href":"https:\/\/www.europesays.com\/fr\/wp-json\/wp\/v2\/posts"}],"about":[{"href":"https:\/\/www.europesays.com\/fr\/wp-json\/wp\/v2\/types\/post"}],"author":[{"embeddable":true,"href":"https:\/\/www.europesays.com\/fr\/wp-json\/wp\/v2\/users\/2"}],"replies":[{"embeddable":true,"href":"https:\/\/www.europesays.com\/fr\/wp-json\/wp\/v2\/comments?post=388799"}],"version-history":[{"count":0,"href":"https:\/\/www.europesays.com\/fr\/wp-json\/wp\/v2\/posts\/388799\/revisions"}],"wp:featuredmedia":[{"embeddable":true,"href":"https:\/\/www.europesays.com\/fr\/wp-json\/wp\/v2\/media\/388800"}],"wp:attachment":[{"href":"https:\/\/www.europesays.com\/fr\/wp-json\/wp\/v2\/media?parent=388799"}],"wp:term":[{"taxonomy":"category","embeddable":true,"href":"https:\/\/www.europesays.com\/fr\/wp-json\/wp\/v2\/categories?post=388799"},{"taxonomy":"post_tag","embeddable":true,"href":"https:\/\/www.europesays.com\/fr\/wp-json\/wp\/v2\/tags?post=388799"}],"curies":[{"name":"wp","href":"https:\/\/api.w.org\/{rel}","templated":true}]}}