{"id":388801,"date":"2025-09-13T21:51:20","date_gmt":"2025-09-13T21:51:20","guid":{"rendered":"https:\/\/www.europesays.com\/fr\/388801\/"},"modified":"2025-09-13T21:51:20","modified_gmt":"2025-09-13T21:51:20","slug":"bourbon-lancy-malgre-son-illettrisme-stephane-saintus-est-alle-au-bout-de-ses-reves","status":"publish","type":"post","link":"https:\/\/www.europesays.com\/fr\/388801\/","title":{"rendered":"Bourbon-Lancy. Malgr\u00e9 son illettrisme, St\u00e9phane Saintus est all\u00e9 \u00ab\u00a0au bout de ses r\u00eaves\u00a0\u00bb"},"content":{"rendered":"<p class=\"insetTitle\">Cyril Georges\u00a0: \u00ab\u00a0L\u2019illettrisme n\u2019est pas tabou\u00a0\u00bb<\/p>\n<p>\u00ab\u00a0L\u2019Agence de lutte contre l\u2019illettrisme est un groupement d\u2019int\u00e9r\u00eat public qui f\u00e9d\u00e8re un nombre d\u2019acteurs publics et priv\u00e9s\u00a0: services de l\u2019\u00c9tat, collectivit\u00e9s, conseil r\u00e9gional, conseil d\u00e9partemental\u2026 On a aussi le monde l\u2019entreprise, les op\u00e9rateurs de comp\u00e9tence. Un peu plus d\u2019une personne sur deux (55\u00a0%) a des difficult\u00e9s avec les comp\u00e9tences de base, est en situation d\u2019illettrisme, est en emploi. La question des salari\u00e9s est un sujet. Et puis, on a aussi les acteurs de l\u2019insertion, de l\u2019emploi, par exemple France travail, de la formation\u2026 Nous sommes seulement 35 \u00e0 intervenir dans la France enti\u00e8re, en comptant l\u2019outre-mer. Notre travail c\u2019est trois missions. On vient mesurer chaque ann\u00e9e avec l\u2019Insee les statistiques nationales. La deuxi\u00e8me est de coordonner tous les acteurs, de les mettre en dynamique. Ici, \u00e7a fonctionne tr\u00e8s bien avec la Mission locale du Charolais. La troisi\u00e8me est d\u2019outiller tous les acteurs. L\u2019illettrisme n\u2019est pas tabou. Nous le rendons visible, il faut en parler. Telle la diffusion r\u00e9cente du documentaire sur France 2 \u201cJe n\u2019ai pas les mots\u201d comportant sept t\u00e9moignages. Aujourd\u2019hui, c\u2019est une vraie chance d\u2019avoir celui de St\u00e9phane.\u00a0\u00bb<\/p>\n","protected":false},"excerpt":{"rendered":"Cyril Georges\u00a0: \u00ab\u00a0L\u2019illettrisme n\u2019est pas tabou\u00a0\u00bb \u00ab\u00a0L\u2019Agence de lutte contre l\u2019illettrisme est un groupement d\u2019int\u00e9r\u00eat public qui f\u00e9d\u00e8re&hellip;\n","protected":false},"author":2,"featured_media":388802,"comment_status":"","ping_status":"","sticky":false,"template":"","format":"standard","meta":{"footnotes":""},"categories":[1889],"tags":[1111,11,2430,3893,3894,3895,1777,674,107,1011,27,2428,12,25,801],"class_list":{"0":"post-388801","1":"post","2":"type-post","3":"status-publish","4":"format-standard","5":"has-post-thumbnail","7":"category-lyon","8":"tag-actu","9":"tag-actualites","10":"tag-auvergne-rhone-alpes","11":"tag-bourbon-lancy","12":"tag-bourbon-lancy-bassin","13":"tag-edition-charolais-brionnais","14":"tag-eu","15":"tag-europe","16":"tag-fil-info","17":"tag-fr","18":"tag-france","19":"tag-lyon","20":"tag-news","21":"tag-republique-francaise","22":"tag-social"},"share_on_mastodon":{"url":"https:\/\/pubeurope.com\/@fr\/115199205947142590","error":""},"_links":{"self":[{"href":"https:\/\/www.europesays.com\/fr\/wp-json\/wp\/v2\/posts\/388801","targetHints":{"allow":["GET"]}}],"collection":[{"href":"https:\/\/www.europesays.com\/fr\/wp-json\/wp\/v2\/posts"}],"about":[{"href":"https:\/\/www.europesays.com\/fr\/wp-json\/wp\/v2\/types\/post"}],"author":[{"embeddable":true,"href":"https:\/\/www.europesays.com\/fr\/wp-json\/wp\/v2\/users\/2"}],"replies":[{"embeddable":true,"href":"https:\/\/www.europesays.com\/fr\/wp-json\/wp\/v2\/comments?post=388801"}],"version-history":[{"count":0,"href":"https:\/\/www.europesays.com\/fr\/wp-json\/wp\/v2\/posts\/388801\/revisions"}],"wp:featuredmedia":[{"embeddable":true,"href":"https:\/\/www.europesays.com\/fr\/wp-json\/wp\/v2\/media\/388802"}],"wp:attachment":[{"href":"https:\/\/www.europesays.com\/fr\/wp-json\/wp\/v2\/media?parent=388801"}],"wp:term":[{"taxonomy":"category","embeddable":true,"href":"https:\/\/www.europesays.com\/fr\/wp-json\/wp\/v2\/categories?post=388801"},{"taxonomy":"post_tag","embeddable":true,"href":"https:\/\/www.europesays.com\/fr\/wp-json\/wp\/v2\/tags?post=388801"}],"curies":[{"name":"wp","href":"https:\/\/api.w.org\/{rel}","templated":true}]}}