{"id":38881,"date":"2025-04-20T12:33:11","date_gmt":"2025-04-20T12:33:11","guid":{"rendered":"https:\/\/www.europesays.com\/fr\/38881\/"},"modified":"2025-04-20T12:33:11","modified_gmt":"2025-04-20T12:33:11","slug":"penurie-denseignants-cest-officiel-il-ne-faut-desormais-plus-quun-bac-3-pour-devenir-professeur-des-ecoles","status":"publish","type":"post","link":"https:\/\/www.europesays.com\/fr\/38881\/","title":{"rendered":"P\u00e9nurie d\u2019enseignants\u00a0: c\u2019est officiel, il ne faut d\u00e9sormais plus qu\u2019un bac\u00a0+\u00a03 pour devenir professeur des \u00e9coles"},"content":{"rendered":"<p>\u00c0 partir du printemps 2026, il sera possible de pr\u00e9senter le concours de recrutement de professeurs des \u00e9coles (CRPE), dans le premier comme le second degr\u00e9, avec une licence (bac + 3), et non plus un master (bac + 5), comme c\u2019\u00e9tait le cas jusqu\u2019ici. <a href=\"https:\/\/www.legifrance.gouv.fr\/jorf\/jo\/2025\/04\/19\/0094\" target=\"_blank\" rel=\"noopener\">Un d\u00e9cret paru au Journal officiel<\/a>, samedi 19 avril 2025, officialise cette \u00e9volution.<\/p>\n<p>Cette mesure fait partie d\u2019une <a href=\"https:\/\/www.letelegramme.fr\/education\/voici-ce-qui-change-pour-la-formation-des-enseignants-a-partir-de-la-rentree-2025-6787269.php\" target=\"_blank\" rel=\"noopener\">r\u00e9forme plus large de la formation initiale des enseignants<\/a>, qui avait \u00e9t\u00e9 pr\u00e9sent\u00e9e fin mars par le Premier ministre, Fran\u00e7ois Bayrou, et la ministre de l\u2019\u00c9ducation, Elisabeth Borne.<\/p>\n<p>R\u00e9pondre aux difficult\u00e9s de recrutement<\/p>\n<p>Les deux concours (en fin de M2 et fin de L3) coexisteront dans un premier temps aux printemps 2026 et 2027, avant la disparition du concours en fin de M2 en 2028.<\/p>\n<p>Actuellement, pour enseigner dans le premier degr\u00e9, le concours est accessible apr\u00e8s un master, avant d\u2019\u00eatre stagiaire pendant un an puis titulaire. Dans le second degr\u00e9, il faut obtenir le concours du Capes (Certificat d\u2019aptitude au professorat de l\u2019enseignement du second degr\u00e9) ou l\u2019agr\u00e9gation, apr\u00e8s un master aussi.<\/p>\n<p>La r\u00e9forme, qui vise \u00e0 endiguer la crise d\u2019attractivit\u00e9 de la profession, <a href=\"https:\/\/www.letelegramme.fr\/france\/concours-enseignants-3-185-postes-non-pourvus-cette-annee-6622541.php\" target=\"_blank\" rel=\"noopener\">qui peine de plus en plus \u00e0 recruter<\/a>, co\u00fbtera environ 26 millions d\u2019euros suppl\u00e9mentaires en 2026, 294 millions en 2027 et environ 500 millions par an \u00e0 partir de 2028.<\/p>\n","protected":false},"excerpt":{"rendered":"\u00c0 partir du printemps 2026, il sera possible de pr\u00e9senter le concours de recrutement de professeurs des \u00e9coles&hellip;\n","protected":false},"author":2,"featured_media":38882,"comment_status":"","ping_status":"","sticky":false,"template":"","format":"standard","meta":{"footnotes":""},"categories":[4],"tags":[11,1057,765,9614,1011,27,12,25],"class_list":{"0":"post-38881","1":"post","2":"type-post","3":"status-publish","4":"format-standard","5":"has-post-thumbnail","7":"category-france","8":"tag-actualites","9":"tag-education","10":"tag-en-continu","11":"tag-enseignement","12":"tag-fr","13":"tag-france","14":"tag-news","15":"tag-republique-francaise"},"share_on_mastodon":{"url":"https:\/\/pubeurope.com\/@fr\/114370314477008534","error":""},"_links":{"self":[{"href":"https:\/\/www.europesays.com\/fr\/wp-json\/wp\/v2\/posts\/38881","targetHints":{"allow":["GET"]}}],"collection":[{"href":"https:\/\/www.europesays.com\/fr\/wp-json\/wp\/v2\/posts"}],"about":[{"href":"https:\/\/www.europesays.com\/fr\/wp-json\/wp\/v2\/types\/post"}],"author":[{"embeddable":true,"href":"https:\/\/www.europesays.com\/fr\/wp-json\/wp\/v2\/users\/2"}],"replies":[{"embeddable":true,"href":"https:\/\/www.europesays.com\/fr\/wp-json\/wp\/v2\/comments?post=38881"}],"version-history":[{"count":0,"href":"https:\/\/www.europesays.com\/fr\/wp-json\/wp\/v2\/posts\/38881\/revisions"}],"wp:featuredmedia":[{"embeddable":true,"href":"https:\/\/www.europesays.com\/fr\/wp-json\/wp\/v2\/media\/38882"}],"wp:attachment":[{"href":"https:\/\/www.europesays.com\/fr\/wp-json\/wp\/v2\/media?parent=38881"}],"wp:term":[{"taxonomy":"category","embeddable":true,"href":"https:\/\/www.europesays.com\/fr\/wp-json\/wp\/v2\/categories?post=38881"},{"taxonomy":"post_tag","embeddable":true,"href":"https:\/\/www.europesays.com\/fr\/wp-json\/wp\/v2\/tags?post=38881"}],"curies":[{"name":"wp","href":"https:\/\/api.w.org\/{rel}","templated":true}]}}