{"id":388813,"date":"2025-09-13T21:58:24","date_gmt":"2025-09-13T21:58:24","guid":{"rendered":"https:\/\/www.europesays.com\/fr\/388813\/"},"modified":"2025-09-13T21:58:24","modified_gmt":"2025-09-13T21:58:24","slug":"rachida-dati-et-michel-barnier-lapres-midi-de-reconciliation-lors-dun-forum-a-paris-2","status":"publish","type":"post","link":"https:\/\/www.europesays.com\/fr\/388813\/","title":{"rendered":"Rachida Dati et Michel Barnier, l\u2019apr\u00e8s-midi de r\u00e9conciliation lors d\u2019un forum \u00e0 Paris"},"content":{"rendered":"<p>        <img decoding=\"async\" loading=\"lazy\" src=\"https:\/\/www.europesays.com\/fr\/wp-content\/uploads\/2025\/09\/fcc0ce6_upload-1-39vcaiansdra-afp-20241008-36jm7u8-v1-highres-francepoliticsgovernmentparliament.jpg\"  width=\"728\" height=\"409\" alt=\"Michel Barnier (\u00e0 gauche) et Rachida Dati (\u00e0 droite) \u00e0 l\u2019Assembl\u00e9e nationale, \u00e0 Paris, le 8\u00a0octobre 2024.\"\/>  <\/p>\n<p>THOMAS SAMSON \/ AFP<\/p>\n<p>Michel Barnier (\u00e0 gauche) et Rachida Dati (\u00e0 droite) \u00e0 l\u2019Assembl\u00e9e nationale, \u00e0 Paris, le 8\u00a0octobre 2024.<\/p>\n<p class=\"asset asset-text\">POLITIQUE &#8211; La hache de guerre semble d\u00e9finitivement enterr\u00e9e chez LR entre Rachida Dati et <a href=\"https:\/\/www.huffingtonpost.fr\/politique\/article\/sebastien-lecornu-peut-il-reussir-la-ou-francois-bayrou-et-michel-barnier-ont-echoue_254629.html\" target=\"_blank\" rel=\"noopener\" title=\"Nouvelle fen\u00eatre\">Michel Barnier<\/a>. Selon <a href=\"https:\/\/www.leparisien.fr\/elections\/legislatives\/legislative-partielle-michel-barnier-et-rachida-dati-ensemble-sur-le-terrain-a-paris-13-09-2025-S263Y4TP4RHSHAVLTTWZ56L7CA.php?at_variant=link&amp;at_creation=Le%20Parisien&amp;at_campaign=Partage%20Twitter%20CM&amp;at_medium=Social%20media\" target=\"_blank\" rel=\"noopener\" title=\"Nouvelle fen\u00eatre\">des informations initiales du Parisien ce samedi 13\u00a0septembre<\/a>, la ministre d\u00e9missionnaire de la Culture\u00a0s\u2019est rendue dans l\u2019apr\u00e8s-midi au forum des associations du VIIe arrondissement de Paris, dont elle est maire, en compagnie de\u00a0Michel Barnier.<\/p>\n<p class=\"asset asset-text\"><a href=\"https:\/\/www.huffingtonpost.fr\/politique\/article\/municipales-2026-qui-sont-les-candidats-prets-a-succeder-a-anne-hidalgo-a-paris_254151.html\" target=\"_blank\" rel=\"noopener\">La candidate \u00e0 l\u2019H\u00f4tel de Ville<\/a> et le candidat \u00e0 la l\u00e9gislative partielle dans la 2e circonscription de Paris ont pass\u00e9 pr\u00e8s de trois heures ensemble lors de cet \u00e9v\u00e9nement.<\/p>\n<p class=\"asset asset-text\">En d\u00e9but de soir\u00e9e, Rachida Dati et Michel Barnier ont ensuite partag\u00e9 des photos de leur apr\u00e8s-midi commune sur leurs r\u00e9seaux sociaux. \u00ab\u00a0Aux c\u00f4t\u00e9s de Michel Barnier au forum des associations de Paris 7\u00a0aujourd\u2019hui\u00a0\u00bb, a \u00e9crit la ministre d\u00e9missionnaire sur X.<\/p>\n<p class=\"asset asset-text\">\u00ab\u00a0Heureux d\u2019avoir partag\u00e9 cet apr\u00e8s-midi, aux c\u00f4t\u00e9s de Rachida Dati, un beau moment de rencontres avec les habitantes et habitants du 7e arrondissement lors du forum des associations\u00a0\u00bb, a lui partag\u00e9 l\u2019ancien Premier ministre sur le m\u00eame r\u00e9seau social.<\/p>\n<p> La lecture de ce contenu est susceptible d\u2019entra\u00eener un d\u00e9p\u00f4t de cookies de la part de l\u2019op\u00e9rateur tiers qui l\u2019h\u00e9berge. Compte-tenu des choix que vous avez exprim\u00e9s en mati\u00e8re de d\u00e9p\u00f4t de cookies, nous avons bloqu\u00e9 l\u2019affichage de ce contenu. Si vous souhaitez y acc\u00e9der, vous devez accepter la cat\u00e9gorie de cookies \u201cContenus tiers\u201d en cliquant sur le bouton ci-dessous. <\/p>\n<p> Lire la Vid\u00e9o           <\/p>\n<p> La lecture de ce contenu est susceptible d\u2019entra\u00eener un d\u00e9p\u00f4t de cookies de la part de l\u2019op\u00e9rateur tiers qui l\u2019h\u00e9berge. Compte-tenu des choix que vous avez exprim\u00e9s en mati\u00e8re de d\u00e9p\u00f4t de cookies, nous avons bloqu\u00e9 l\u2019affichage de ce contenu. Si vous souhaitez y acc\u00e9der, vous devez accepter la cat\u00e9gorie de cookies \u201cContenus tiers\u201d en cliquant sur le bouton ci-dessous. <\/p>\n<p> Lire la Vid\u00e9o        Un accord scell\u00e9 fin ao\u00fbt    <\/p>\n<p class=\"asset asset-text\">\u00ab\u00a0C\u2019est la premi\u00e8re fois qu\u2019elle le soutient sur le terrain\u00a0\u00bb, s\u2019est f\u00e9licit\u00e9e apr\u00e8s coup l\u2019\u00e9quipe de Michel Barnier, comme le rapporte Le Parisien.<\/p>\n<p class=\"asset asset-text\">Il y a deux semaines maintenant, les deux \u00e9lus <a href=\"https:\/\/www.huffingtonpost.fr\/politique\/article\/rachida-dati-et-michel-barnier-trouvent-un-accord-sur-la-legislative-partielle-a-paris_254108.html\" target=\"_blank\" rel=\"noopener\">avaient fini par sceller un accord<\/a> concernant l\u2019\u00e9lection l\u00e9gislative partielle dans la 2e circonscription parisienne.<\/p>\n<p class=\"asset asset-text\">\u00ab\u00a0\u00c0 l\u2019unanimit\u00e9, les R\u00e9publicains ont investi Rachida Dati pour les municipales \u00e0 Paris\u00a0\u00bb de mars\u00a02026 et \u00ab\u00a0Rachida Dati apportera son soutien \u00e0 Michel Barnier pour l\u2019\u00e9lection l\u00e9gislative partielle dans la 2e circonscription de Paris\u00a0\u00bb pr\u00e9vue les 21 et 28\u00a0septembre, avait \u00e9crit le parti Les R\u00e9publicains dans un communiqu\u00e9.<\/p>\n<p class=\"asset asset-text\">\u00ab\u00a0Rachida Dati est d\u00e9sormais la candidate officiellement investie par Les R\u00e9publicains \u00e0 la mairie de Paris (&#8230;). Michel Barnier, qui ne s\u2019engagera pas dans l\u2019\u00e9lection municipale de 2026, soutiendra Rachida Dati dans cette campagne. Rachida Dati apportera son soutien \u00e0 Michel Barnier pour l\u2019\u00e9lection l\u00e9gislative partielle dans la 2\u00e8me circonscription de Paris\u00a0\u00bb, poursuivait le parti de droite.<\/p>\n<p class=\"asset asset-text\">\u00ab\u00a0Ce soir, la conqu\u00eate de Paris a commenc\u00e9\u00a0\u00bb, avait r\u00e9agi Rachida Dati sur les r\u00e9seaux sociaux. \u00ab\u00a0\u00c0 Paris, j\u2019\u0153uvrerai au rassemblement de toutes les forces d\u2019alternance et j\u2019appelle tous les Parisiens \u00e0 me rejoindre. Ensemble, nous allons gagner\u00a0!\u00a0\u00bb, ajoutait-elle, remerciant LR.<\/p>\n","protected":false},"excerpt":{"rendered":"THOMAS SAMSON \/ AFP Michel Barnier (\u00e0 gauche) et Rachida Dati (\u00e0 droite) \u00e0 l\u2019Assembl\u00e9e nationale, \u00e0 Paris,&hellip;\n","protected":false},"author":2,"featured_media":388814,"comment_status":"","ping_status":"","sticky":false,"template":"","format":"standard","meta":{"footnotes":""},"categories":[1888],"tags":[11,1777,674,1011,27,6319,27636,12,626,316,417,25],"class_list":{"0":"post-388813","1":"post","2":"type-post","3":"status-publish","4":"format-standard","5":"has-post-thumbnail","7":"category-paris","8":"tag-actualites","9":"tag-eu","10":"tag-europe","11":"tag-fr","12":"tag-france","13":"tag-les-republicains","14":"tag-michel-barnier","15":"tag-news","16":"tag-paris","17":"tag-politique","18":"tag-rachida-dati","19":"tag-republique-francaise"},"share_on_mastodon":{"url":"https:\/\/pubeurope.com\/@fr\/115199233617154708","error":""},"_links":{"self":[{"href":"https:\/\/www.europesays.com\/fr\/wp-json\/wp\/v2\/posts\/388813","targetHints":{"allow":["GET"]}}],"collection":[{"href":"https:\/\/www.europesays.com\/fr\/wp-json\/wp\/v2\/posts"}],"about":[{"href":"https:\/\/www.europesays.com\/fr\/wp-json\/wp\/v2\/types\/post"}],"author":[{"embeddable":true,"href":"https:\/\/www.europesays.com\/fr\/wp-json\/wp\/v2\/users\/2"}],"replies":[{"embeddable":true,"href":"https:\/\/www.europesays.com\/fr\/wp-json\/wp\/v2\/comments?post=388813"}],"version-history":[{"count":0,"href":"https:\/\/www.europesays.com\/fr\/wp-json\/wp\/v2\/posts\/388813\/revisions"}],"wp:featuredmedia":[{"embeddable":true,"href":"https:\/\/www.europesays.com\/fr\/wp-json\/wp\/v2\/media\/388814"}],"wp:attachment":[{"href":"https:\/\/www.europesays.com\/fr\/wp-json\/wp\/v2\/media?parent=388813"}],"wp:term":[{"taxonomy":"category","embeddable":true,"href":"https:\/\/www.europesays.com\/fr\/wp-json\/wp\/v2\/categories?post=388813"},{"taxonomy":"post_tag","embeddable":true,"href":"https:\/\/www.europesays.com\/fr\/wp-json\/wp\/v2\/tags?post=388813"}],"curies":[{"name":"wp","href":"https:\/\/api.w.org\/{rel}","templated":true}]}}