{"id":388817,"date":"2025-09-13T22:00:12","date_gmt":"2025-09-13T22:00:12","guid":{"rendered":"https:\/\/www.europesays.com\/fr\/388817\/"},"modified":"2025-09-13T22:00:12","modified_gmt":"2025-09-13T22:00:12","slug":"la-roumanie-affirme-quun-drone-russe-a-viole-son-espace-aerien-au-cours-dune-attaque-contre-des-infrastructures-ukrainiennes","status":"publish","type":"post","link":"https:\/\/www.europesays.com\/fr\/388817\/","title":{"rendered":"la Roumanie affirme qu\u2019un drone russe a viol\u00e9 son espace a\u00e9rien au cours d\u2019une attaque contre des infrastructures ukrainiennes"},"content":{"rendered":"<p>   L\u2019Ukraine a besoin de plus de 100\u00a0milliards d\u2019euros pour sa d\u00e9fense en\u00a02026             <\/p>\n<p class=\"post__live-container--answer-text post__space-node\">L\u2019Ukraine a besoin de plus de 100\u00a0milliards d\u2019euros pour financer sa d\u00e9fense en\u00a02026, en pleine invasion russe, a d\u00e9clar\u00e9 le ministre de la d\u00e9fense, Denys Chmyhal<\/p>\n<p class=\"post__live-container--answer-text post__space-node\">\u00ab\u00a0Si la guerre continue, nous aurons besoin d\u2019un minimum de 120\u00a0milliards de dollars pour l\u2019ann\u00e9e prochaine\u00a0\u00bb, a-t-il affirm\u00e9, alors que les efforts de paix sont dans l\u2019impasse. M\u00eame en cas d\u2019un arr\u00eat de combats, \u00ab\u00a0nous aurons besoin d\u2019une somme un peu moins importante\u00a0\u00bb pour \u00ab\u00a0maintenir notre arm\u00e9e en bonne forme\u00a0\u00bb en cas de nouvelle attaque russe, a-t-il ajout\u00e9 lors de la conf\u00e9rence annuelle Yalta European Strategy, \u00e0 Kiev.<\/p>\n<p class=\"post__live-container--answer-text post__space-node\">Le ministre n\u2019a pas pr\u00e9cis\u00e9 quelle partie de cette somme l\u2019Ukraine allait pouvoir financer avec ses propres moyens alors que le pays, confront\u00e9 depuis f\u00e9vrier\u00a02022 \u00e0 l\u2019invasion russe, est extr\u00eamement d\u00e9pendant du soutien militaire et \u00e9conomique ext\u00e9rieur. \u00ab\u00a0L\u2019Ukraine consacre 31\u00a0% de son PIB \u00e0 la d\u00e9fense, c\u2019est la part la plus \u00e9lev\u00e9e au monde\u00a0\u00bb, a d\u00e9clar\u00e9 la d\u00e9put\u00e9e Roksolana Pidlasa, cheffe de la commission budg\u00e9taire du Parlement. Selon elle, \u00ab\u00a0un jour de guerre co\u00fbte 172\u00a0millions de dollars [120\u00a0millions d\u2019euros]\u00a0\u00bb \u00e0 l\u2019Ukraine actuellement contre 140\u00a0millions de dollars (120\u00a0millions d\u2019euros) il y a un an.<\/p>\n<p class=\"post__live-container--answer-text post__space-node\">Denys Chmyhal a plaid\u00e9 en faveur de l\u2019utilisation de quelque 250\u00a0milliards d\u2019euros, incluant 210\u00a0milliards d\u2019euros se trouvant en Belgique, d\u2019actifs russes gel\u00e9s en Occident depuis le d\u00e9but de l\u2019invasion, afin de financer la d\u00e9fense ukrainienne. Au grand dam de Kiev, les Occidentaux ont jusqu\u2019ici refus\u00e9 de le faire. Mercredi, la pr\u00e9sidente de la Commission europ\u00e9enne, Ursula von der Leyen, a annonc\u00e9 que l\u2019Union europ\u00e9enne allait utiliser les int\u00e9r\u00eats de ces avoirs pour accorder un nouveau \u00ab\u00a0pr\u00eat de r\u00e9paration\u00a0\u00bb \u00e0 l\u2019Ukraine, mais sans toucher \u00e0 ces actifs eux-m\u00eames.<\/p>\n","protected":false},"excerpt":{"rendered":"L\u2019Ukraine a besoin de plus de 100\u00a0milliards d\u2019euros pour sa d\u00e9fense en\u00a02026 L\u2019Ukraine a besoin de plus de&hellip;\n","protected":false},"author":2,"featured_media":388351,"comment_status":"","ping_status":"","sticky":false,"template":"","format":"standard","meta":{"footnotes":""},"categories":[1590],"tags":[11,1777,674,12,220],"class_list":{"0":"post-388817","1":"post","2":"type-post","3":"status-publish","4":"format-standard","5":"has-post-thumbnail","7":"category-ukraine","8":"tag-actualites","9":"tag-eu","10":"tag-europe","11":"tag-news","12":"tag-ukraine"},"share_on_mastodon":{"url":"https:\/\/pubeurope.com\/@fr\/115199241678736476","error":""},"_links":{"self":[{"href":"https:\/\/www.europesays.com\/fr\/wp-json\/wp\/v2\/posts\/388817","targetHints":{"allow":["GET"]}}],"collection":[{"href":"https:\/\/www.europesays.com\/fr\/wp-json\/wp\/v2\/posts"}],"about":[{"href":"https:\/\/www.europesays.com\/fr\/wp-json\/wp\/v2\/types\/post"}],"author":[{"embeddable":true,"href":"https:\/\/www.europesays.com\/fr\/wp-json\/wp\/v2\/users\/2"}],"replies":[{"embeddable":true,"href":"https:\/\/www.europesays.com\/fr\/wp-json\/wp\/v2\/comments?post=388817"}],"version-history":[{"count":0,"href":"https:\/\/www.europesays.com\/fr\/wp-json\/wp\/v2\/posts\/388817\/revisions"}],"wp:featuredmedia":[{"embeddable":true,"href":"https:\/\/www.europesays.com\/fr\/wp-json\/wp\/v2\/media\/388351"}],"wp:attachment":[{"href":"https:\/\/www.europesays.com\/fr\/wp-json\/wp\/v2\/media?parent=388817"}],"wp:term":[{"taxonomy":"category","embeddable":true,"href":"https:\/\/www.europesays.com\/fr\/wp-json\/wp\/v2\/categories?post=388817"},{"taxonomy":"post_tag","embeddable":true,"href":"https:\/\/www.europesays.com\/fr\/wp-json\/wp\/v2\/tags?post=388817"}],"curies":[{"name":"wp","href":"https:\/\/api.w.org\/{rel}","templated":true}]}}