{"id":388818,"date":"2025-09-13T22:01:13","date_gmt":"2025-09-13T22:01:13","guid":{"rendered":"https:\/\/www.europesays.com\/fr\/388818\/"},"modified":"2025-09-13T22:01:13","modified_gmt":"2025-09-13T22:01:13","slug":"les-etats-unis-jugent-inacceptable-lincursion-de-drones-russes-dans-lespace-aerien-polonais","status":"publish","type":"post","link":"https:\/\/www.europesays.com\/fr\/388818\/","title":{"rendered":"Les \u00c9tats-Unis jugent inacceptable l\u2019incursion de drones russes dans l\u2019espace a\u00e9rien polonais"},"content":{"rendered":"<p style=\"text-align:justify;\">AA \/ Istanbul \/ Esra Tekin<\/p>\n<p style=\"text-align:justify;\">L\u2019incursion de drones russes dans l\u2019espace a\u00e9rien polonais cette semaine est \u00ab inacceptable \u00bb, a d\u00e9clar\u00e9 samedi le secr\u00e9taire d\u2019\u00c9tat am\u00e9ricain Marco Rubio, pr\u00e9cisant que, m\u00eame si les drones ont \u00e9t\u00e9 \u00ab lanc\u00e9s intentionnellement \u00bb par Moscou, il reste incertain s\u2019ils visaient sp\u00e9cifiquement la Pologne.<\/p>\n<p style=\"text-align:justify;\">\u00ab Nous consid\u00e9rons que c\u2019est un d\u00e9veloppement inacceptable, regrettable et dangereux \u00bb, a d\u00e9clar\u00e9 Rubio aux journalistes avant de s\u2019envoler pour Isra\u00ebl et le Royaume-Uni.<\/p>\n<p style=\"text-align:justify;\">\u00ab Il ne fait aucun doute : les drones ont \u00e9t\u00e9 lanc\u00e9s intentionnellement. La question est de savoir s\u2019ils \u00e9taient sp\u00e9cifiquement destin\u00e9s \u00e0 entrer en Pologne \u00bb, a-t-il ajout\u00e9.<\/p>\n<p style=\"text-align:justify;\">Vendredi, l\u2019OTAN a annonc\u00e9 des plans pour renforcer la d\u00e9fense de son flanc oriental, apr\u00e8s un incident au cours duquel la Pologne a abattu des drones ayant p\u00e9n\u00e9tr\u00e9 son espace a\u00e9rien, marquant la premi\u00e8re fois qu\u2019un membre de l\u2019OTAN intervenait militairement depuis le d\u00e9but de la guerre de la Russie contre l\u2019Ukraine.<\/p>\n<p style=\"text-align:justify;\">Rubio a pr\u00e9cis\u00e9 que si l\u2019on confirme que les drones visaient la Pologne, \u00ab si les preuves vont dans ce sens, ce serait \u00e9videmment un geste d&rsquo;escalade \u00bb.<\/p>\n<p style=\"text-align:justify;\">\u00ab Il existe \u00e9galement plusieurs autres possibilit\u00e9s, mais nous souhaitons disposer de tous les faits et consulter nos alli\u00e9s avant de tirer des conclusions pr\u00e9cises \u00bb, a-t-il ajout\u00e9.<\/p>\n<p style=\"text-align:justify;\">Mercredi, 19 drones russes ont franchi l\u2019espace a\u00e9rien polonais, constituant la plus grande violation depuis le d\u00e9but de la guerre totale lanc\u00e9e par Moscou contre l\u2019Ukraine.<\/p>\n<p style=\"text-align:justify;\">Plusieurs drones ont \u00e9t\u00e9 intercept\u00e9s par les d\u00e9fenses de l\u2019OTAN, entra\u00eenant des consultations d\u2019urgence \u00e0 Varsovie et une r\u00e9action forte des alli\u00e9s.<\/p>\n<p style=\"text-align:justify;\">L\u2019OTAN a ensuite pr\u00e9sent\u00e9 \u00ab Eastern Sentry (Sentinelle de l\u2019Est) \u00bb, une nouvelle initiative visant \u00e0 renforcer la d\u00e9fense de son flanc oriental.<\/p>\n<p style=\"text-align:justify;\">* Traduit de l&rsquo;anglais par Adama Bamba<\/p>\n<p>                            &#13;<br \/>\n                                <a href=\"https:\/\/www.aa.com.tr\/fr\/p\/abonnement\/1001\" target=\"_blank\" style=\"font-size:12px; color:#444; text-decoration:none;\" rel=\"nofollow noopener\">&#13;<br \/>\n                                    Seulement une partie des d\u00e9p\u00eaches, que l&rsquo;Agence Anadolu diffuse \u00e0 ses abonn\u00e9s via le Syst\u00e8me de Diffusion interne (HAS), est diffus\u00e9e sur le site de l&rsquo;AA, de mani\u00e8re r\u00e9sum\u00e9e. <b style=\"color:#1897F7\">Contactez-nous s&rsquo;il vous pla\u00eet pour vous abonner.<\/b>&#13;<br \/>\n                                <\/a>&#13;<\/p>\n","protected":false},"excerpt":{"rendered":"AA \/ Istanbul \/ Esra Tekin L\u2019incursion de drones russes dans l\u2019espace a\u00e9rien polonais cette semaine est \u00ab&hellip;\n","protected":false},"author":2,"featured_media":388819,"comment_status":"","ping_status":"","sticky":false,"template":"","format":"standard","meta":{"footnotes":""},"categories":[1589],"tags":[4295,11,1785,2795,52113,73,1866,52114,12,136,1864,1865,1863,308],"class_list":{"0":"post-388818","1":"post","2":"type-post","3":"status-publish","4":"format-standard","5":"has-post-thumbnail","7":"category-etats-unis","8":"tag-tats-unis","9":"tag-actualites","10":"tag-anadolu-ajansi","11":"tag-drones-russes","12":"tag-eastern-sentry","13":"tag-etats-unis","14":"tag-etats-unis-damerique","15":"tag-le-secrtaire-dtat-amricain-marco-rubio","16":"tag-news","17":"tag-otan","18":"tag-united-states","19":"tag-united-states-of-america","20":"tag-us","21":"tag-usa"},"share_on_mastodon":{"url":"https:\/\/pubeurope.com\/@fr\/115199245330043904","error":""},"_links":{"self":[{"href":"https:\/\/www.europesays.com\/fr\/wp-json\/wp\/v2\/posts\/388818","targetHints":{"allow":["GET"]}}],"collection":[{"href":"https:\/\/www.europesays.com\/fr\/wp-json\/wp\/v2\/posts"}],"about":[{"href":"https:\/\/www.europesays.com\/fr\/wp-json\/wp\/v2\/types\/post"}],"author":[{"embeddable":true,"href":"https:\/\/www.europesays.com\/fr\/wp-json\/wp\/v2\/users\/2"}],"replies":[{"embeddable":true,"href":"https:\/\/www.europesays.com\/fr\/wp-json\/wp\/v2\/comments?post=388818"}],"version-history":[{"count":0,"href":"https:\/\/www.europesays.com\/fr\/wp-json\/wp\/v2\/posts\/388818\/revisions"}],"wp:featuredmedia":[{"embeddable":true,"href":"https:\/\/www.europesays.com\/fr\/wp-json\/wp\/v2\/media\/388819"}],"wp:attachment":[{"href":"https:\/\/www.europesays.com\/fr\/wp-json\/wp\/v2\/media?parent=388818"}],"wp:term":[{"taxonomy":"category","embeddable":true,"href":"https:\/\/www.europesays.com\/fr\/wp-json\/wp\/v2\/categories?post=388818"},{"taxonomy":"post_tag","embeddable":true,"href":"https:\/\/www.europesays.com\/fr\/wp-json\/wp\/v2\/tags?post=388818"}],"curies":[{"name":"wp","href":"https:\/\/api.w.org\/{rel}","templated":true}]}}