{"id":388824,"date":"2025-09-13T22:04:15","date_gmt":"2025-09-13T22:04:15","guid":{"rendered":"https:\/\/www.europesays.com\/fr\/388824\/"},"modified":"2025-09-13T22:04:15","modified_gmt":"2025-09-13T22:04:15","slug":"les-constructeurs-veulent-repousser-la-date-du-passage-au-tout-electrique-en-europe","status":"publish","type":"post","link":"https:\/\/www.europesays.com\/fr\/388824\/","title":{"rendered":"Les constructeurs veulent repousser la date du passage au tout \u00e9lectrique en Europe"},"content":{"rendered":"<p class=\"mb-4 text-lg md:leading-8 break-words\"><strong>lobbying &#8211; Ursula von der Leyen r\u00e9unit ce vendredi les dirigeants de l\u2019industrie automobile pour \u00e9changer avec eux sur l\u2019avenir du secteur<\/strong><\/p>\n<p class=\"mb-4 text-lg md:leading-8 break-words\">L\u2019UE doit-elle freiner sur le <a href=\"https:\/\/www.20minutes.fr\/auto\/4165652-20250728-automobile-thermique-resiste-hybride-cartonne-100-electrique-europe-2035-gagne?at_medium=RSS%20feed&amp;at_campaign=ynews&amp;utm_source=yahoo&amp;utm_medium=rss&amp;utm_campaign=news_feed&amp;utm_content=in_article_link\" rel=\"nofollow noopener\" target=\"_blank\" data-ylk=\"slk:passage au tout-\u00e9lectrique d\u2019ici 2035;elm:context_link;itc:0;sec:content-canvas\" class=\"link \">passage au tout-\u00e9lectrique d\u2019ici 2035<\/a>, ou confirmer sa feuille de route ? La question se pose alors que la pr\u00e9sidente de la Commission Ursula von der Leyen r\u00e9unit vendredi les dirigeants de l\u2019industrie automobile. Objectif ? Echanger sur l\u2019avenir d\u2019un secteur qui appelle \u00e0 revoir ce totem environnemental.<\/p>\n<p class=\"mb-4 text-lg md:leading-8 break-words\">\u00ab La r\u00e9glementation est trop rigide \u00bb, et \u00ab nous devons \u00eatre plus pragmatiques \u00bb, r\u00e9sume Sigrid de Vries, directrice g\u00e9n\u00e9rale de l\u2019Association europ\u00e9enne des constructeurs automobiles, organisation qui d\u00e9fend les int\u00e9r\u00eats d\u2019un secteur pesant 13 millions d\u2019emplois directs et indirects, et produisant 7 % du PIB europ\u00e9en.<\/p>\n<p>\u00ab Dialogue strat\u00e9gique \u00bb<\/p>\n<p class=\"mb-4 text-lg md:leading-8 break-words\">Ce sera la troisi\u00e8me r\u00e9union \u00e0 <a href=\"https:\/\/www.20minutes.fr\/dossier\/bruxelles?at_medium=RSS%20feed&amp;at_campaign=ynews&amp;utm_source=yahoo&amp;utm_medium=rss&amp;utm_campaign=news_feed&amp;utm_content=in_article_link\" rel=\"nofollow noopener\" target=\"_blank\" data-ylk=\"slk:Bruxelles;elm:context_link;itc:0;sec:content-canvas\" class=\"link \">Bruxelles<\/a> depuis le lancement en d\u00e9but d\u2019ann\u00e9e par l\u2019ex\u00e9cutif europ\u00e9en du \u00ab dialogue strat\u00e9gique \u00bb avec l\u2019industrie automobile, pour l\u2019aider \u00e0 s\u2019adapter aux d\u00e9fis simultan\u00e9s de l\u2019\u00e9lectrification, de la concurrence et des tensions commerciales.<\/p>\n<p class=\"mb-4 text-lg md:leading-8 break-words\">Signe que l\u2019UE est \u00e0 l\u2019\u00e9coute de leurs difficult\u00e9s, les constructeurs avaient d\u00e9j\u00e0 obtenu le report d\u2019une norme d\u2019\u00e9missions de CO2. Mais ils se concentrent d\u00e9sormais sur la mesure phare de la Commission, l\u2019interdiction <a href=\"https:\/\/www.20minutes.fr\/auto\/4029819-20230327-officiel-100-electrique-2035-mort?at_medium=RSS%20feed&amp;at_campaign=ynews&amp;utm_source=yahoo&amp;utm_medium=rss&amp;utm_campaign=news_feed&amp;utm_content=in_article_link\" rel=\"nofollow noopener\" target=\"_blank\" data-ylk=\"slk:dans l\u2019UE \u00e0 partir de 2035;elm:context_link;itc:0;sec:content-canvas\" class=\"link \">dans l\u2019UE \u00e0 partir de 2035<\/a> de la vente de voitures neuves et des v\u00e9hicules utilitaires l\u00e9gers \u00e0 essence ou diesel, hybrides compris.<\/p>\n<p class=\"mb-4 text-lg md:leading-8 break-words\">Un embl\u00e8me des ambitieuses mesures du Pacte vert europ\u00e9en (Green Deal), qui avait \u00e9t\u00e9 act\u00e9 en mars 2023 malgr\u00e9 les r\u00e9ticences allemandes.<\/p>\n<p>\u00ab Flexibilit\u00e9s \u00bb<\/p>\n<p class=\"mb-4 text-lg md:leading-8 break-words\">Cette mesure est de plus en plus co(&#8230;)<\/p>\n<p class=\"mb-4 text-lg md:leading-8 break-words\"><a href=\"https:\/\/www.20minutes.fr\/economie\/4172742-20250912-automobile-constructeurs-veulent-repousser-date-passage-tout-electrique-europe?at_medium=RSS%20feed&amp;at_campaign=ynews&amp;utm_source=yahoo&amp;utm_medium=rss&amp;utm_campaign=news_feed&amp;utm_content=read_more_link&quot;\" rel=\"nofollow noopener\" target=\"_blank\" data-ylk=\"slk:Lire la suite sur 20minutes;elm:context_link;itc:0;sec:content-canvas\" class=\"link \">Lire la suite sur 20minutes<\/a><\/p>\n<p>\u00c0 lire aussi :<br \/><a href=\"https:\/\/www.20minutes.fr\/economie\/4166045-20250731-automobile-polytechnicien-renaulution-tout-savoir-francois-provost-nouveau-patron-renault?at_medium=RSS%20feed&amp;at_campaign=ynews&amp;utm_source=yahoo&amp;utm_medium=rss&amp;utm_campaign=news_feed&amp;utm_content=related_content_link\" rel=\"nofollow noopener\" target=\"_blank\" data-ylk=\"slk:Automobile : Polytechnicien, \u00ab Renaulution \u00bb\u2026 Tout savoir sur Fran\u00e7ois Provost, nouveau patron de Renault;elm:context_link;itc:0;sec:content-canvas\" class=\"link \">Automobile : Polytechnicien, \u00ab Renaulution \u00bb\u2026 Tout savoir sur Fran\u00e7ois Provost, nouveau patron de Renault<\/a><br \/><a href=\"https:\/\/www.20minutes.fr\/auto\/byd\/4139976-20250221-italie-pays-penche-autonomie-batteries-quatre-constructeurs-voitures-electriques?at_medium=RSS%20feed&amp;at_campaign=ynews&amp;utm_source=yahoo&amp;utm_medium=rss&amp;utm_campaign=news_feed&amp;utm_content=related_content_link\" rel=\"nofollow noopener\" target=\"_blank\" data-ylk=\"slk:Voiture \u00e9lectrique : Les autorit\u00e9s italiennes se penchent sur l\u2019autonomie des batteries de quatre constructeurs;elm:context_link;itc:0;sec:content-canvas\" class=\"link \">Voiture \u00e9lectrique : Les autorit\u00e9s italiennes se penchent sur l\u2019autonomie des batteries de quatre constructeurs<\/a><\/p>\n","protected":false},"excerpt":{"rendered":"lobbying &#8211; Ursula von der Leyen r\u00e9unit ce vendredi les dirigeants de l\u2019industrie automobile pour \u00e9changer avec eux&hellip;\n","protected":false},"author":2,"featured_media":388825,"comment_status":"","ping_status":"","sticky":false,"template":"","format":"standard","meta":{"footnotes":""},"categories":[1586],"tags":[11,7664,1777,674,1011,27,52115,1861,12,25,2544,52116],"class_list":{"0":"post-388824","1":"post","2":"type-post","3":"status-publish","4":"format-standard","5":"has-post-thumbnail","7":"category-europe","8":"tag-actualites","9":"tag-constructeurs-automobiles","10":"tag-eu","11":"tag-europe","12":"tag-fr","13":"tag-france","14":"tag-lindustrie-automobile","15":"tag-lue","16":"tag-news","17":"tag-republique-francaise","18":"tag-ursula-von-der-leyen","19":"tag-vente-de-voitures-neuves"},"share_on_mastodon":{"url":"https:\/\/pubeurope.com\/@fr\/115199257382843834","error":""},"_links":{"self":[{"href":"https:\/\/www.europesays.com\/fr\/wp-json\/wp\/v2\/posts\/388824","targetHints":{"allow":["GET"]}}],"collection":[{"href":"https:\/\/www.europesays.com\/fr\/wp-json\/wp\/v2\/posts"}],"about":[{"href":"https:\/\/www.europesays.com\/fr\/wp-json\/wp\/v2\/types\/post"}],"author":[{"embeddable":true,"href":"https:\/\/www.europesays.com\/fr\/wp-json\/wp\/v2\/users\/2"}],"replies":[{"embeddable":true,"href":"https:\/\/www.europesays.com\/fr\/wp-json\/wp\/v2\/comments?post=388824"}],"version-history":[{"count":0,"href":"https:\/\/www.europesays.com\/fr\/wp-json\/wp\/v2\/posts\/388824\/revisions"}],"wp:featuredmedia":[{"embeddable":true,"href":"https:\/\/www.europesays.com\/fr\/wp-json\/wp\/v2\/media\/388825"}],"wp:attachment":[{"href":"https:\/\/www.europesays.com\/fr\/wp-json\/wp\/v2\/media?parent=388824"}],"wp:term":[{"taxonomy":"category","embeddable":true,"href":"https:\/\/www.europesays.com\/fr\/wp-json\/wp\/v2\/categories?post=388824"},{"taxonomy":"post_tag","embeddable":true,"href":"https:\/\/www.europesays.com\/fr\/wp-json\/wp\/v2\/tags?post=388824"}],"curies":[{"name":"wp","href":"https:\/\/api.w.org\/{rel}","templated":true}]}}