{"id":388826,"date":"2025-09-13T22:05:29","date_gmt":"2025-09-13T22:05:29","guid":{"rendered":"https:\/\/www.europesays.com\/fr\/388826\/"},"modified":"2025-09-13T22:05:29","modified_gmt":"2025-09-13T22:05:29","slug":"bilan-economique-de-meloni-negatif","status":"publish","type":"post","link":"https:\/\/www.europesays.com\/fr\/388826\/","title":{"rendered":"bilan \u00e9conomique de Meloni n\u00e9gatif\u2026"},"content":{"rendered":"<p><a href=\"https:\/\/blogger.googleusercontent.com\/img\/b\/R29vZ2xl\/AVvXsEiu6oMM3M9LE-4smWDRimZ1IK24Mh2WCu50Grx7ufwbny9RYUsCUXdyLZlQYH8Wc0g48QSJ_riAPZzqn9RpyNSgRYWAB0OPiMNOImA1M4-IkDr78y0f0Q7rj-tZA04f6mLUzBJt7vtk_Sp9NohNMbACfH21zHI08TcrHfCRWyHGPT59QX-I4rFBzA\/s244\/propos%20centristes%20union%20europ%C3%A9enne%203.JPG\" imageanchor=\"1\" style=\"clear: left; float: left; margin-bottom: 1em; margin-right: 1em;\" rel=\"nofollow noopener\" target=\"_blank\"><img loading=\"lazy\" decoding=\"async\" border=\"0\" data-original-height=\"206\" data-original-width=\"244\" height=\"206\" src=\"https:\/\/www.europesays.com\/fr\/wp-content\/uploads\/2025\/09\/propos centristes union europ\u00e9enne 3.JPG\" width=\"244\"\/><\/a><\/p>\n<p class=\"MsoNormal\" style=\"text-align: justify;\"><b>V<\/b>oici une s\u00e9lection, ce 13 septembre 2025, des derniers<br \/>\npropos tenus par des centristes dans les m\u00e9dias ou sur les r\u00e9seaux sociaux dans<br \/>\nl\u2019Union europ\u00e9enne.<\/p>\n<p class=\"MsoNormal\" style=\"text-align: justify;\"><b style=\"font-family: arial;\">\u25ba Institutions europ\u00e9ennes<br \/>\u25cf Commission europ\u00e9enne (commissaires centristes)<br \/><\/b>[Nota: les propos tenus par les commissaires europ\u00e9ens fran\u00e7ais sont \u00e0 lire<br \/>\ndans Propos centristes France] \u00a0<br \/>\n<b style=\"font-family: arial;\">Kaja Kallas (vice-pr\u00e9sidente, haute<br \/>\nrepr\u00e9sentante pour les affaires \u00e9trang\u00e8res et la politique de s\u00e9curit\u00e9)<br \/><\/b>&gt; [Menaces de la Russie de Poutine contre l\u2019UE et l\u2019Ukraine] Nous venons<br \/>\nd\u2019\u00e9tendre nos sanctions \u00e0 la Russie.<br \/>En m\u00eame temps, nous finalisons les travaux sur le 19\u00e8me paquet \u2013 examiner des<br \/>\nrestrictions suppl\u00e9mentaires sur les ventes de p\u00e9trole russe, les p\u00e9troliers<br \/>\nfant\u00f4mes et les banques.<br \/>Nous continuerons \u00e0 \u00e9touffer l\u2019argent pour la guerre de Poutine.<\/p>\n<p class=\"MsoNormal\" style=\"text-align: justify;\">&gt; [D\u00e9claration au nom de l\u2019UE sur la violation non<br \/>\nprovoqu\u00e9e de l\u2019espace a\u00e9rien de l\u2019UE par la Russie]<br \/>Nous condamnons avec la plus grande fermet\u00e9 la violation intentionnelle de<br \/>\nl\u2019espace a\u00e9rien d\u2019un \u00c9tat membre de l\u2019UE par des drones russes, qui a eu lieu<br \/>\nle 10\u00a0septembre. Cet acte agressif et imprudent fait partie d\u2019une escalade<br \/>\ns\u00e9rieuse de la part de la Russie. Il menace la s\u00e9curit\u00e9 des citoyens de l\u2019UE,<br \/>\nla stabilit\u00e9 r\u00e9gionale et la paix internationale.<br \/>Cette grave violation de l\u2019espace a\u00e9rien europ\u00e9en ne fait que renforcer notre<br \/>\nd\u00e9termination \u00e0 soutenir l\u2019Ukraine et son peuple dans leur d\u00e9fense contre la<br \/>\nRussie et leur qu\u00eate d\u2019une paix globale, juste et durable.<br \/>C\u2019est la derni\u00e8re d\u2019une s\u00e9rie de violations de l\u2019espace a\u00e9rien souverain des<br \/>\n\u00c9tats membres de l\u2019UE qui se sont produites depuis 2022.<br \/>Nous augmenterons encore le co\u00fbt pour Moscou en intensifiant consid\u00e9rablement<br \/>\nles sanctions contre la Russie et ses facilitateurs. Nous travaillerons<br \/>\n\u00e9galement avec nos partenaires internationaux pour faire pression sur la Russie<br \/>\nafin qu\u2019elle mette fin \u00e0 cette guerre.<br \/>Nous exprimons notre enti\u00e8re solidarit\u00e9 avec la Pologne et continuons \u00e0 offrir<br \/>\nle soutien dont la Pologne a besoin pour prot\u00e9ger sa fronti\u00e8re orientale. Nous<br \/>\nsommes en contact \u00e9troit constant avec les autorit\u00e9s polonaises.<\/p>\n<p class=\"MsoNormal\" style=\"text-align: justify;\">&gt; Notre coll\u00e8gue de la d\u00e9l\u00e9gation de l\u2019UE \u00e0 Minsk vient<br \/>\nd\u2019\u00eatre lib\u00e9r\u00e9 de d\u00e9tention en Bi\u00e9lorussie. <br \/>C\u2019est un grand soulagement. Je partage la joie de sa famille et de ses amis. <br \/>Je tiens \u00e0 remercier nos partenaires am\u00e9ricains pour leurs efforts et leur<br \/>\nengagement \u00e0 faciliter sa lib\u00e9ration.<\/p>\n<p class=\"MsoNormal\" style=\"text-align: justify;\">&gt; [Menaces de la Russie de Poutine contre l\u2019UE et l\u2019Ukraine]<br \/>\nLa guerre de la Russie s\u2019intensifie, elle ne se termine pas.<br \/>Nous devons augmenter le co\u00fbt pour Moscou, renforcer le soutien \u00e0 l\u2019Ukraine et<br \/>\ninvestir dans la d\u00e9fense de l\u2019Europe.<br \/>L\u2019UE joue un r\u00f4le majeur et nous soutiendrons des initiatives comme la ligne de<br \/>\nd\u00e9fense du Bouclier frontalier oriental.<\/p>\n<p class=\"MsoNormal\" style=\"text-align: justify;\">&gt; L\u2019accord-cadre d\u2019aujourd\u2019hui pour la reprise des<br \/>\ninspections des installations nucl\u00e9aires iraniennes pourrait marquer une \u00e9tape<br \/>\ncruciale pour la diplomatie nucl\u00e9aire, \u00e0 condition qu\u2019il y ait une mise en<br \/>\n\u0153uvre rapide par l\u2019Iran. Je remercie l\u2019\u00c9gypte d\u2019avoir facilit\u00e9 le processus.<\/p>\n<p class=\"MsoNormal\" style=\"text-align: justify;\">&gt; [Crise de Gaza] L\u2019Europe est l\u2019acteur le plus actif<br \/>\npour Gaza dans le monde.<br \/>Nous sommes le plus grand donateur humanitaire et un partisan constant de la<br \/>\nsolution \u00e0 deux \u00c9tats.<\/p>\n<p class=\"MsoNormal\" style=\"text-align: justify;\">&gt; [Menaces de la Russie de Poutine contre l\u2019UE et l\u2019Ukraine]<br \/>\nLa Russie n\u2019a pas bris\u00e9 la d\u00e9termination de l\u2019Ukraine. Cela ne brise pas le<br \/>\nn\u00f4tre non plus. Nous avons maintenant atteint 80\u00a0% de notre objectif de<br \/>\n2\u00a0millions de munitions. Nous visons 100\u00a0% d\u2019ici octobre.<\/p>\n<p class=\"MsoNormal\" style=\"text-align: justify;\">&gt; [Menaces de la Russie de Poutine contre l\u2019UE et l\u2019Ukraine]<br \/>\nChaque attaque russe est un choix d\u00e9lib\u00e9r\u00e9 et un message\u00a0: la Russie ne<br \/>\nveut pas la paix.<br \/>Les frappes d\u2019aujourd\u2019hui, y compris sur un b\u00e2timent gouvernemental \u00e0 Kiev,<br \/>\nfont partie d\u2019une escalade \u00e9vidente.<br \/>Nous continuerons \u00e0 soutenir l\u2019industrie de d\u00e9fense de l\u2019Ukraine et \u00e0 renforcer<br \/>\nles sanctions contre Moscou.<\/p>\n<p class=\"MsoNormal\" style=\"text-align: justify;\">\u00a0<\/p>\n<p class=\"MsoNormal\" style=\"text-align: justify;\"><b style=\"font-family: arial;\">Michael McGrath<br \/>\n(commissaire \u00e0 la d\u00e9mocratie, \u00e0 la justice et \u00e0 l\u2019\u00e9tat de droit)<br \/><\/b>&gt; La comp\u00e9titivit\u00e9 de l\u2019Europe<br \/>\nest cruciale. La pr\u00e9sidente von der Leyen a mentionn\u00e9 lors de son discours sur<br \/>\nl\u2019Union que le 28e r\u00e9gime fera une r\u00e9elle diff\u00e9rence, ouvrant la voie \u00e0 une<br \/>\nsimplification pour les entreprises europ\u00e9ennes. <br \/>Le 28e r\u00e9gime aidera les entreprises \u00e0 s\u2019installer et \u00e0 op\u00e9rer dans toute l\u2019UE.<br \/>Nos valeurs d\u00e9mocratiques sont au c\u0153ur de l\u2019UE. L\u2019\u00c9tat de droit garantit notre<br \/>\nlibert\u00e9.<br \/>Un cycle annuel int\u00e9gr\u00e9 de l\u2019\u00e9tat de droit avec des jalons clairs garantira que<br \/>\nles probl\u00e8mes sont d\u00e9tect\u00e9s \u00e0 un stade pr\u00e9coce.<br \/>Le respect de l\u2019Etat de droit est un imp\u00e9ratif pour les fonds europ\u00e9ens,<br \/>\nmaintenant et \u00e0 l\u2019avenir.<br \/>La d\u00e9sinformation divise nos soci\u00e9t\u00e9s.<br \/>Avec l\u2019EU Democracy Shield, nous renfor\u00e7ons notre capacit\u00e9 \u00e0 pr\u00e9dire, d\u00e9tecter<br \/>\net contrer cela.<br \/>Le nouveau Centre europ\u00e9en pour la r\u00e9silience d\u00e9mocratique r\u00e9unira des experts<br \/>\nde tous les \u00c9tats membres et voisins de l\u2019UE afin de d\u00e9fendre ensemble la<br \/>\nd\u00e9mocratie.<br \/>La d\u00e9sinformation est une menace s\u00e9rieuse pour la d\u00e9mocratie. Nous devons agir<br \/>\npour la prot\u00e9ger.<br \/>Le nouveau programme de l\u2019UE pour la r\u00e9silience des m\u00e9dias soutiendra le<br \/>\njournalisme ind\u00e9pendant et renforcera l\u2019\u00e9ducation aux m\u00e9dias, car des m\u00e9dias<br \/>\nlibres et pluralistes sont essentiels \u00e0 une d\u00e9mocratie saine.<\/p>\n<p class=\"MsoNormal\" style=\"text-align: justify;\">&gt; Il n\u2019y a pas de<br \/>\nv\u00e9ritable d\u00e9mocratie sans m\u00e9dias libres, ind\u00e9pendants et pluralistes. Les<br \/>\njournalistes devraient \u00eatre prot\u00e9g\u00e9s contre les pressions et menaces indues<br \/>\npour pr\u00e9server leur ind\u00e9pendance. <\/p>\n<p class=\"MsoNormal\" style=\"text-align: justify;\">&gt; Le secteur du<br \/>\ntourisme de l\u2019UE alimente 3,5\u00a0millions d\u2019entreprises et jusqu\u2019\u00e0 10\u00a0%<br \/>\ndu PIB europ\u00e9en. Pour mieux prot\u00e9ger les consommateurs et soutenir les<br \/>\nentreprises, nous r\u00e9visons la directive sur les voyages \u00e0 forfait &#8211; modernisant<br \/>\nles r\u00e8gles afin de renforcer la protection des consommateurs et d\u2019am\u00e9liorer la<br \/>\ncomp\u00e9titivit\u00e9. <\/p>\n<p class=\"MsoNormal\" style=\"text-align: justify;\">&gt; La gestion<br \/>\nefficace des fonds de l\u2019UE d\u00e9pend d\u2019un \u00c9tat de droit fort &#8211; ancr\u00e9 dans des<br \/>\ninstitutions ind\u00e9pendantes, la responsabilit\u00e9 et la confiance du public. C\u2019est<br \/>\npourquoi nous surveillons rigoureusement l\u2019utilisation des fonds &#8211; pour<br \/>\nprot\u00e9ger les finances de l\u2019UE et respecter notre devoir moral envers les<br \/>\ncitoyens et les contribuables.<\/p>\n<p class=\"MsoNormal\" style=\"text-align: justify;\">&gt; [Menaces de la Russie de Poutine contre l\u2019UE et l\u2019Ukraine]<br \/>\nNous restons fermes dans notre ferme<br \/>\nsoutien \u00e0 l\u2019Ukraine. La guerre doit se terminer maintenant. Il n\u2019y a qu\u2019un seul<br \/>\nr\u00e9sultat\u00a0: une paix juste et durable pour l\u2019Ukraine. Parce que la libert\u00e9<br \/>\nde l\u2019Ukraine est la libert\u00e9 de l\u2019Europe. C\u2019est pourquoi nous avons besoin de<br \/>\nplus de sanctions. <\/p>\n<p class=\"MsoNormal\" style=\"text-align: justify;\">&gt; Vers la plus<br \/>\ngrande zone du monde pour des flux de donn\u00e9es s\u00fbrs. Nous avons propos\u00e9 un<br \/>\nprojet de d\u00e9cision d\u2019ad\u00e9quation avec le Br\u00e9sil.\u00a0<br \/>\nPlus grande zone pour les flux de donn\u00e9es libres et s\u00fbrs dans le monde.<br \/>\nConfiance et normes de protection \u00e9lev\u00e9es. 670\u00a0millions de consommateurs<br \/>\nen b\u00e9n\u00e9ficient.<\/p>\n<p class=\"MsoNormal\" style=\"text-align: justify;\">&gt; Le Br\u00e9sil a mis<br \/>\nen place un cadre solide pour la protection de la vie priv\u00e9e et des donn\u00e9es<br \/>\npersonnelles, fermement ancr\u00e9 dans la protection des droits fondamentaux. Le<br \/>\nrenforcement des partenariats avec les pays qui respectent les normes les plus<br \/>\n\u00e9lev\u00e9es en mati\u00e8re de protection des donn\u00e9es est \u00e0 la fois naturel et<br \/>\nessentiel. Les d\u00e9cisions d\u2019ad\u00e9quation mutuelle repr\u00e9sentent une \u00e9tape<br \/>\nessentielle dans cette direction. Lorsque les donn\u00e9es personnelles sont<br \/>\nprot\u00e9g\u00e9es, il en va de m\u00eame pour les droits des consommateurs\u2014garantir aux<br \/>\nindividus le contr\u00f4le, la transparence et la s\u00e9curit\u00e9 dans leurs interactions<br \/>\navec les entreprises et les services.<\/p>\n<p class=\"MsoNormal\" style=\"text-align: justify;\">\u00a0<\/p>\n<p class=\"MsoNormal\" style=\"text-align: justify;\"><b style=\"font-family: arial;\">Hadja Lahbib<br \/>\n(commissaire \u00e0 l\u2019\u00e9galit\u00e9 et \u00e0 la gestion des crises)<br \/><\/b>&gt; [Crise de Gaza] Pour mettre<br \/>\nv\u00e9ritablement fin \u00e0 la crise humanitaire, nous devons traiter les causes<br \/>\nprofondes. Une paix juste et durable d\u00e9pend d\u2019une solution politique et de<br \/>\nconcr\u00e9tiser la solution \u00e0 deux \u00c9tats.<\/p>\n<p class=\"MsoNormal\" style=\"text-align: justify;\">&gt; [Menaces de la Russie de Poutine contre l\u2019UE et l\u2019Ukraine]<br \/>\nL\u2019hiver apporte de nouvelles<br \/>\ndifficult\u00e9s pour des millions d\u2019Ukrainiens qui souffrent d\u00e9j\u00e0 des cons\u00e9quences<br \/>\nde la guerre russe.\u00a0 Avec ces<br \/>\n40\u00a0millions d\u2019euros suppl\u00e9mentaires, l\u2019UE r\u00e9affirme son engagement envers<br \/>\nle peuple ukrainien &#8211; avec solidarit\u00e9, humanit\u00e9 et d\u00e9termination.<\/p>\n<p class=\"MsoNormal\" style=\"text-align: justify;\">&gt; Un massacre<br \/>\nlors d\u2019un enterrement\u00a0: plus de 70 personnes ont \u00e9t\u00e9 tu\u00e9es dans l\u2019est de<br \/>\nla RDC par les Forces d\u00e9mocratiques alli\u00e9es li\u00e9es \u00e0 l\u2019Etat islamique. Le<br \/>\nconflit dans la r\u00e9gion du Nord-Kivu est devenu un foyer de violence g\u00e9n\u00e9ralis\u00e9e<br \/>\ncontre la population civile. Ces meurtres aveugles doivent cesser.<\/p>\n<p class=\"MsoNormal\" style=\"text-align: justify;\">&gt; Lors du<br \/>\ndiscours sur l\u2019\u00e9tat de l\u2019Union d\u2019aujourd\u2019hui, von der Leyen a honor\u00e9 le<br \/>\nlieutenant Nikolaos Paisios, qui a dirig\u00e9 20 rangers grecs pour lutter contre<br \/>\ndes incendies d\u00e9vastateurs dans les Asturies, en Espagne. Pendant 5 jours, ils<br \/>\nsont rest\u00e9s c\u00f4te \u00e0 c\u00f4te avec des \u00e9quipages espagnols et ont sauv\u00e9 un village.<br \/>\nDe v\u00e9ritables h\u00e9ros europ\u00e9ens.<\/p>\n<p class=\"MsoNormal\" style=\"text-align: justify;\">&gt; [Menaces de la Russie de Poutine contre l\u2019UE et l\u2019Ukraine]<br \/>\nTeam Europe continue de soutenir l\u2019Ukraine.<br \/>\n\u00c0 ce jour, l\u2019UE et les \u00c9tats membres ont mobilis\u00e9 4,2\u00a0milliards d\u2019euros<br \/>\nd\u2019aide humanitaire.<br \/>\u00c0 l\u2019approche de l\u2019hiver, les risques pour les populations vuln\u00e9rables<br \/>\naugmentent. La Commission europ\u00e9enne a allou\u00e9 une aide suppl\u00e9mentaire de<br \/>\n40\u00a0millions d\u2019euros.<br \/>Il s\u2019agit de l\u2019op\u00e9ration la plus vaste et la plus complexe jamais men\u00e9e dans le<br \/>\ncadre du m\u00e9canisme de protection civile de l\u2019Union &#8211; plus de 156000 tonnes<br \/>\nd\u2019aide ont \u00e9t\u00e9 livr\u00e9es, y compris de l\u2019\u00e9nergie, des \u00e9quipements de d\u00e9minage,<br \/>\ndes abris, des NRBC et des fournitures m\u00e9dicales.<br \/>Profond\u00e9ment \u00e9mu par le courage de Sasha &amp; Liudmyla, un rappel puissant de<br \/>\nla lutte incessante de l\u2019Ukraine pour la libert\u00e9 et l\u2019espoir. Aucun enfant ne<br \/>\ndevrait \u00eatre un outil de guerre. Chaque enfant m\u00e9rite d\u2019\u00eatre avec sa famille.<br \/>\nC\u2019est pourquoi von der Leyen convoquera le Sommet sur le retour des enfants<br \/>\nukrainiens.<\/p>\n<p class=\"MsoNormal\" style=\"text-align: justify;\">&gt; L\u2019Europe doit<br \/>\n\u00e9galement prendre les devants en mati\u00e8re de sant\u00e9 mondiale. Bien que nous ne<br \/>\nsoyons pas \u00e0 l\u2019abri de nouvelles crises, la Commission europ\u00e9enne lancera une<br \/>\nnouvelle initiative mondiale pour la r\u00e9silience sanitaire afin de mieux nous<br \/>\npr\u00e9parer et r\u00e9agir. Le monde regarde l\u2019Europe. Et l\u2019Europe est pr\u00eate \u00e0 diriger.<\/p>\n<p class=\"MsoNormal\" style=\"text-align: justify;\">&gt; 2025 a \u00e9t\u00e9 la<br \/>\npire ann\u00e9e jamais enregistr\u00e9e pour les incendies de for\u00eat en Europe. C\u2019est<br \/>\npourquoi nous devons de toute urgence intensifier nos efforts en mati\u00e8re de<br \/>\nr\u00e9silience climatique, d\u2019adaptation et de solutions bas\u00e9es sur la nature. <br \/>Mais nous devons \u00e9galement nous doter des outils pour r\u00e9pondre efficacement.<br \/>Nous connaissons la diff\u00e9rence que fait notre m\u00e9canisme de protection civile<br \/>\nsur le terrain. Cet \u00e9t\u00e9, 760 courageux Europ\u00e9ens ont \u00e9t\u00e9 d\u00e9ploy\u00e9s \u00e0 travers le<br \/>\ncontinent, courant litt\u00e9ralement vers les flammes.<br \/>Je tiens \u00e0 leur rendre hommage. Les pompiers, pilotes et \u00e9quipes au sol.<br \/>Le changement climatique rend les \u00e9t\u00e9s plus chauds et plus dangereux.<br \/>La Commission europ\u00e9enne propose de cr\u00e9er un nouveau centre de lutte contre les<br \/>\nincendies bas\u00e9 \u00e0 Chypre, qui pourrait \u00e9galement soutenir nos voisins r\u00e9gionaux.<br \/>\nCela renforcera notre capacit\u00e9 collective \u00e0 relever ces d\u00e9fis.<\/p>\n<p class=\"MsoNormal\" style=\"text-align: justify;\">&gt; [Crise de Gaza]<br \/>\nLes habitants de Gaza \u00e9touffent sous la famine et la d\u00e9sespoir. <br \/>La Commission europ\u00e9enne intensifie donc son action\u00a0:<br \/>&#8211; Proposer des mesures commerciales avec une suspension partielle de l\u2019accord<br \/>\nd\u2019association UE-Isra\u00ebl<br \/>&#8211; Arr\u00eater le soutien bilat\u00e9ral \u00e0 Isra\u00ebl<br \/>&#8211; Sanctionner les ministres extr\u00e9mistes et les colons violents <br \/>Il est maintenant temps pour les autres de prendre \u00e9galement position et de<br \/>\nd\u00e9fendre le droit international humanitaire. <br \/>C\u2019est le devoir de chacun.<br \/>&gt; [Journ\u00e9e internationale pour prot\u00e9ger l\u2019\u00e9ducation contre les attaques]<br \/>Refuser \u00e0 un enfant une \u00e9ducation est une injustice et un crime contre notre<br \/>\nhumanit\u00e9 commune. Aucun enfant ne devrait avoir \u00e0 \u00e9changer une salle de classe<br \/>\ncontre un abri, ou la joie d\u2019apprendre par peur de la guerre. L\u2019\u00e9ducation est<br \/>\nun droit, et aujourd\u2019hui ce droit est attaqu\u00e9. Lorsque les salles de classe<br \/>\nsont d\u00e9truites et que les enseignants sont tu\u00e9s, les enfants sont priv\u00e9s de<br \/>\nleur avenir et des soci\u00e9t\u00e9s enti\u00e8res perdent leurs chances de paix et de<br \/>\nprosp\u00e9rit\u00e9.<br \/>De Gaza \u00e0 l\u2019Ukraine, du Soudan \u00e0 tant d\u2019autres conflits oubli\u00e9s, des guerres et<br \/>\ndes crises d\u00e9truisent les \u00e9coles et privent les enfants de leur droit<br \/>\nd\u2019apprendre en toute s\u00e9curit\u00e9. Chaque attaque contre une \u00e9cole est une attaque<br \/>\ncontre notre humanit\u00e9 commune.<br \/>L\u2019Union europ\u00e9enne restera ferme. Nous d\u00e9fendons le droit de chaque enfant \u00e0<br \/>\napprendre \u2014 un droit prot\u00e9g\u00e9 par le droit international et r\u00e9affirm\u00e9 dans la<br \/>\nr\u00e9solution 2601 du Conseil de s\u00e9curit\u00e9 des Nations unies. Nous continuerons \u00e0<br \/>\nsoutenir la D\u00e9claration sur la s\u00e9curit\u00e9 dans les \u00e9coles et \u00e0 travailler avec<br \/>\ndes partenaires pour faire en sorte que ce soit plus que des mots sur le<br \/>\npapier.<br \/>L\u2019\u00e9ducation dans les situations d\u2019urgence est une priorit\u00e9 de l\u2019action<br \/>\nhumanitaire europ\u00e9enne. Nous investissons dans des espaces d\u2019apprentissage<br \/>\ns\u00fbrs, un soutien psychosocial et la protection des enfants en temps de guerre.<br \/>\nDans le cadre de notre engagement \u00e0 soutenir l\u2019\u00e9ducation dans des contextes<br \/>\nfragiles, l\u2019UE a investi plus de 175\u00a0millions d\u2019euros dans l\u2019\u00e9ducation en<br \/>\nsituation d\u2019urgence en 2024. Nous avons \u00e9galement consacr\u00e9 environ<br \/>\n160\u00a0millions d\u2019euros \u00e0 la protection des enfants, soit pr\u00e8s de la moiti\u00e9<br \/>\nde notre budget total pour la protection dans le cadre de l\u2019aide humanitaire de<br \/>\nl\u2019UE.<br \/>La sauvegarde de l\u2019\u00e9ducation ne concerne pas seulement les salles de classe ou<br \/>\nles manuels. Il s\u2019agit de donner \u00e0 chaque fille et gar\u00e7on le droit \u00e0 un avenir<br \/>\nplus s\u00fbr, plus juste et plus lumineux. L\u2019Union europ\u00e9enne d\u00e9fendra toujours ce<br \/>\ndroit, o\u00f9 et quand il sera menac\u00e9.<\/p>\n<p class=\"MsoNormal\" style=\"text-align: justify;\">&gt; [Crise de Gaza]<br \/>\nL\u2019ordre de d\u00e9placement d\u2019Isra\u00ebl oblige aujourd\u2019hui toutes les personnes dans la<br \/>\nville de Gaza \u00e0 se d\u00e9placer vers le sud. Cela est inacceptable. Les<br \/>\nd\u00e9placements massifs au milieu de la destruction et des p\u00e9nuries ne peuvent pas<br \/>\nse faire en toute s\u00e9curit\u00e9 ou avec dignit\u00e9. <br \/>Tous les civils devraient \u00eatre prot\u00e9g\u00e9s en tout temps par le droit<br \/>\ninternational humanitaire.<\/p>\n<p class=\"MsoNormal\" style=\"text-align: justify;\">&gt; L\u2019attentat<br \/>\nterroriste perp\u00e9tr\u00e9 aujourd\u2019hui \u00e0 J\u00e9rusalem-Est est choquant. Mes pens\u00e9es vont<br \/>\naux familles des victimes et au peuple d\u2019Isra\u00ebl. <br \/>La violence n\u2019est jamais la r\u00e9ponse. Une solution politique est la seule voie \u00e0<br \/>\nsuivre.<\/p>\n<p class=\"MsoNormal\" style=\"text-align: justify;\">&gt; [Menaces de la Russie de Poutine contre l\u2019UE et l\u2019Ukraine]<br \/>\nAu moins trois personnes ont \u00e9t\u00e9 tu\u00e9es,<br \/>\ndont un enfant. Un b\u00e2timent gouvernemental endommag\u00e9.<br \/>La Russie a lanc\u00e9 l\u2019une de ses plus grandes frappes a\u00e9riennes sur l\u2019Ukraine<br \/>\ndepuis le d\u00e9but de la guerre.<br \/>De tels crimes ne peuvent pas rester sans r\u00e9ponse. Le droit international doit<br \/>\n\u00eatre respect\u00e9.<\/p>\n<p class=\"MsoNormal\" style=\"text-align: justify;\">\u00a0<\/p>\n<p class=\"MsoNormal\" style=\"text-align: justify;\"><b>Marta Kos (commissaire \u00e0 l&rsquo;\u00e9largissement)<\/b><br \/>&gt; [Discours sur le renforcement de la r\u00e9silience de la Moldavie contre les<br \/>\nmenaces hybrides russes et les interf\u00e9rences malveillantes]<br \/>Je viens de revenir d\u2019un voyage de trois jours en Moldavie.<br \/>Je peux vous faire part de mon exp\u00e9rience directe\u00a0: il n\u2019est pas exag\u00e9r\u00e9<br \/>\nde dire que, dans moins de trois semaines, la Moldavie aura des \u00e9lections<br \/>\nl\u00e9gislatives d\u2019une importance historique.<br \/>Pour la future place du pays en Europe, et pour la s\u00e9curit\u00e9 \u00e0 nos fronti\u00e8res<br \/>\norientales.<br \/>Plus que jamais, l\u2019Europe se tient aux c\u00f4t\u00e9s de la Moldavie.<br \/>Malgr\u00e9 la guerre en Ukraine voisine, et malgr\u00e9 la guerre hybride que m\u00e8ne la<br \/>\nRussie contre le pays, la Moldavie et son peuple ont fait preuve d\u2019une<br \/>\nincroyable r\u00e9silience.<br \/>Le pays progresse rapidement sur la voie de l\u2019UE.<br \/>Il m\u00e9rite tout notre soutien.<br \/>Le tout premier sommet UE-Moldavie \u00e0 Chisinau en juillet a \u00e9t\u00e9 un autre signe<br \/>\nde notre engagement profond et intense avec le pays. Il a r\u00e9affirm\u00e9 notre<br \/>\nobjectif commun de soutenir fermement la Moldavie sur le chemin de son adh\u00e9sion<br \/>\n\u00e0 l\u2019UE. Les Moldaves veulent la s\u00e9curit\u00e9, la prosp\u00e9rit\u00e9. Ils veulent un syst\u00e8me<br \/>\nde justice qui sert la justice, pas les oligarques, et qui met des politiciens<br \/>\ncorrompus et des fonctionnaires derri\u00e8re les barreaux. Le changement positif en<br \/>\nMoldavie est r\u00e9el. Cela est visible pour quiconque visite r\u00e9guli\u00e8rement le<br \/>\npays.<br \/>La s\u00e9curit\u00e9 de la Moldavie est ins\u00e9parable de celle de l\u2019Europe. \u00c0 l\u2019approche<br \/>\ndes \u00e9lections l\u00e9gislatives du 28\u00a0septembre, nous pouvons clairement voir<br \/>\nla Russie intensifier ses attaques hybrides contre la d\u00e9mocratie et la<br \/>\nstabilit\u00e9 de la Moldavie avec des mensonges flagrants, une strat\u00e9gie de<br \/>\ncampagnes de d\u00e9sinformation, le financement illicite de mandataires politiques,<br \/>\ncyberattaques, chantage \u00e9nerg\u00e9tique et achat de voix sans pr\u00e9c\u00e9dent. L\u2019UE d\u00e9fendra<br \/>\ntoujours le droit du peuple moldave de choisir ses repr\u00e9sentants librement et<br \/>\nsans ing\u00e9rence ext\u00e9rieure ni coercition. Nous r\u00e9pondons activement aux demandes<br \/>\ndes autorit\u00e9s moldaves pour ajouter notre soutien \u00e0 leurs efforts incessants<br \/>\npour prot\u00e9ger l\u2019int\u00e9grit\u00e9 des processus d\u00e9mocratiques que la Russie et ses<br \/>\nmandataires tentent constamment de saper.<br \/>Pour ce faire, nous mobilisons tous les instruments disponibles de soutien de<br \/>\nl\u2019UE\u00a0:<br \/>&#8211; En f\u00e9vrier, j\u2019ai sign\u00e9 un paquet historique sur l\u2019\u00e9nergie qui expose une<br \/>\nstrat\u00e9gie pour s\u00e9parer la Moldavie des approvisionnements \u00e9nerg\u00e9tiques russes.<br \/>\nIl rendra la Moldavie enti\u00e8rement ind\u00e9pendante en mati\u00e8re d\u2019\u00e9nergie d\u2019ici 2027.<br \/>\nLa mise en \u0153uvre est actuellement en avance sur le calendrier.<br \/>&#8211; En mai, avec le soutien \u00e9crasant de cette Assembl\u00e9e, j\u2019ai sign\u00e9 le plan pour<br \/>\nla croissance\u00a0: un paquet historique d\u2019investissements et de r\u00e9formes de<br \/>\n1,9\u00a0milliard d\u2019euros. La semaine derni\u00e8re, j\u2019ai d\u00e9j\u00e0 annonc\u00e9 le deuxi\u00e8me<br \/>\nd\u00e9caissement, ce qui l\u2019a port\u00e9 \u00e0 un total de pr\u00e8s de 300\u00a0millions d\u2019euros.<br \/>\nIci aussi, la mise en \u0153uvre des r\u00e9formes est en avance sur le calendrier.<br \/>&#8211; La Moldavie a \u00e9t\u00e9 le premier pays avec lequel l\u2019UE a sign\u00e9 un partenariat de<br \/>\ns\u00e9curit\u00e9 et de d\u00e9fense en 2024. Il offre un cadre politique solide pour<br \/>\nrenforcer notre coop\u00e9ration existante\u00a0:<br \/>Nous fournissons un soutien cibl\u00e9 pour renforcer la cybers\u00e9curit\u00e9 et lutter<br \/>\ncontre les flux financiers ill\u00e9gaux, ainsi que contre la manipulation et<br \/>\nl\u2019ing\u00e9rence d\u2019informations \u00e9trang\u00e8res.<br \/>Dans le cadre de la facilit\u00e9 europ\u00e9enne pour la paix (EPF), nous avons allou\u00e9<br \/>\n197\u00a0millions d\u2019euros au renforcement des forces arm\u00e9es moldaves, ce qui<br \/>\nfait de la Moldavie le deuxi\u00e8me b\u00e9n\u00e9ficiaire du soutien bilat\u00e9ral EPF apr\u00e8s<br \/>\nl\u2019Ukraine. <br \/>En plus de ce soutien, les sanctions de l\u2019UE contre ceux qui cherchent \u00e0<br \/>\nd\u00e9stabiliser la Moldavie, en place depuis 2023, comprennent quatre s\u00e9ries<br \/>\nd\u2019inscriptions, portant le total \u00e0 23 individus et 5 entit\u00e9s.<br \/>Nous sommes toujours pr\u00eats \u00e0 fournir un soutien avec nos \u00e9quipes de r\u00e9ponse<br \/>\nrapide hybride chaque fois que cela est jug\u00e9 n\u00e9cessaire par les autorit\u00e9s<br \/>\nmoldaves pour renforcer leurs capacit\u00e9s. Nos experts apprennent \u00e9galement de ce<br \/>\npartenariat avec leurs homologues moldaves.<br \/>L\u2019avenir de la Moldavie est dans l\u2019UE. <br \/>Et nous faisons ce qu\u2019il faut pour rapprocher le pays\u00a0: acc\u00e9l\u00e9rer les<br \/>\navantages de l\u2019adh\u00e9sion \u00e0 l\u2019UE, int\u00e9grer son \u00e9conomie dans le march\u00e9 unique et<br \/>\nam\u00e9liorer la vie des citoyens moldaves.<br \/>La Moldavie a fait preuve de d\u00e9termination et de r\u00e9sultats pour mener \u00e0 bien<br \/>\nles r\u00e9formes. En ce qui concerne le processus d\u2019accession, le processus de<br \/>\ns\u00e9lection bilat\u00e9ral devrait se terminer plus tard ce mois-ci. La rapidit\u00e9 avec<br \/>\nlaquelle il a \u00e9t\u00e9 achev\u00e9 t\u00e9moigne de l\u2019engagement de la Moldavie sur sa voie<br \/>\nvers l\u2019UE. Pour notre part, nous sommes d\u00e9termin\u00e9s \u00e0 faire avancer le processus<br \/>\nd\u2019accession de la Moldova aussi rapidement que possible, sans compromettre la<br \/>\nqualit\u00e9 des r\u00e9formes.<br \/>Nous sommes engag\u00e9s envers l\u2019avenir europ\u00e9en de la Moldavie. En mots. Et en<br \/>\nactions.<br \/>Il s\u2019agit d\u2019un investissement strat\u00e9gique pour le pays, ses voisins et l\u2019Union<br \/>\neurop\u00e9enne.<br \/>Le message du d\u00e9bat d\u2019aujourd\u2019hui devrait \u00eatre fort et clair\u00a0: la Moldavie<br \/>\nn\u2019est pas seule. L\u2019UE est fermement \u00e0 ses c\u00f4t\u00e9s\u2014maintenant, pour prot\u00e9ger<br \/>\nl\u2019int\u00e9grit\u00e9 des \u00e9lections, et sur la voie de l\u2019adh\u00e9sion compl\u00e8te \u00e0 l\u2019UE.<br \/>Je me r\u00e9jouis donc vivement que le Parlement ait l\u2019intention d\u2019adopter une<br \/>\nr\u00e9solution reconnaissant les d\u00e9fis auxquels la Moldavie est confront\u00e9e face aux<br \/>\nmenaces hybrides et aux interf\u00e9rences malveillantes de la Russie. Nous<br \/>\nsoutenons fermement votre ferme soutien \u00e0 l\u2019int\u00e9gration de la Moldavie dans<br \/>\nl\u2019UE et r\u00e9affirmons une fois de plus notre engagement \u00e0 soutenir la Moldavie<br \/>\nsur cette voie.<br \/>L\u2019UE et tous les \u00c9tats membres sont fortement unis derri\u00e8re ces engagements.<br \/>Et si je peux ajouter. Les prochaines \u00e9lections l\u00e9gislatives sont un test pour<br \/>\nle peuple moldave afin de d\u00e9terminer son avenir, mais aussi pour montrer \u00e0<br \/>\nl\u2019Europe son engagement dans sa voie vers l\u2019UE. Ne reculons pas devant la<br \/>\nr\u00e9alit\u00e9\u00a0: sans un signal aussi clair, et un futur gouvernement et<br \/>\nparlement moldave fermement engag\u00e9 sur sa voie europ\u00e9enne et son programme de<br \/>\nr\u00e9forme, nous risquons de perdre les progr\u00e8s r\u00e9alis\u00e9s ces derni\u00e8res ann\u00e9es. La G\u00e9orgie<br \/>\nse dresse comme un rappel brutal. Aucun progr\u00e8s n\u2019est \u00e0 prendre pour acquis. Un<br \/>\nretournement ne peut jamais \u00eatre une affaire habituelle.<\/p>\n<p class=\"MsoNormal\" style=\"text-align: justify;\">&gt; Dans son<br \/>\ndiscours sur l\u2019\u00e9tat de l\u2019Union, la pr\u00e9sidente von der Leyen a rappel\u00e9 que l\u2019UE<br \/>\nest fondamentalement un projet de paix.<br \/>Accepter de nouveaux membres dans notre Union est crucial pour mener \u00e0 bien ce<br \/>\nprojet et pour une Europe libre et ind\u00e9pendante.<br \/>Un continent europ\u00e9en qui est \u00ab\u00a0entier et en paix\u00a0\u00bb vaut la peine de<br \/>\nse battre.<\/p>\n<p class=\"MsoNormal\" style=\"text-align: justify;\">\u00abLa libert\u00e9 de<br \/>\nl\u2019Ukraine est la libert\u00e9 de l\u2019Europe.\u00bb (von der Leyen)<br \/>L\u2019\u00e9largissement est la fa\u00e7on dont nous ancrons les valeurs et la s\u00e9curit\u00e9. Avec<br \/>\nnos outils, notre d\u00e9termination et notre financement, nous y parviendrons.<br \/>L\u2019avenir de l\u2019UE pour l\u2019Ukraine est notre s\u00e9curit\u00e9 et notre destin communs. <br \/>Aujourd\u2019hui, j\u2019ai rencontr\u00e9 Sasha, l\u2019un des 20\u00a0000 enfants kidnapp\u00e9s. <br \/>La Russie a essay\u00e9 de lui enlever sa famille et son identit\u00e9. Mais sa<br \/>\ngrand-m\u00e8re a d\u00e9plac\u00e9 des montagnes pour le faire revenir.<br \/>Son histoire m\u2019a profond\u00e9ment touch\u00e9. Je ferai tout ce que je peux pour aider \u00e0<br \/>\nr\u00e9unir toutes les familles ukrainiennes.<br \/>L\u2019adh\u00e9sion \u00e0 l\u2019UE fond\u00e9e sur le m\u00e9rite est la base d\u2019une Europe ind\u00e9pendante.<br \/>Comme l\u2019a soulign\u00e9 la pr\u00e9sidente von der Leyen dans son discours, accueillir<br \/>\nl\u2019Ukraine, la Moldavie et les Balkans occidentaux dans notre UE rendra notre<br \/>\ncontinent plus s\u00fbr.<br \/>C\u2019est pourquoi je travaille sans rel\u00e2che pour l\u2019unification de l\u2019Europe.<br \/>\u00ab\u00a0Une presse libre est l\u2019\u00e9pine dorsale de toute d\u00e9mocratie.\u00a0\u00bb -(von<br \/>\nder Leyen)<br \/>C\u2019est aussi une pierre angulaire du processus #EUEnlargement. Parce qu\u2019un<br \/>\nmanque de reporting ind\u00e9pendant, permet le recul et la corruption.<br \/>Happy a rencontr\u00e9 des journalistes ukrainiens pour discuter de leur r\u00f4le cl\u00e9.<\/p>\n<p class=\"MsoNormal\" style=\"text-align: justify;\">&gt; [Discours sur<br \/>\nla vague de violence et l\u2019usage continu de la force contre les manifestants en<br \/>\nSerbie]<br \/>La Commission se f\u00e9licite de l\u2019occasion qui lui est donn\u00e9e d\u2019organiser un<br \/>\nnouveau d\u00e9bat sur la situation en Serbie, qu\u2019elle suit de tr\u00e8s pr\u00e8s depuis de<br \/>\nnombreux mois et avec une pr\u00e9occupation croissante. <br \/>Apr\u00e8s dix mois de manifestations, la soci\u00e9t\u00e9 serbe se retrouve avec de<br \/>\nprofondes divisions, des sentiments de haine et de frustration \u2013 et tout cela<br \/>\nse refl\u00e8te dans les rues des villes serbes. <br \/>Nous nous attendons \u00e0 ce que l\u2019action de la police soit proportionn\u00e9e et<br \/>\nrespecte les droits fondamentaux, et nous esp\u00e9rons que ces cas feront l\u2019objet<br \/>\nd\u2019une enqu\u00eate prioritaire.<br \/>Nous condamnons \u00e9galement tous les actes de haine, de vandalisme et de violence<br \/>\net continuons \u00e0 appeler toutes les parties \u00e0 d\u00e9samorcer la tension.<br \/>Le respect des droits et valeurs fondamentaux, y compris la libert\u00e9 de r\u00e9union<br \/>\npacifique, les m\u00e9dias et la libert\u00e9 acad\u00e9mique sont des \u00e9l\u00e9ments cl\u00e9s du<br \/>\nparcours europ\u00e9en de la Serbie et doivent \u00eatre respect\u00e9s par tous.<br \/>Cela implique \u00e9galement d\u2019\u00e9viter toute forme de violence contre les<br \/>\nrepr\u00e9sentants du gouvernement ainsi que dans les locaux des partis comme moyen<br \/>\nde manifestations politiques.<br \/>La Commission a toujours soulign\u00e9 l\u2019importance de respecter et de d\u00e9fendre de<br \/>\nmani\u00e8re proactive l\u2019ind\u00e9pendance des institutions judiciaires, et nous<br \/>\ncondamnons la violence ou les menaces contre les repr\u00e9sentants du pouvoir<br \/>\njudiciaire, y compris le minist\u00e8re public. <br \/>La libert\u00e9 des m\u00e9dias est l\u2019un des fondements essentiels d\u2019une soci\u00e9t\u00e9<br \/>\nd\u00e9mocratique et un droit fondamental dans l\u2019UE, et donc un \u00e9l\u00e9ment crucial et<br \/>\nune condition pr\u00e9alable au processus d\u2019adh\u00e9sion de la Serbie \u00e0 l\u2019UE. Dans ce<br \/>\ncontexte, l\u2019influence politique et \u00e9conomique sur les m\u00e9dias en Serbie reste<br \/>\nune pr\u00e9occupation majeure qui doit \u00eatre prise en compte.<br \/>Nous attendons de la Serbie qu\u2019elle cr\u00e9e un environnement favorable \u00e0 la<br \/>\nlibert\u00e9 des m\u00e9dias et qu\u2019elle veille \u00e0 ce que la libert\u00e9 d\u2019expression puisse<br \/>\n\u00eatre exerc\u00e9e sans entrave.<br \/>Nous appelons \u00e0 la d\u00e9sescalade des tensions et aux autorit\u00e9s de permettre un<br \/>\nespace croissant pour que les journalistes puissent exprimer librement leur<br \/>\nvoix. Les attaques auxquelles les journalistes ont \u00e9t\u00e9 confront\u00e9s dans le<br \/>\ncontexte des manifestations doivent cesser, y compris les cas signal\u00e9s<br \/>\nd\u2019implication de la police et les attaques verbales de hauts fonctionnaires. <br \/>Il est crucial que les journalistes puissent faire leur travail sans aucune<br \/>\nmenace de violence, de harc\u00e8lement et d\u2019intimidation pour s\u2019assurer que les<br \/>\ncitoyens ont acc\u00e8s \u00e0 toutes les informations.<br \/>La Commission souligne \u00e9galement que la diffusion de la d\u00e9sinformation et le<br \/>\ndiscours politique hostile, y compris contre l\u2019UE et ses citoyens, sont<br \/>\ncontraires aux valeurs et aux normes de l\u2019UE.<br \/>La Serbie est un pays candidat \u00e0 l\u2019UE. Nous voulons une Serbie v\u00e9ritablement<br \/>\nd\u00e9mocratique au sein de l\u2019UE ; en tant que commissaire \u00e0 l\u2019\u00e9largissement, je<br \/>\nlui suis vraiment d\u00e9vou\u00e9. Nous poursuivrons notre engagement constructif et<br \/>\nferons tout ce qui est en notre pouvoir pour aider la Serbie \u00e0 progresser sur<br \/>\nla voie de l\u2019adh\u00e9sion. Mais pour que cela se produise, des mesures concr\u00e8tes<br \/>\nsur les principes d\u00e9mocratiques et les r\u00e9formes sont n\u00e9cessaires.<br \/>La participation du pr\u00e9sident Vucic \u00e0 des d\u00e9fil\u00e9s militaires \u00e0 Moscou et \u00e0<br \/>\nP\u00e9kin, accompagn\u00e9s de d\u00e9clarations critiques envers l\u2019UE et de d\u00e9put\u00e9s<br \/>\nrespectueux (r\u00e9f\u00e9rence de la d\u00e9l\u00e9gation de la partie verte) n\u2019est pas ce qu\u2019on<br \/>\nattend d\u2019un pays candidat.<br \/>La sinc\u00e9rit\u00e9 de l\u2019engagement de la Serbie dans la voie de l\u2019UE et sa volont\u00e9<br \/>\npolitique de mettre en \u0153uvre de mani\u00e8re cr\u00e9dible les r\u00e9formes requises doivent<br \/>\n\u00eatre renforc\u00e9es par la communication et des actions concr\u00e8tes.<br \/>La Serbie doit intensifier ses efforts et surmonter la stagnation actuelle dans<br \/>\nla mise en \u0153uvre des r\u00e9formes fondamentales. Il est temps d\u2019obtenir des<br \/>\nr\u00e9sultats concrets dans la lutte contre la corruption et le renforcement de<br \/>\nl\u2019\u00e9tat de droit, y compris en ce qui concerne l\u2019ind\u00e9pendance du pouvoir<br \/>\njudiciaire et la libert\u00e9 des m\u00e9dias ainsi que les r\u00e9formes \u00e9lectorales.<br \/>La Commission attend de la Serbie qu\u2019elle cr\u00e9e un environnement favorable \u00e0 la<br \/>\nsoci\u00e9t\u00e9 civile. Les voix ind\u00e9pendantes doivent \u00eatre entendues et prot\u00e9g\u00e9es.<br \/>Les intimidations et la pression sur la soci\u00e9t\u00e9 civile ne sont pas notre fa\u00e7on<br \/>\nde fonctionner dans l\u2019Union et ne doivent pas \u00eatre tol\u00e9r\u00e9es.<br \/>Toutes ces \u00e9tapes de r\u00e9forme sont essentielles pour les progr\u00e8s de la Serbie<br \/>\nsur sa voie europ\u00e9enne, et elles sont imp\u00e9ratives pour sortir de l\u2019impasse<br \/>\npolitique actuelle et des divisions dans la soci\u00e9t\u00e9 serbe. <br \/>L\u2019histoire a prouv\u00e9 que les changements d\u00e9mocratiques ne peuvent venir que de<br \/>\nl\u2019int\u00e9rieur d\u2019un pays, par des processus d\u00e9mocratiques internes. Et c\u2019est ce<br \/>\nque la Commission respecte et observe. Nous soutenons les recommandations du<br \/>\nBIDDH sur la l\u00e9gislation \u00e9lectorale\u00a0: en particulier l\u2019audit des registres<br \/>\n\u00e9lectoraux. Cela am\u00e9liorerait le climat politique et pourrait servir d\u2019exemple<br \/>\npour montrer que l\u2019avancement est possible s\u2019il y a la volont\u00e9 et une approche<br \/>\nconstructive de tous.<br \/>Une fois de plus, il est imp\u00e9ratif que la Serbie cr\u00e9e les conditions d\u2019un<br \/>\ndialogue renouvel\u00e9 entre les parties prenantes dans l\u2019ensemble du spectre<br \/>\npolitique et de la soci\u00e9t\u00e9. \u00c0 notre avis, cela devrait \u00eatre bas\u00e9 sur un<br \/>\nconsensus soci\u00e9tal renouvel\u00e9 sur les r\u00e9formes cl\u00e9s.<br \/>Nous esp\u00e9rons voir des \u00e9tapes vers le dialogue concernant l\u2019\u00e9lection du nouveau<br \/>\nconseil du r\u00e9gulateur des m\u00e9dias REM, et une conclusion r\u00e9ussie de cette<br \/>\nproc\u00e9dure dans les prochaines semaines. C\u2019est l\u2019un des engagements pour<br \/>\nl\u2019ouverture du Cluster 3. <br \/>L\u2019adh\u00e9sion \u00e0 l\u2019UE est un projet de soci\u00e9t\u00e9 pour tous et en m\u00eame temps une<br \/>\nresponsabilit\u00e9 commune de tous les partis politiques et autres parties<br \/>\nprenantes.<br \/>Nous continuerons \u00e0 collaborer avec les autorit\u00e9s et toutes les parties<br \/>\nprenantes, les acteurs politiques et la soci\u00e9t\u00e9 civile pour les encourager \u00e0<br \/>\ntrouver un moyen de sortir de l\u2019impasse politique actuelle et \u00e0 mettre en place<br \/>\nun processus v\u00e9ritablement inclusif, pour le b\u00e9n\u00e9fice de tous ses citoyens et<br \/>\nde toute la soci\u00e9t\u00e9 serbe et la voie europ\u00e9enne et l\u2019adh\u00e9sion \u00e0 l\u2019UE dans le<br \/>\nfutur.<\/p>\n<p class=\"MsoNormal\" style=\"text-align: justify;\">&gt; [Discours sur<br \/>\nle d\u00e9bat sur l\u2019action de l\u2019UE pour garantir des garanties de s\u00e9curit\u00e9 et une<br \/>\npaix juste pour l\u2019Ukraine]<br \/>Permettez-moi tout d\u2019abord d\u2019exprimer ma plus profonde gratitude \u00e0 cette<br \/>\nAssembl\u00e9e pour son engagement r\u00e9solu et son soutien continu envers l\u2019Ukraine.<br \/>\nVotre voix ferme a \u00e9t\u00e9 une source de force \u00e0 Kyiv, un phare d\u2019espoir que les<br \/>\nsacrifices de l\u2019Ukraine ne soient pas vains. Permettez-moi de remercier tout<br \/>\nparticuli\u00e8rement M. Gahler, le rapporteur sur l\u2019Ukraine, pour le travail qu\u2019il<br \/>\na accompli afin de faire avancer la position de cette Assembl\u00e9e avec clart\u00e9 et<br \/>\nconviction.<br \/>Aujourd\u2019hui, alors que nous examinons les rapports sur l\u2019\u00e9largissement de la<br \/>\nCommission pour 2023 et 2024, et alors que nous regardons vers le rapport 2025<br \/>\nd\u00e9j\u00e0 en pr\u00e9paration, nous devons nous rappeler ce qui est vraiment en jeu. Le<br \/>\nchemin de l\u2019adh\u00e9sion de l\u2019Ukraine est une question de survie, de souverainet\u00e9<br \/>\net de s\u00e9curit\u00e9 \u00e0 long terme \u2013 non seulement pour l\u2019Ukraine, mais pour l\u2019Europe<br \/>\ndans son ensemble.<br \/>L\u2019Ukraine a choisi cette voie librement et l\u00e9gitimement. C\u2019est ce pour quoi les<br \/>\nUkrainiens se battent jour apr\u00e8s jour, nuit apr\u00e8s nuit, sous attaque continue.<br \/>\nLeur choix est clair\u00a0: un avenir ancr\u00e9 dans la paix, la stabilit\u00e9 et la<br \/>\nprosp\u00e9rit\u00e9, un avenir au sein de la famille de l\u2019UE. Mais ce n\u2019est pas une voie<br \/>\nfacile.<br \/>Alors que les combats violents se poursuivent, les attaques brutales russes<br \/>\ncontre des cibles civiles ont \u00e9t\u00e9 intensifi\u00e9es. Dimanche, la Russie a attaqu\u00e9<br \/>\npour la premi\u00e8re fois le b\u00e2timent du Cabinet des ministres \u00e0 Kiev, une attaque<br \/>\ndirecte contre un si\u00e8ge du gouvernement ukrainien. Cette attaque n\u2019\u00e9tait pas un<br \/>\naccident. C\u2019\u00e9tait un message.<br \/>La Russie ne veut pas la paix. La Russie craint les aspirations europ\u00e9ennes de<br \/>\nl\u2019Ukraine et rejette la d\u00e9mocratie. C\u2019est pourquoi notre r\u00e9ponse doit \u00eatre<br \/>\nr\u00e9solue et unie.<br \/>Malgr\u00e9 cette guerre brutale, l\u2019Ukraine a progress\u00e9 r\u00e9guli\u00e8rement dans ses<br \/>\nr\u00e9formes. L\u2019\u00e9valuation de la Commission fait appara\u00eetre des progr\u00e8s dans des<br \/>\ndomaines cl\u00e9s tels que l\u2019\u00e9nergie, les douanes et la politique \u00e9trang\u00e8re et de<br \/>\ns\u00e9curit\u00e9. C\u2019est une d\u00e9monstration claire de d\u00e9termination. Mais l\u2019adh\u00e9sion ne<br \/>\nconsiste pas seulement \u00e0 cocher des cases. Il s\u2019agit de transformer un \u00e9tat et<br \/>\nune soci\u00e9t\u00e9 pour garantir l\u2019\u00e9tat de droit, la lutte contre la corruption,<br \/>\nl\u2019ind\u00e9pendance des institutions et une d\u00e9mocratie qui fonctionne.<br \/>Cela n\u00e9cessite l\u2019ensemble de l\u2019Ukraine\u00a0: le gouvernement, la soci\u00e9t\u00e9<br \/>\ncivile, les parties prenantes, et en particulier, la Rada \u2013 le Parlement<br \/>\nd\u2019Ukraine. Nous avons vu en juillet \u00e0 quel point le progr\u00e8s peut \u00eatre fragile.<br \/>\nLes tentatives visant \u00e0 saper l\u2019ind\u00e9pendance des organes de lutte contre la<br \/>\ncorruption, NABU et SAPO, \u00e9taient profond\u00e9ment troublantes. Nous avons \u00e9t\u00e9 tr\u00e8s<br \/>\nclairs\u00a0: de telles actions sont inacceptables. Ces institutions sont les<br \/>\nfondements m\u00eames de l\u2019Ukraine que les Ukrainiens veulent construire \u2013<br \/>\ntransparente, responsable, europ\u00e9enne.<br \/>Le 31\u00a0juillet, l\u2019Ukraine a corrig\u00e9 son cap. Les principales garanties ont<br \/>\n\u00e9t\u00e9 r\u00e9tablies. D\u2019autres mesures, y compris la nomination du Chef du Bureau de<br \/>\nla s\u00e9curit\u00e9 \u00e9conomique, ont \u00e9t\u00e9 d\u00e9bloqu\u00e9es. Ce sont des \u00e9tapes positives. Parce<br \/>\nque l\u2019\u00e9tat de droit est une valeur cl\u00e9 de l\u2019UE. Et cela exige la vigilance de<br \/>\nchaque acteur, pour le bien de l\u2019avenir europ\u00e9en de l\u2019Ukraine.<br \/>Dans ce contexte, la Commission estime que l\u2019Ukraine a rempli les conditions<br \/>\npour ouvrir le groupe 1, tandis que nous l\u2019encourageons \u00e0 poursuivre ses<br \/>\ntravaux sur la mise en \u0153uvre des feuilles de route et notamment du plan<br \/>\nd\u2019action pour les minorit\u00e9s. En ce moment crucial, un signe fort de soutien est<br \/>\nplus que symbolique \u2013 c\u2019est strat\u00e9gique et m\u00e9rit\u00e9. J\u2019appelle donc le Conseil \u00e0<br \/>\nd\u00e9cider de l\u2019ouverture du Cluster 1 sans plus tarder. Sur le seul motif<br \/>\nl\u00e9gitime\u00a0: les m\u00e9rites de l\u2019Ukraine.<br \/>Beaucoup a d\u00e9j\u00e0 \u00e9t\u00e9 accompli \u2013 ensemble. Et ensemble, nous devons continuer.<br \/>L\u2019adh\u00e9sion de l\u2019Ukraine \u00e0 l\u2019UE est la garantie la plus puissante de sa<br \/>\ns\u00e9curit\u00e9. Chaque r\u00e9forme consolid\u00e9e, chaque cluster ouvert, chaque pas en avant<br \/>\nest un pas qui enferme plus fermement l\u2019Ukraine dans notre maison europ\u00e9enne<br \/>\ncommune. C\u2019est aussi un signal pour Moscou\u00a0: le destin europ\u00e9en de<br \/>\nl\u2019Ukraine est irr\u00e9versible.<br \/>Ne sous-estimons pas ce que cela signifie. Les Ukrainiens d\u00e9fendent non<br \/>\nseulement leur territoire mais aussi la libert\u00e9 et la d\u00e9mocratie en Europe. Le<br \/>\nmoins que nous puissions faire est d\u2019allier leur courage \u00e0 la d\u00e9termination<br \/>\npolitique.<br \/>Nous continuerons d\u2019aider l\u2019Ukraine \u00e0 faire progresser les r\u00e9formes, en<br \/>\nparticulier dans le domaine de la primaut\u00e9 du droit. Et nous continuerons de<br \/>\nveiller \u00e0 ce que le processus d\u2019accession reste fond\u00e9 sur le m\u00e9rite, cr\u00e9dible<br \/>\net pr\u00e9visible. Et je compte sur cette Assembl\u00e9e pour rester pleinement engag\u00e9e<br \/>\n\u2013 encourager toutes les forces politiques en Ukraine \u00e0 travailler de mani\u00e8re<br \/>\nconstructive, et rappeler \u00e0 tous les \u00c9tats membres que le temps des h\u00e9sitations<br \/>\nest pass\u00e9.<br \/>L\u2019avenir de l\u2019Ukraine est en Europe. Son peuple a choisi cette voie avec<br \/>\ncourage, avec sacrifice et avec espoir. Maintenant, il nous appartient \u00e0 tous \u2013<br \/>\nd\u2019\u00eatre \u00e0 la hauteur des circonstances, d\u2019aider \u00e0 rendre ce choix irr\u00e9versible<br \/>\net de faire en sorte qu\u2019un jour prochain, l\u2019Ukraine prenne la place qui lui<br \/>\nrevient dans cette Chambre.<\/p>\n<p class=\"MsoNormal\" style=\"text-align: justify;\">&gt; Alors que nous<br \/>\navons discut\u00e9 de l\u2019avenir europ\u00e9en de l\u2019Ukraine au Parlement europ\u00e9en, la<br \/>\nRussie continue de prendre des vies civiles. <br \/>Aujourd\u2019hui, plus de 20 personnes ont \u00e9t\u00e9 tu\u00e9es dans la file d\u2019attente pour<br \/>\nleur pension. <br \/>L\u2019escalade des gr\u00e8ves prouve que Moscou veut la guerre, pas la paix. Mais le<br \/>\ncours de l\u2019Ukraine est fix\u00e9\u00a0: adh\u00e9sion \u00e0 l\u2019UE, libert\u00e9, Europe.<\/p>\n<p class=\"MsoNormal\" style=\"text-align: justify;\">\u00a0<\/p>\n<p class=\"MsoNormal\" style=\"text-align: justify;\"><b style=\"font-family: arial;\">\u25cf Parlement europ\u00e9en<\/b><br \/><b style=\"mso-bidi-font-weight: normal;\">\u2666 Renew Europe (groupe centriste<br \/>\net lib\u00e9ral au Parlement europ\u00e9en)\u00a0<br \/><\/b>[Nota: les propos tenus par les d\u00e9put\u00e9s europ\u00e9ens fran\u00e7ais sont \u00e0 lire dans<br \/>\nPropos centristes France] \u00a0<br \/>\n<b style=\"font-family: arial;\">Billy Kelleher (premier vice-pr\u00e9sident)<br \/><\/b>&gt; [Crise de Gaza] Annonce<br \/>\nimportante par la pr\u00e9sidente von der Leyen lors de son discours sur l\u2019\u00e9tat de l\u2019Union.<br \/>\n<br \/>Changement significatif dans la mani\u00e8re dont l\u2019UE travaillera avec<br \/>\nIsra\u00ebl\u00a0: <br \/>&#8211; Sanctions contre les colons et les extr\u00e9mistes<br \/>&#8211; Soutien bilat\u00e9ral en attente<br \/>&#8211; Suspension partielle de l\u2019accord UE-Isra\u00ebl.<\/p>\n<p class=\"MsoNormal\" style=\"text-align: justify;\">\u00a0<\/p>\n<p class=\"MsoNormal\" style=\"text-align: justify;\"><b style=\"font-family: arial;\">Dan Barna<br \/>\n(vice-pr\u00e9sident)<br \/><\/b>&gt; J\u2019appelle fermement le Conseil \u00e0 ouvrir les n\u00e9gociations d\u2019adh\u00e9sion<br \/>\navec la Moldavie sur le groupe \u00ab fondamentaux \u00bb. Poutine orchestre des attaques<br \/>\nhybrides massives et des campagnes de d\u00e9sinformation en Moldavie, qui constitue<br \/>\nla derni\u00e8re ligne de front pour la d\u00e9fense de l\u2019Europe. Nous devons r\u00e9agir en<br \/>\ncons\u00e9quence, car le pays a d\u00e9j\u00e0 rempli toutes les conditions de m\u00e9rite. En<br \/>\noutre, lors des futures n\u00e9gociations sur le CFP, la Moldavie doit b\u00e9n\u00e9ficier<br \/>\nd\u2019un financement ad\u00e9quat dans les lignes budg\u00e9taires de pr\u00e9adh\u00e9sion.<br \/>\nJ&rsquo;examinerai attentivement les n\u00e9gociations avec la Commission sur la<br \/>\nproposition de ligne budg\u00e9taire \u00abEurope dans le monde\u00bb.<\/p>\n<p class=\"MsoNormal\" style=\"text-align: justify;\">\u00a0<\/p>\n<p class=\"MsoNormal\" style=\"text-align: justify;\"><b style=\"font-family: arial;\">Irena Joveva<br \/>\n(vice-pr\u00e9sidente)<br \/><\/b>&gt; Fier de dire que les \u00e9tudiants serbes qui luttent pour leur avenir<br \/>\ncontre la r\u00e9pression violente de Vu\u010di\u0107 ont \u00e9t\u00e9 nomin\u00e9s pour le Prix Sakharov<br \/>\npar Renew Europe. Leur courage contraste fortement avec l\u2019inaction de l\u2019UE. Ce<br \/>\nsont nos valeurs en jeu.<\/p>\n<p class=\"MsoNormal\" style=\"text-align: justify;\">\u00a0<\/p>\n<p class=\"MsoNormal\" style=\"text-align: justify;\"><b>Barry Andrews (d\u00e9put\u00e9)<br \/><\/b>&gt; [Crise de Gaza] Le taux de mortalit\u00e9 civile \u00e0 Gaza est de 83\u00a0%.<br \/>Plus de 50\u00a0000 enfants sont d\u00e9j\u00e0 morts ou bless\u00e9s.<br \/>L\u2019arm\u00e9e isra\u00e9lienne avait l\u2019habitude de dire \u00abNous sommes tous parents, nous ne<br \/>\ntuons pas les enfants\u00bb mais cela ne semble plus les d\u00e9ranger.<br \/>C\u2019est ind\u00e9fendable.<\/p>\n<p class=\"MsoNormal\" style=\"text-align: justify;\">\u00a0<\/p>\n<p class=\"MsoNormal\" style=\"text-align: justify;\"><b>Michal Kobosko (d\u00e9put\u00e9)<br \/><\/b>&gt; [Menaces de la Russie de Poutine contre l\u2019UE et l\u2019Ukraine] Il y a<br \/>\nquelques heures \u00e0 peine, la Russie a viol\u00e9 \u00e0 plusieurs reprises l&rsquo;espace a\u00e9rien<br \/>\npolonais et mis en danger la vie de citoyens de l&rsquo;UE, ce qui est totalement<br \/>\ninacceptable. L&rsquo;Europe doit \u00eatre capable de se d\u00e9fendre contre l&rsquo;agresseur.<br \/>\nCela implique d&rsquo;agir maintenant pour garantir une dissuasion europ\u00e9enne<br \/>\ncr\u00e9dible. La Russie ne respecte que la force, et ses provocations ne peuvent<br \/>\ndonc rester sans r\u00e9ponse. Europe, r\u00e9veillez-vous avant qu&rsquo;il ne soit trop tard<br \/>\n!<\/p>\n<p class=\"MsoNormal\" style=\"text-align: justify;\">&gt; [Menaces de la Russie de Poutine contre l\u2019UE et l\u2019Ukraine]<br \/>\nJe suis heureux de constater que face \u00e0 l\u2019attaque des drones russes, les<br \/>\nparties qui se disputent souvent au quotidien \u2013 le Premier ministre et le<br \/>\npr\u00e9sident \u2013 ont pu placer la s\u00e9curit\u00e9 de la Pologne avant l\u2019animosit\u00e9<br \/>\npolitique. Cela montre que l\u2019unit\u00e9 est possible dans les moments difficiles.<br \/>Malheureusement, il y a encore parmi nous ceux qui ne comprennent pas la menace<br \/>\net jouent dans le bac \u00e0 sable politique. Au Parlement europ\u00e9en, le groupe PfE ont<br \/>\nvot\u00e9 pour rejeter le rapport de situation 2023 de l\u2019Ukraine\u201324 plut\u00f4t que de<br \/>\nsoutenir sans \u00e9quivoque les actions soutenant notre voisin de l\u2019est \u00e0 un moment<br \/>\ndifficile. \u00c0 son tour, l\u2019Europe des nations souveraines ont d\u00e9pos\u00e9 des<br \/>\namendements qui, en pratique, d\u00e9fendent l\u2019infrastructure du Nord Stream \u2013 qui a<br \/>\nrenforc\u00e9 l\u2019influence russe au fil des ans, au lieu de prot\u00e9ger la s\u00e9curit\u00e9 de<br \/>\nl\u2019Europe.<br \/>Il y a quelques jours, nous avons appris que 43,7\u00a0milliards d\u2019euros du<br \/>\nprogramme SAFE seront vers\u00e9s \u00e0 la Pologne &#8211; en fait, tous les \u00c9tats membres<br \/>\ncontribueront \u00e0 l\u2019armement dont la Pologne sera le principal b\u00e9n\u00e9ficiaire. Ewa Zajaczkowska<br \/>\n[Conf\u00e9d\u00e9ration, extr\u00eame-droite] dans le d\u00e9bat sur le raid par drone n\u2019a pas<br \/>\ncritiqu\u00e9 Poutine, juste&#8230; le programme SAFE. Anna Brylka [Mouvement national,<br \/>\nextr\u00eame-droite], d\u2019autre part, lors du d\u00e9bat sur la s\u00e9curit\u00e9 de la Pologne, parle<br \/>\ndu Green Deal et des migrants\u2026<br \/>A la Di\u00e8te, la situation est similaire: Conf\u00e9d\u00e9ration [extr\u00eame-droite] a vot\u00e9<br \/>\nhier pour rejeter en premi\u00e8re lecture le projet sur l\u2019assistance aux citoyens<br \/>\nukrainiens, ignorant la menace r\u00e9elle pour la r\u00e9gion et la s\u00e9curit\u00e9 commune. Slawomir<br \/>\nMentzen [Nouvel espoir, extr\u00eame-droite], juste apr\u00e8s l\u2019attaque du drone, a<br \/>\npubliquement calcul\u00e9 comment et combien il \u00e9tait rentable de tirer sur des<br \/>\ndrones russes, critiquant les actions de l\u2019arm\u00e9e polonaise. <br \/>Le g\u00e9n\u00e9ral Kuku\u0142a a rappel\u00e9 \u00e0 juste titre hier que s\u2019il y a la vie d\u2019un seul<br \/>\nPolonais dans le jeu, il n\u2019y a pas le temps de compter les co\u00fbts, on, doit agir<br \/>\nimm\u00e9diatement, surtout quand on ne sait pas s\u2019il y aura une escalade de l\u2019attaque.<br \/>\nDans les propos de Slawomir Mentzen, il n\u2019y avait pas de critique de Poutine<br \/>\nlui-m\u00eame. A quoi joue l\u2019extr\u00eame-droite? Ou plut\u00f4t, pour qui?<\/p>\n<p class=\"MsoNormal\" style=\"text-align: justify;\">\u00a0<\/p>\n<p class=\"MsoNormal\" style=\"text-align: justify;\"><b>Marie-Agnes Strack-Zimmermann (d\u00e9put\u00e9e)<br \/><\/b>&gt; [Menaces de la Russie de Poutine contre l\u2019UE et l\u2019Ukraine] Depuis des<br \/>\nsemaines, des drones russes survolent \u00e0 r\u00e9p\u00e9tition le territoire de l&rsquo;OTAN.<br \/>\nMais le fait que plus de 20 drones p\u00e9n\u00e8trent d\u00e9sormais \u00e0 plus de 100 kilom\u00e8tres<br \/>\nde profondeur en territoire polonais constitue un nouveau palier d&rsquo;escalade<br \/>\ndans la logique guerri\u00e8re de Poutine.<br \/>Sur le plan militaire, cela ne doit pas nous inqui\u00e9ter. Mais l&rsquo;OTAN ne doit pas<br \/>\nh\u00e9siter. Tout comme des avions de chasse n\u00e9erlandais, entre autres, ont<br \/>\nintercept\u00e9 des drones la nuit derni\u00e8re, l&rsquo;Alliance dans son ensemble doit d\u00e9sormais<br \/>\nr\u00e9agir avec d\u00e9termination. Sinon, les pays limitrophes de la Russie en<br \/>\nparticulier perdront confiance en l&rsquo;Alliance \u2013 et c&rsquo;est pr\u00e9cis\u00e9ment ce que<br \/>\nPoutine sp\u00e9cule.<\/p>\n<p class=\"MsoNormal\" style=\"text-align: justify;\">\u00a0<\/p>\n<p class=\"MsoNormal\" style=\"text-align: justify;\"><b>Hilde Vautmans (d\u00e9put\u00e9e)<br \/><\/b>&gt; [Crise de Gaza] Nous ne pouvons pas rester les bras crois\u00e9s pendant<br \/>\nque des enfants meurent de faim parce que des camions remplis de nourriture<br \/>\nsont bloqu\u00e9s aux fronti\u00e8res. Cette famine n&rsquo;est pas une catastrophe naturelle,<br \/>\nc&rsquo;est un acte politique, et l&rsquo;Europe doit r\u00e9agir avec courage politique. Cela<br \/>\nsignifie ouvrir les points de passage, sanctionner les responsables, qu\u2019il<br \/>\ns\u2019agisse de dirigeants du Hamas, de colons violents ou de ministres isra\u00e9liens,<br \/>\net suspendre les privil\u00e8ges jusqu\u2019\u00e0 ce que le droit international soit respect\u00e9.<br \/>\nSi l&rsquo;Europe continue de parler de valeurs tout en refusant d&rsquo;agir, nous<br \/>\nperdrons notre cr\u00e9dibilit\u00e9 et trahirons notre promesse fondatrice: plus jamais<br \/>\n\u00e7a.<\/p>\n<p class=\"MsoNormal\" style=\"text-align: justify;\">&gt; [Crise de Gaza] Avec le vote d&rsquo;aujourd&rsquo;hui, le<br \/>\nParlement europ\u00e9en envoie un message clair au Conseil et \u00e0 la Commission : Plus<br \/>\nd&rsquo;excuses. Il est temps d&rsquo;agir<br \/>La r\u00e9solution sur Gaza \u00e9tablit une position europ\u00e9enne commune : condamner le<br \/>\nterrorisme, exiger un cessez-le-feu imm\u00e9diat et permanent, insister sur la<br \/>\nlib\u00e9ration de tous les otages et r\u00e9clamer un acc\u00e8s humanitaire urgent pour<br \/>\nsauver des vies \u00e0 Gaza. Cette r\u00e9solution est un appel \u00e0 l&rsquo;action. Nous devons<br \/>\nmaintenant veiller \u00e0 ce que l&rsquo;aide parvienne \u00e0 chaque personne dans le besoin,<br \/>\n\u00e0 ce que toutes les parties respectent le droit international, \u00e0 ce que des<br \/>\nsanctions soient appliqu\u00e9es contre le Hamas et les ministres isra\u00e9liens<br \/>\nextr\u00e9mistes, et \u00e0 ce que nous entamions le processus vers une solution \u00e0 deux<br \/>\n\u00c9tats en reconnaissant l&rsquo;\u00c9tat de Palestine \u2013 une fois tous les otages lib\u00e9r\u00e9s<br \/>\net en exigeant clairement que le Hamas ne joue aucun r\u00f4le dans l&rsquo;avenir de Gaza.<br \/>\nL&rsquo;objectif ultime reste deux \u00c9tats d\u00e9mocratiques, Isra\u00ebl et la Palestine,<br \/>\nvivant c\u00f4te-\u00e0-c\u00f4te dans la paix et la s\u00e9curit\u00e9.<\/p>\n<p class=\"MsoNormal\" style=\"text-align: justify;\">\u00a0<\/p>\n<p class=\"MsoNormal\" style=\"text-align: justify;\"><b>Lubica Karva\u0161ov\u00e1 (d\u00e9put\u00e9e)<\/b><br \/>&gt; Nous nous sommes battus pour placer les r\u00e9gions et les citoyens au premier<br \/>\nplan. Nous avons obtenu des financements non seulement pour la d\u00e9fense et la<br \/>\npr\u00e9paration civile, mais aussi pour ce dont les gens ont r\u00e9ellement besoin : un<br \/>\nlogement abordable, des r\u00e9seaux \u00e9lectriques fiables et une meilleure gestion de<br \/>\nl\u2019eau. Nous avons d\u00e9fendu les r\u00e9gions les plus pauvres, les petites et moyennes<br \/>\nentreprises, la prolongation du Fonds pour une transition juste et la<br \/>\npr\u00e9servation de l\u2019\u00c9tat de droit, car l\u2019argent de l\u2019Europe doit servir les<br \/>\nEurop\u00e9ens. Ce compromis constitue un progr\u00e8s, mais ce n\u2019est qu\u2019une premi\u00e8re<br \/>\n\u00e9tape : dans le prochain budget europ\u00e9en de sept ans, nous exigerons des<br \/>\ngaranties plus solides encore. <br style=\"mso-special-character: line-break;\"\/><br \/>\n<br style=\"mso-special-character: line-break;\"\/>\n<\/p>\n<p class=\"MsoNormal\" style=\"text-align: justify;\"><b>Brigitte van den Berg (d\u00e9put\u00e9e)<\/b> <br \/>&gt; L\u2019Europe doit \u00eatre du c\u00f4t\u00e9 des citoyens, et avec ce rapport nous<br \/>\natteignons cet objectif. Il s\u2019agit d\u2019un fonds qui investit dans les personnes,<br \/>\net nous nous r\u00e9jouissons que les changements refl\u00e8tent les nouveaux d\u00e9fis<br \/>\nauxquels l\u2019Europe est confront\u00e9e depuis la cr\u00e9ation de ce fonds. Je suis donc<br \/>\ntr\u00e8s satisfaite des nouveaux investissements dans les comp\u00e9tences li\u00e9es \u00e0 la<br \/>\nd\u00e9fense et \u00e0 la d\u00e9carbonation. Cependant, je tiens \u00e0 souligner que l\u2019\u00c9tat de<br \/>\ndroit est d\u2019une importance capitale pour Renew, et j\u2019appelle donc la Commission<br \/>\n\u00e0 veiller \u00e0 ce qu\u2019aucun contournement des dispositions en mati\u00e8re d\u2019\u00c9tat de<br \/>\ndroit ne soit autoris\u00e9.<\/p>\n<p class=\"MsoNormal\" style=\"text-align: justify;\">\u00a0<\/p>\n<p class=\"MsoNormal\" style=\"text-align: justify;\"><b>Helmut Brandst\u00e4tter (d\u00e9put\u00e9) <br \/><\/b>&gt; En cette p\u00e9riode de turbulences pour l&rsquo;Europe, o\u00f9 notre d\u00e9mocratie est<br \/>\nattaqu\u00e9e de toutes parts, nous devons agir rapidement et r\u00e9solument. L&rsquo;initiative<br \/>\n\u00ab Bouclier d\u00e9mocratique \u00bb peut apporter \u00e0 l&rsquo;Union europ\u00e9enne la r\u00e9silience dont<br \/>\nelle a tant besoin. Le Parlement europ\u00e9en a d\u00e9ploy\u00e9 des efforts consid\u00e9rables<br \/>\npour cr\u00e9er un cadre constructif pour cette initiative. Malheureusement, les<br \/>\nretards persistants de la Commission freinent les progr\u00e8s. La Commission doit<br \/>\ns&rsquo;acquitter de toute urgence de ses obligations et publier la communication<br \/>\ndans les meilleurs d\u00e9lais.<\/p>\n<p class=\"MsoNormal\" style=\"text-align: justify;\">\u00a0<\/p>\n<p class=\"MsoNormal\" style=\"text-align: justify;\"><b>Ciaran Mullooly (d\u00e9put\u00e9)<\/b><br \/>&gt; Mon objectif, en pr\u00e9sentant ce nouveau document politique important, a \u00e9t\u00e9<br \/>\nde mettre au premier plan le bien-\u00eatre des travailleurs qui ont perdu leur<br \/>\nemploi en Irlande et en Europe, ainsi que celui de leurs familles, dans le<br \/>\ncadre du passage \u00e0 la d\u00e9carbonation. Le Fonds pour une transition juste avait<br \/>\n\u00e9t\u00e9 con\u00e7u \u00e0 l\u2019origine pour que personne ne soit laiss\u00e9 pour compte, mais lors<br \/>\nde mes visites dans les \u00c9tats membres, j\u2019ai d\u00e9couvert plusieurs domaines o\u00f9 un<br \/>\nnouveau soutien est urgent. J\u2019ai abord\u00e9 ces probl\u00e8mes dans ce rapport<br \/>\nessentiel. L\u2019\u00e9tape suivante est la restauration d\u2019un budget europ\u00e9en d\u00e9di\u00e9 \u00e0<br \/>\ncette nouvelle politique, et j\u2019ai d\u00e9j\u00e0 appel\u00e9 le vice-pr\u00e9sident de la<br \/>\nCommission Fitto \u00e0 traiter ce point de toute urgence dans les prochaines<br \/>\ndiscussions sur le CFP.<\/p>\n<p class=\"MsoNormal\" style=\"text-align: justify;\">\u00a0<\/p>\n<p class=\"MsoNormal\" style=\"text-align: justify;\"><b>Anna-Maja Henriksson (d\u00e9put\u00e9e)<br \/><\/b>&gt; Des rapports importants ont \u00e9t\u00e9 r\u00e9dig\u00e9s r\u00e9cemment. Ils contiennent une<br \/>\nfoule de propositions tangibles. Draghi se concentre sur le renforcement de la<br \/>\ncomp\u00e9titivit\u00e9. Letta est sur la r\u00e9paration du march\u00e9 unique. L\u2019ancien pr\u00e9sident<br \/>\nfinlandais Sauli Niinist\u00f6 plaide en faveur d\u2019une union de pr\u00e9paration et<br \/>\nsouligne la n\u00e9cessit\u00e9 de simplifier un certain nombre de r\u00e8gles pour renforcer<br \/>\nla s\u00e9curit\u00e9 de l\u2019Europe. Avec mon rapport, le Parlement europ\u00e9en fait<br \/>\nmaintenant sa part. Les bonnes id\u00e9es et les propositions intelligentes doivent<br \/>\n\u00eatre transform\u00e9es en actions\u2014maintenant. (&#8230;)<br \/>Le renforcement du march\u00e9 unique est la seule fa\u00e7on de renforcer la<br \/>\ncomp\u00e9titivit\u00e9 et l\u2019influence mondiale de l\u2019UE. Prenez l\u2019accord<br \/>\nUE-\u00c9tats-Unis\u00a0: nous sommes horrifi\u00e9s d\u2019\u00eatre frapp\u00e9s par un tarif de<br \/>\n15\u00a0%. Mais le Fonds mon\u00e9taire international a estim\u00e9 que les barri\u00e8res au<br \/>\nmarch\u00e9 int\u00e9rieur dans l\u2019UE \u00e9quivalent \u00e0 un tarif de 45\u00a0% sur la<br \/>\nfabrication et \u00e0 un tarif de 110\u00a0% sur les services. Si nous \u00e9liminons ces<br \/>\nbarri\u00e8res, nous serons plus riches, plus forts, plus prosp\u00e8res et plus influents.<\/p>\n<p class=\"MsoNormal\" style=\"text-align: justify;\">\u00a0<\/p>\n<p class=\"MsoNormal\" style=\"text-align: justify;\"><b style=\"font-family: arial;\">\u25ba Pays membres de<br \/>\nl\u2019Union europ\u00e9enne<br \/>\u25cf Allemagne\u00a0<br \/>\u2666 FDP\u00a0<br \/>Christian D\u00fcrr (pr\u00e9sident)<br \/><\/b>&gt; Maintenant, m\u00eame Jens Spahn [pr\u00e9sident du groupe<br \/>\nCDU au Bundestag] se positionne \u00e0 gauche. Comment peut-on exiger la<br \/>\nredistribution des actifs investis dans la situation \u00e9conomique actuelle ? Il<br \/>\nserait juste de donner enfin au centre la possibilit\u00e9 de se constituer un<br \/>\npatrimoine !<\/p>\n<p class=\"MsoNormal\" style=\"text-align: justify;\">&gt; Les d\u00e9clarations d\u2019intention ne cr\u00e9ent pas de<br \/>\nprosp\u00e9rit\u00e9. Au lieu d\u2019annoncer une r\u00e9vision prochaine, la pr\u00e9sidente de la<br \/>\ncommission de la CDU devrait enfin s\u2019engager clairement en faveur d\u2019un<br \/>\nrevirement.<\/p>\n<p class=\"MsoNormal\" style=\"text-align: justify;\">&gt; O\u00f9 est le cri d\u2019alarme ? Les Philharmoniques de Munich<br \/>\nsont invit\u00e9s \u00e0 un festival parce que leur chef d\u2019orchestre est isra\u00e9lien. C\u2019est<br \/>\nde l\u2019antis\u00e9mitisme !<\/p>\n<p class=\"MsoNormal\" style=\"text-align: justify;\">&gt; Si la violence remplace l\u2019argument, c\u2019est la d\u00e9mocratie<br \/>\nlib\u00e9rale qui est en danger ; cela ne concerne pas seulement les USA mais nous<br \/>\ntous. Charlie Kirk a \u00e9t\u00e9 abattu parce qu\u2019il exprimait son opinion et cherchait<br \/>\nla conversation avec des dissidents. Mes pens\u00e9es vont \u00e0 sa famille.<\/p>\n<p class=\"MsoNormal\" style=\"text-align: justify;\">&gt; En France, on voit que l\u2019aust\u00e9rit\u00e9 n\u2019entra\u00eene pas<br \/>\nseulement la gauche, mais aussi la droite. Ceux qui croient que les partis de<br \/>\ndroite contr\u00f4lent les finances publiques se trompent lourdement.<\/p>\n<p class=\"MsoNormal\" style=\"text-align: justify;\">&gt; La crise en France montre que la dette n\u2019est pas une<br \/>\nsolution \u00e0 long terme, car les g\u00e9n\u00e9rations futures devront toujours porter le<br \/>\nfardeau. L\u2019Allemagne ne doit pas r\u00e9p\u00e9ter cette erreur &#8211; nous devons en prot\u00e9ger<br \/>\nnos enfants et nos petits-enfants.<\/p>\n<p class=\"MsoNormal\" style=\"text-align: justify;\">&gt; Il serait bon que le gouvernement examine les<br \/>\npossibilit\u00e9s d\u2019\u00e9pargner au lieu de toujours chercher de nouveaux moyens pour<br \/>\ngrever les travailleurs.<\/p>\n<p class=\"MsoNormal\" style=\"text-align: justify;\">\u00a0<\/p>\n<p class=\"MsoNormal\" style=\"text-align: justify;\"><b>Svenja Hahn (vice-pr\u00e9sidente)<br \/><\/b>&gt; Ursula von der Leyen a rat\u00e9 l\u2019occasion de pr\u00e9senter une vision<br \/>\nconvaincante pour l\u2019avenir de l\u2019Europe. Il est urgent de donner la priorit\u00e9 \u00e0<br \/>\nnotre s\u00e9curit\u00e9 et \u00e0 notre \u00e9conomie, afin que l\u2019UE passe enfin du statut de<br \/>\njoueur \u00e0 celui de puissance mondiale. C\u2019est la seule fa\u00e7on de d\u00e9fendre la<br \/>\nd\u00e9mocratie, la libert\u00e9 et la prosp\u00e9rit\u00e9.<\/p>\n<p class=\"MsoNormal\" style=\"text-align: justify;\">&gt; Ursula von der Leyen prononce son discours annuel sur<br \/>\nl\u2019\u00e9tat de l\u2019UE.<br \/>Von der Leyen \u00e9voque une nouvelle Europe ind\u00e9pendante, c\u2019est absolument vrai ! <br \/>Mais jusqu\u2019\u00e0 pr\u00e9sent, elle ne donne pas de mesures concr\u00e8tes sur la fa\u00e7on dont<br \/>\nelle veut y parvenir.<br \/>\u00abNous devons d\u00e9velopper le march\u00e9 unique et \u00e9liminer les obstacles\u00bb, c\u2019est ce<br \/>\nque j\u2019entends d\u2019Ursula von der Leyen depuis sa candidature en 2019.<\/p>\n<p class=\"MsoNormal\" style=\"text-align: justify;\">Elle enterre le fonctionnement du march\u00e9\u00a0: march\u00e9s de<br \/>\nr\u00e9f\u00e9rence d\u00e9finis politiquement, quotas pour les appels d\u2019offres publics,<br \/>\nsubventions. Au lieu de rendre l\u2019\u00e9conomie si attrayante que les meilleurs<br \/>\nproduits \u00e0 de meilleurs prix naissent ici, elle veut d\u00e9finir artificiellement<br \/>\nce qui est bon.<\/p>\n<p class=\"MsoNormal\" style=\"text-align: justify;\">&gt; La CDU et le SPD discutent d\u2019imp\u00f4ts et de taxes<br \/>\nsuppl\u00e9mentaires et regardent comment notre pays se dirige vers une catastrophe<br \/>\n\u00e9conomique. L\u2019Allemagne doit redevenir un lieu \u00e9conomique attrayant, au lieu<br \/>\nd\u2019\u00eatre un pays \u00e0 fiscalit\u00e9 \u00e9lev\u00e9e.<\/p>\n<p class=\"MsoNormal\" style=\"text-align: justify;\">\u00a0<\/p>\n<p class=\"MsoNormal\" style=\"text-align: justify;\"><b>Nicole Buettner (secr\u00e9taire g\u00e9n\u00e9rale)<br \/><\/b>&gt; La s\u00e9curit\u00e9, l\u2019infrastructure et l\u2019\u00e9ducation devraient \u00eatre les<br \/>\npriorit\u00e9s de l\u2019\u00c9tat. Mais au lieu d\u2019avoir le courage d\u2019agir, nous ne voyons que<br \/>\ndu sous-courage et des petits pas sans fin.<\/p>\n<p class=\"MsoNormal\" style=\"text-align: justify;\">&gt; La CDU promet des changements de politique et livre la<br \/>\npolitique du SPD\u00a0: dettes record et augmentations d\u2019imp\u00f4ts.<br \/>Augmenter l\u2019imp\u00f4t sur les successions, c\u2019est freiner l\u2019emploi, la famille et le<br \/>\nd\u00e9part.<br \/>Nous avons besoin de courage pour soulager, pas pour peser.<\/p>\n<p class=\"MsoNormal\" style=\"text-align: justify;\">&gt; Peu importe que l\u2019on soit d\u2019accord ou non avec Charlie<br \/>\nKirk\u00a0: dans une d\u00e9mocratie, la libert\u00e9 vit de la parole, pas des armes.<br \/>\nMes pens\u00e9es vont \u00e0 sa famille.<\/p>\n<p class=\"MsoNormal\" style=\"text-align: justify;\">&gt; La CDU et les Verts en Rh\u00e9nanie-du-Nord-Westphalie<br \/>\nveulent autoriser des travaux de classe dans les langues d\u2019origine. Erreur !<br \/>\nL\u2019int\u00e9gration ne r\u00e9ussit pas si l\u2019allemand devient une chose secondaire. Au<br \/>\nlieu de r\u00e9duire les exigences, nous devons nous attaquer \u00e0 la cause\u00a0:<br \/>&#8211; Tests de langue pr\u00e9coces <br \/>&#8211; Soutien \u00e0 la cr\u00e8che <br \/>&#8211; \u00c9coles d\u2019\u00e9t\u00e9 obligatoires<\/p>\n<p class=\"MsoNormal\" style=\"text-align: justify;\">&gt; Ursula von der Leyen dit: <br \/>\u00abLa confiance dans l\u2019UE n\u2019a jamais \u00e9t\u00e9 aussi \u00e9lev\u00e9e. L\u2019UE doit rendre la vie<br \/>\nplus s\u00fbre, plus facile et plus libre.\u00bb<br \/>Avec une r\u00e9glementation de plus en plus \u00e9troite et une bureaucratie croissante,<br \/>\nelle fait le contraire.<\/p>\n<p class=\"MsoNormal\" style=\"text-align: justify;\">&gt; Lorsque les enfants apprennent dans des taudis et que<br \/>\nle trafic rend la vie quotidienne plus difficile, il est clair\u00a0: la<br \/>\npolitique a fix\u00e9 les mauvaises priorit\u00e9s. En tant que FDP, nous sommes en train<br \/>\nde regagner de la cr\u00e9dibilit\u00e9 parce que nous prenons au s\u00e9rieux ce qui fait<br \/>\nbouger les gens.<\/p>\n<p class=\"MsoNormal\" style=\"text-align: justify;\">&gt; Oui: la pension n\u2019est pas s\u00fbre. Personne n\u2019ose dire<br \/>\nnon? Nous, oui !<\/p>\n<p class=\"MsoNormal\" style=\"text-align: justify;\">\u00a0<\/p>\n<p class=\"MsoNormal\" style=\"text-align: justify;\"><b style=\"font-family: arial;\">\u25cf Belgique\u00a0<br \/>\u2666 Gouvernement<br \/>Maxime Pr\u00e9vot (vice-premier ministre et ministre des Affaires \u00e9trang\u00e8res, des Affaires<br \/>\neurop\u00e9ennes et de la Coop\u00e9ration au d\u00e9veloppement de la Belgique)\u00a0<br \/><\/b>&gt; [Crise de Gaza] Depuis plusieurs mois, j\u2019ai rappel\u00e9 \u00e0 plusieurs<br \/>\nreprises l\u2019engagement de la Belgique en faveur d\u2019une paix juste et durable au<br \/>\nMoyen-Orient, fond\u00e9e sur la solution \u00e0 deux \u00c9tats. Aujourd\u2019hui, cette vision<br \/>\nfranchit une \u00e9tape d\u00e9cisive : la Belgique se joint \u00e0 141 autres pays pour<br \/>\nadopter la D\u00e9claration de New York, sous l\u2019impulsion de la France et de<br \/>\nl\u2019Arabie saoudite. Ce n\u2019est pas l\u2019aboutissement, mais une \u00e9tape essentielle. Le<br \/>\n22 septembre, nous nous retrouverons \u00e0 New York pour confirmer cette dynamique et<br \/>\navancer vers un avenir o\u00f9 deux peuples \u2013 Isra\u00e9liens et Palestiniens \u2013 vivront<br \/>\nc\u00f4te \u00e0 c\u00f4te, en paix et en s\u00e9curit\u00e9.<\/p>\n<p class=\"MsoNormal\" style=\"text-align: justify;\">&gt; Comme l\u2019a rapport\u00e9 la presse belge, je regrette<br \/>\nprofond\u00e9ment l\u2019annulation du concert du Philharmonique de Munich au Festival de<br \/>\nGand [du fait d\u2019un chef d\u2019orchestre isra\u00e9lien]. La musique et la culture<br \/>\ndoivent rapprocher les gens, pas les s\u00e9parer.<br \/>Nous devons r\u00e9sister \u00e0 la tentation de juger les individus uniquement par leur<br \/>\nnationalit\u00e9 ou leurs croyances. Ce ne sont pas tous les Isra\u00e9liens, ni toutes<br \/>\nles personnes de foi juive, qui soutiennent la politique actuelle du<br \/>\ngouvernement isra\u00e9lien. De telles g\u00e9n\u00e9ralisations sont injustes et dangereuses.<br \/>En p\u00e9riode de tension internationale, il est plus vital que jamais de faire la<br \/>\ndistinction entre les gouvernements et les individus. Les artistes ne devraient<br \/>\npas \u00eatre tenus responsables des actions des \u00c9tats. Le dialogue, la nuance et le<br \/>\nrespect sont la voie vers une coexistence pacifique.<br \/>La Belgique intensifie sa lutte contre l\u2019antis\u00e9mitisme, ainsi que contre<br \/>\nl\u2019islamophobie, r\u00e9affirmant son engagement \u00e0 lutter contre le discours de haine<br \/>\net la discrimination en ligne et hors ligne. D\u00e9fendre la dignit\u00e9 humaine et<br \/>\nrejeter toutes les formes de discrimination est une priorit\u00e9 nationale, ancr\u00e9e<br \/>\ndans nos valeurs d\u00e9mocratiques. Notre pays doit rester un lieu o\u00f9 la diversit\u00e9<br \/>\nest sauvegard\u00e9e et o\u00f9 personne n\u2019est exclu en raison de son origine, de sa<br \/>\nreligion ou de son identit\u00e9.<\/p>\n<p class=\"MsoNormal\" style=\"text-align: justify;\">&gt; La Belgique est profond\u00e9ment pr\u00e9occup\u00e9e par les<br \/>\nviolences r\u00e9centes et les pertes tragiques en vies humaines au N\u00e9pal. Nous<br \/>\nappelons \u00e0 la retenue et \u00e0 la fin des violences, dans le respect des libert\u00e9s<br \/>\nfondamentales. Un dialogue inclusif est la seule voie \u00e0 suivre. Nous exhortons<br \/>\nles ressortissants belges au N\u00e9pal \u00e0 \u00e9viter les manifestations, \u00e0 suivre les<br \/>\nconseils des autorit\u00e9s locales, \u00e0 s&rsquo;inscrire sur Travellers Online et \u00e0<br \/>\nconsulter nos conseils aux voyageurs r\u00e9guli\u00e8rement mis \u00e0 jour. Notre ambassade \u00e0<br \/>\nNew Delhi, en \u00e9troite collaboration avec notre consul honoraire \u00e0 Katmandou,<br \/>\nest pr\u00eate \u00e0 fournir une assistance consulaire en cas de besoin.<\/p>\n<p class=\"MsoNormal\" style=\"text-align: justify;\">&gt; Les \u00e9ni\u00e8mes massacres de plus de 80 civils au Nord-Kivu<br \/>\nen RDC revendiqu\u00e9s par les ADF et l\u2019Etat islamique sont des actes absolument<br \/>\nignobles qui heurtent notre humanit\u00e9. Pleine solidarit\u00e9 et compassion pour les<br \/>\nfamilles endeuill\u00e9es. Des mesures urgentes s&rsquo;imposent pour assurer la<br \/>\nprotection des populations.<\/p>\n<p class=\"MsoNormal\" style=\"text-align: justify;\">&gt; [Menaces de la Russie de Poutine contre l\u2019UE et l\u2019Ukraine]<br \/>\nLa violation de l\u2019espace a\u00e9rien polonais la nuit derni\u00e8re est un autre rappel<br \/>\nque la Russie repr\u00e9sente une menace pour toute l\u2019Europe, et pour l\u2019OTAN. C\u2019est<br \/>\npourquoi nous devons continuer \u00e0 renforcer l\u2019OTAN pour assurer notre s\u00e9curit\u00e9,<br \/>\net en particulier celle de nos Alli\u00e9s orientaux. Nous sommes fermement avec la<br \/>\nPologne<br \/>Seules l\u2019unit\u00e9 et plus de pression sur l\u2019\u00e9conomie de guerre de la Russie<br \/>\narr\u00eateront la campagne de terreur de Moscou.<\/p>\n<p class=\"MsoNormal\" style=\"text-align: justify;\">&gt; [Crise Gaza] Je d\u00e9plore la violation isra\u00e9lienne de<br \/>\nl\u2019int\u00e9grit\u00e9 territoriale du Qatar.<br \/>Comme je l\u2019ai d\u00e9j\u00e0 dit\u00a0: le Hamas est une organisation terroriste que nous<br \/>\ndevons bien s\u00fbr combattre. Mais il n\u2019y aura pas de solution militaire \u00e0 ce<br \/>\nconflit. Ce qu\u2019il faut, c\u2019est un effort renouvel\u00e9 de toutes les parties pour<br \/>\nn\u00e9gocier un cessez-le-feu. La Belgique insiste fortement sur le plein respect<br \/>\ndu droit international, la lib\u00e9ration de tous les otages, un cessez-le-feu<br \/>\nimm\u00e9diat \u00e0 Gaza et un acc\u00e8s humanitaire sans entrave aux civils.<br \/>\u00c0 ce stade, aucune victime belge n\u2019a \u00e9t\u00e9 signal\u00e9e. Notre ambassade a<br \/>\nimm\u00e9diatement inform\u00e9 la communaut\u00e9 belge et pris les mesures de s\u00e9curit\u00e9<br \/>\nn\u00e9cessaires.<\/p>\n<p class=\"MsoNormal\" style=\"text-align: justify;\">&gt; [Crise de Gaza] La Belgique reste attentive aux<br \/>\nd\u00e9veloppements autour de la Flottille Internationale Sumud. Nous soulignons<br \/>\nl\u2019importance d\u2019une enqu\u00eate compl\u00e8te et transparente sur l\u2019incident survenu \u00e0<br \/>\nTunis, et demandons que la s\u00e9curit\u00e9 de tous les membres d\u2019\u00e9quipage soit<br \/>\nassur\u00e9e.<br \/>Nous reconnaissons l\u2019objectif humanitaire de la flottille. L\u2019acc\u00e8s humanitaire<br \/>\nreste une priorit\u00e9 et continue d\u2019\u00eatre assur\u00e9 par les voies diplomatiques.<br \/>En m\u00eame temps, nous notons que l\u2019acc\u00e8s \u00e0 Gaza n\u2019est actuellement pas autoris\u00e9.<br \/>\nLes initiatives civiles visant \u00e0 atteindre Gaza doivent donc consid\u00e9rer<br \/>\nattentivement les risques encourus. Nos services suivent la situation de tr\u00e8s<br \/>\npr\u00e8s.<\/p>\n<p class=\"MsoNormal\" style=\"text-align: justify;\">&gt; Je condamne la mort d\u2019au moins quatre Isra\u00e9liens et une<br \/>\ndouzaine d\u2019autres bless\u00e9s \u00e0 J\u00e9rusalem apr\u00e8s que des hommes arm\u00e9s ont ouvert le<br \/>\nfeu dans un bus. Je pr\u00e9sente mes sinc\u00e8res condol\u00e9ances \u00e0 leurs familles.<br \/>\nL\u2019utilisation ill\u00e9gale de la violence en Isra\u00ebl et en Palestine doit cesser,<br \/>\npour trouver d\u2019urgence le chemin vers la paix.<\/p>\n<p class=\"MsoNormal\" style=\"text-align: justify;\">&gt; [Menaces de la Russie de Poutine contre l\u2019UE et l\u2019Ukraine]<br \/>\nChaque fois que le mot paix est prononc\u00e9, la Russie r\u00e9pond avec plus de<br \/>\nterreur. <br \/>La nuit derni\u00e8re, il y a eu une escalade sans pr\u00e9c\u00e9dent. Plus de 800 drones et<br \/>\nmissiles sont tomb\u00e9s sur des villes ukrainiennes. Pour la premi\u00e8re fois depuis<br \/>\nl\u2019invasion \u00e0 grande \u00e9chelle, le b\u00e2timent du Cabinet des ministres \u00e0 Kiev a \u00e9t\u00e9<br \/>\nendommag\u00e9.<br \/>L\u2019escalade de la Russie doit \u00eatre accueillie avec la d\u00e9termination de l\u2019Europe.<br \/>\nSeules la pression et l\u2019unit\u00e9 peuvent rapprocher cette guerre d\u2019une fin.<\/p>\n<p class=\"MsoNormal\" style=\"text-align: justify;\">\u00a0<\/p>\n<p class=\"MsoNormal\" style=\"text-align: justify;\"><b style=\"font-family: arial;\">\u2666 Les Engag\u00e9s\u00a0<br \/>Yvan Verougstraete (pr\u00e9sident, d\u00e9put\u00e9<br \/>\neurop\u00e9en)<br \/><\/b>&gt; Nous remercions l\u2019Open VLD pour son invitation \u00e0 une table<br \/>\nronde ce lundi. Nous ne nous rendrons cependant pas \u00e0 cette r\u00e9union de<br \/>\ndiscussion, car, comme nous l&rsquo;avons exprim\u00e9 \u00e0 plusieurs reprises, ce dont<br \/>\nBruxelles a besoin maintenant, 15 mois apr\u00e8s les \u00e9lections, ce n\u2019est pas de<br \/>\nrecommencer (une fois de plus) des discussions informelles et sans engagement,<br \/>\nmais de commencer par construire un budget qui pourrait \u00eatre soutenu par une<br \/>\nmajorit\u00e9 au Parlement. Pour ce faire, il faut r\u00e9unir une table avec des personnes<br \/>\n(1) qui sont pr\u00eates \u00e0 n\u00e9gocier, et donc \u00e0 s\u2019engager, (2) en vue de construire<br \/>\nun compromis qui a une chance de r\u00e9unir l\u2019adh\u00e9sion d\u2019au minimum 45 d\u00e9put\u00e9s.<br \/>\nC\u2019est avec cet objectif en t\u00eate que nous continuons les contacts informels<br \/>\ndepuis 10 jours et qu\u2019une proposition concr\u00e8te sera pr\u00e9sent\u00e9e mardi matin. Nous<br \/>\nsouhaitons laisser le temps \u00e0 ceux qui veulent se rendre \u00e0 la r\u00e9union organis\u00e9e<br \/>\npar l\u2019Open VLD de le faire. Le Parlement bruxellois fait sa rentr\u00e9e ce lundi.<br \/>\nNous restons convaincus que les \u00e9lus ont l\u2019ambition de sortir de la logique des<br \/>\nmesures provisoires et de construire un vrai budget pour remettre la R\u00e9gion sur<br \/>\nles rails.<\/p>\n<p class=\"MsoNormal\" style=\"text-align: justify;\">&gt; Cette semaine, au Parlement europ\u00e9en, nous avons envoy\u00e9<br \/>\nun rappel \u00e0 la Commission europ\u00e9enne: non \u00e0 une r\u00e9duction budg\u00e9taire de la PAC!<br \/>\nFace aux incertitudes \u00e9conomiques, sociales et environnementales il est de<br \/>\nnotre devoir de soutenir nos agriculteurs. Nous nous opposons fermement \u00e0 une<br \/>\nnationalisation des aides qui nous affaiblirait et cr\u00e9erait une concurrence au<br \/>\nsein m\u00eame de l&rsquo;Union. Nous condamnons la droite, qui, une fois encore \u00e0 tenter<br \/>\nd&rsquo;affaiblir nos engagements environnementaux.<\/p>\n<p class=\"MsoNormal\" style=\"text-align: justify;\">&gt; Trop jeune pour scroller. La sant\u00e9 mentale de nos<br \/>\nenfants est trop pr\u00e9cieuse pour \u00eatre livr\u00e9e sans barri\u00e8re aux algorithmes<br \/>\nopaques des grandes plateformes. Perte de concentration, troubles du sommeil,<br \/>\nisolement, exposition \u00e0 des contenus dangereux : les constats sont souvent<br \/>\nalarmants. Il est de notre responsabilit\u00e9 d\u2019agir. Cela passe par : <br \/>&#8211; Un meilleur encadrement des r\u00e9seaux sociaux <br \/>&#8211; Des r\u00e8gles fermes sur l\u2019\u00e2ge d\u2019acc\u00e8s <br \/>&#8211; Une v\u00e9ritable obligation de transparence et de mod\u00e9ration <br \/>&#8211; Un accompagnement des parents et une \u00e9ducation num\u00e9rique renforc\u00e9e <br \/>Je soutiens pleinement l\u2019id\u00e9e de renforcer la r\u00e9gulation et la surveillance des<br \/>\nplateformes. La libert\u00e9 num\u00e9rique ne peut pas se faire au d\u00e9triment de<br \/>\nl\u2019\u00e9panouissement, de la sant\u00e9 et de la s\u00e9curit\u00e9 des plus jeunes.<\/p>\n<p class=\"MsoNormal\" style=\"text-align: justify;\">&gt; [Crise de Gaza] Satisfait que le Parlement europ\u00e9en ait<br \/>\nenfin adopt\u00e9 une r\u00e9solution sur Gaza, un texte attendu depuis plus de vingt<br \/>\nmois. Ce vote constitue une avanc\u00e9e politique et symbolique : il marque une<br \/>\nprise de position claire et attendue en faveur de l\u2019humanit\u00e9, de la protection<br \/>\ndes civils, de la lutte contre la famine.<br \/>Le texte demande \u00e9galement la lib\u00e9ration imm\u00e9diate et inconditionnelle des<br \/>\notages, des sanctions contre les terroristes du Hamas, les colons et militants<br \/>\nisra\u00e9liens violents. <br \/>Enfin il rejoint notre demande d\u2019une suspension de l\u2019accord UE-Isra\u00ebl en ce qui<br \/>\nconcerne le commerce. Certes le texte aurait pu aller plus loin, les tentatives<br \/>\nde certains de bloquer cette r\u00e9solution ou de la vider de sa substance ont \u00e9t\u00e9<br \/>\nnombreuses et scandaleuses. Mais une majorit\u00e9 a finalement \u00e9t\u00e9 trouv\u00e9e afin de<br \/>\nmontrer que silence et immobilisme ne peuvent plus \u00eatre des options. C\u2019est une<br \/>\nvictoire embl\u00e9matique qui ouvre surtout la voie \u00e0 des actions concr\u00e8tes pour<br \/>\nr\u00e9pondre \u00e0 la trag\u00e9die humanitaire en cours.<\/p>\n<p class=\"MsoNormal\" style=\"text-align: justify;\">&gt; Certains voudraient affaiblir le M\u00e9canisme d&rsquo;ajustement<br \/>\ncarbone aux fronti\u00e8res (MACF) au nom de la comp\u00e9titivit\u00e9. C\u2019est exactement<br \/>\nl\u2019inverse qu\u2019il faut faire. Si nous voulons une industrie forte en Europe, elle<br \/>\ndoit \u00eatre prot\u00e9g\u00e9e contre ceux qui produisent sans r\u00e8gles ou en tirant b\u00e9n\u00e9fice<br \/>\nde leur pollution. Le MACF n\u2019est pas une taxe punitive, comme certains veulent<br \/>\nle faire croire c\u2019est une garantie de concurrence loyale et un investissement<br \/>\ndans notre avenir. Il nous faut le renforcer, l\u2019appliquer avec rigueur, et en<br \/>\nfaire un outil de souverainet\u00e9 industrielle et environnementale, au service du<br \/>\nbien-\u00eatre de nos citoyens. Le vote du Parlement europ\u00e9en aujourd\u2019hui est donc<br \/>\nun pas dans la bonne direction.<\/p>\n<p class=\"MsoNormal\" style=\"text-align: justify;\">&gt; Ursula von der Leyen a parl\u00e9. Comme souvent, l\u2019ambition<br \/>\nest bonne. Mais les Europ\u00e9ens n\u2019attendent plus des mots : ils attendent des<br \/>\nactes. Aucune promesse ne fera oublier les erreurs commises ces douze derniers<br \/>\nmois. Rien ne peut minimiser ce \u00ab big deal \u00bb avec les \u00c9tats-Unis; une<br \/>\ncapitulation qui fragilise dangereusement l\u2019Europe, une reddition en bonne et<br \/>\ndue forme. Rien n\u2019excuse la tentation de faire alliances avec les extr\u00eames,<br \/>\nalors m\u00eame qu\u2019ils veulent d\u00e9truire l\u2019Europe. Rien n\u2019effacera le manque de<br \/>\nvision strat\u00e9gique, de gouvernance forte et l\u2019absence de moyens pour la<br \/>\nsoutenir. L\u2019heure est venue de cesser de subir et de reprendre en main notre<br \/>\ndestin. Nous pouvons faire beaucoup mieux, nous devons avoir plus d\u2019ambition.<br \/>\nL\u2019Europe ne peut plus avancer \u00e0 reculons. Nous avons besoin d\u2019une Union<br \/>\nsouveraine, capable de d\u00e9fendre nos int\u00e9r\u00eats, notre mod\u00e8le social et<br \/>\nenvironnemental, et de garantir un avenir digne \u00e0 nos enfants. La Commission<br \/>\neurop\u00e9enne sera-t-elle \u00e0 la hauteur du d\u00e9fi ? Depuis un an, la r\u00e9ponse est non.<br \/>\nSi elle ne se remet pas profond\u00e9ment en question, son temps est compt\u00e9. D\u00e8s<br \/>\ndemain, elle doit remettre l\u2019int\u00e9r\u00eat g\u00e9n\u00e9ral au c\u0153ur de ses priorit\u00e9s. Nous<br \/>\navons bien pris note des engagements pris ce matin, de nombreux points du<br \/>\ndiscours sont tr\u00e8s positifs, mais plus aucun \u00e9cart entre les promesses et les<br \/>\nactes ne sera permis. Il est important que la Pr\u00e9sidente se rende compte<br \/>\nqu\u2019elle doit s\u2019appuyer sur une majorit\u00e9 pro europ\u00e9enne pour atteindre ses<br \/>\nobjectifs en laissant de c\u00f4t\u00e9 les fossoyeurs de l\u2019Europe. L\u2019Europe doit \u00eatre<br \/>\nunie. Aujourd\u2019hui, elle l\u2019est autour du constat d\u2019\u00e9chec d\u2019une premi\u00e8re ann\u00e9e de<br \/>\nmandat d\u00e9sastreuse. Demain, elle devra l\u2019\u00eatre autour d\u2019une strat\u00e9gie claire :<br \/>\nsortir de la crise, affirmer sa souverainet\u00e9, son ind\u00e9pendance, et porter des<br \/>\npolitiques ambitieuses: sociales, \u00e9conomiques, \u00e9nerg\u00e9tiques, g\u00e9opolitiques,<br \/>\nclimatiques, militaires. L\u2019Europe est en \u00e9chec, c\u2019est un fait. Mais il est<br \/>\nurgent d\u2019arr\u00eater d\u2019avoir peur et de refuser l\u2019immobilisme. Il faut oser plus<br \/>\nd\u2019Europe. C\u2019est une question de survie mais aussi de responsabilit\u00e9s vis \u00e0 vis<br \/>\ndes g\u00e9n\u00e9rations \u00e0 venir !<\/p>\n<p class=\"MsoNormal\" style=\"text-align: justify;\">&gt; Au moment o\u00f9 les d\u00e9put\u00e9s europ\u00e9ens doivent faire front<br \/>\ndans un d\u00e9bat crucial pour l\u2019avenir de l\u2019Europe, au moment o\u00f9 d\u00e9fendre notre<br \/>\nsouverainet\u00e9 est essentiel, l\u2019extr\u00eame droite est absente. Elle se drape dans le<br \/>\nmot souverainet\u00e9 mais \u00e0 chaque fois qu\u2019elle avance, c\u2019est la souverainet\u00e9 des<br \/>\nEurop\u00e9ens qui recule, pr\u00e9f\u00e9rant succomber aux discours des Trump et des<br \/>\nPoutines plut\u00f4t que de travailler \u00e0 construire l\u2019avenir de nos citoyens. La<br \/>\nsouverainet\u00e9 europ\u00e9enne c\u2019est prot\u00e9ger nos libert\u00e9s, nos d\u00e9mocraties, notre<br \/>\n\u00e9conomie, notre climat. L\u2019extr\u00eame droite, elle, ne prot\u00e8ge qu\u2019elle m\u00eame dans de<br \/>\ncreux slogans.<\/p>\n<p class=\"MsoNormal\" style=\"text-align: justify;\">&gt; [Menaces de la Russie de Poutine contre l\u2019UE et l\u2019Ukraine]<br \/>\nNouvelles violations de l\u2019espace a\u00e9rien polonais par des drones cette nuit. La<br \/>\nRussie poursuit son escalade inacceptable. La Pologne doit \u00eatre soutenue sans<br \/>\nrel\u00e2che. La Pologne doit d\u00e9fendre son territoire et ses citoyens. L\u2019\u00c9tat de<br \/>\ndroit et la paix ne sont pas n\u00e9gociables.<\/p>\n<p class=\"MsoNormal\" style=\"text-align: justify;\">&gt; La justice belge a \u00e9t\u00e9 bien trop souvent n\u00e9glig\u00e9e par<br \/>\nles pouvoirs ex\u00e9cutif et l\u00e9gislatif ces derni\u00e8res ann\u00e9es. Cette situation est<br \/>\nintenable. Au f\u00e9d\u00e9ral, Les Engag\u00e9s se battent pour changer les choses. Et ces<br \/>\nefforts payent puisque nous avons obtenu un refinancement \u00e0 hauteur de plus<br \/>\nd\u2019un milliard d\u2019euros dans la justice et la police. <br \/>Ce montant doit permettre de r\u00e9pondre aux demandes de r\u00e9formes et de<br \/>\nrefinancement du terrain pour garantir une justice efficace et r\u00e9active<br \/>\npour\u00a0les\u00a0citoyens. <br \/>Nous ne l\u00e2cherons pas la pression jusqu&rsquo;\u00e0 ce que ces investissements soient bel<br \/>\net bien mis en \u0153uvre. Il y a urgence.<\/p>\n<p class=\"MsoNormal\" style=\"text-align: justify;\">&gt; [Crise de Gaza] Nous ne pouvons accepter qu\u2019une<br \/>\nflottille pacifiste et \u00e0 but humanitaire soit attaqu\u00e9e. Quand les porteurs de<br \/>\npaix sont pris pour cible, il faut se trouver\u00a0\u00e0\u00a0leur\u00a0c\u00f4t\u00e9.<\/p>\n<p class=\"MsoNormal\" style=\"text-align: justify;\">&gt; Ao\u00fbt 2025 : le 3e mois d\u2019ao\u00fbt le plus chaud jamais<br \/>\nmesur\u00e9 sur Terre Canicules meurtri\u00e8res, records de temp\u00e9rature en Europe,<br \/>\nfor\u00eats en flammes, s\u00e9cheresse historique\u2026 <br \/>Les chiffres de Copernicus sont sans appel : nous vivons d\u00e9j\u00e0 les cons\u00e9quences<br \/>\ndramatiques du d\u00e9r\u00e8glement climatique. <br \/>&#8211; +1,29\u00b0C par rapport \u00e0 l\u2019\u00e8re pr\u00e9industrielle. <br \/>&#8211; Plus de 1.100 morts en Espagne \u00e0 cause de la chaleur. <br \/>&#8211; Des records absolus battus \u00e0 Bordeaux, Angoul\u00eame, Bergerac. <br \/>Ce ne sont pas des alertes lointaines, c\u2019est notre quotidien. L\u2019urgence<br \/>\nclimatique n\u2019est pas un sujet parmi d\u2019autres : elle doit guider toutes nos<br \/>\npolitiques publiques \u2013 sant\u00e9, agriculture, \u00e9conomie, logement, \u00e9nergie. Nous<br \/>\navons un choix : continuer \u00e0 improviser, ou agir avec courage et coh\u00e9rence pour<br \/>\nprot\u00e9ger nos territoires et\u00a0notre\u00a0avenir.<\/p>\n<p class=\"MsoNormal\" style=\"text-align: justify;\">&gt; L\u2019attaque survenue \u00e0 J\u00e9rusalem, qui a co\u00fbt\u00e9 la vie \u00e0 au<br \/>\nmoins 6 personnes et fait plusieurs bless\u00e9s, appelle la plus ferme des<br \/>\ncondamnations. Seule une volont\u00e9 sinc\u00e8re de privil\u00e9gier le dialogue et la<br \/>\nd\u00e9sescalade permettra de cr\u00e9er les conditions d\u2019une paix durable et le<br \/>\nrayonnement de ces deux peuples souverains, dans le respect des droits et de la<br \/>\ns\u00e9curit\u00e9 de toutes et de tous, en Isra\u00ebl comme en Palestine. Puisse l\u2019ensemble<br \/>\ndes parties faire enfin preuve de responsabilit\u00e9. La logique de confrontation<br \/>\nn\u2019alimente que les drames et les arguments d\u2019un conflit qui d\u00e9truit deux<br \/>\npeuples\u2026 ainsi qu\u2019une part de\u00a0notre\u00a0humanit\u00e9.<\/p>\n<p class=\"MsoNormal\" style=\"text-align: justify;\">&gt; Nous continuons le combat pour que les r\u00e9formes<br \/>\nn\u00e9cessaires soient justes. On ne peut pas imaginer que les femmes soient<br \/>\nd\u00e9savantag\u00e9es en raison de leur cong\u00e9\u00a0de\u00a0maternit\u00e9.<\/p>\n<p class=\"MsoNormal\" style=\"text-align: justify;\">&gt; Elle est o\u00f9 l\u2019Am\u00e9rique qui respectait les d\u00e9cisions de<br \/>\njustice et la s\u00e9paration des pouvoirs? Elle est o\u00fb l\u2019Am\u00e9rique qui se battait<br \/>\ncontre les positions dominantes en imposant le d\u00e9mant\u00e8lement de Standard Oil,<br \/>\nd\u2019American Tabacco ou de AT&amp;T? Cette Am\u00e9rique n\u2019existe plus\u2026 et si nous ne<br \/>\nvoulons pas \u00eatre \u00ab aspir\u00e9s \u00bb dans cette nouvelle logique \u00e9conomique et<br \/>\nd\u00e9mocratique, nous devons nous lever et prot\u00e9ger nos valeurs, notre mod\u00e8le de<br \/>\nsoci\u00e9t\u00e9. Le mot \u00ab guerre \u00bb a \u00e9t\u00e9 trop utilis\u00e9, pourtant, l\u2019urgence et l\u2019amplitude<br \/>\nde la r\u00e9action devraient \u00eatre de cet ordre: une mobilisation totale avant la<br \/>\nfaillite d\u00e9finitive. L\u2019Europe doit imp\u00e9rativement se doter des moyens de cette<br \/>\nambition: une gouvernance claire et minimum 300 milliards de ressources<br \/>\npropres. Ne pas r\u00e9agir, ce serait condamner l\u2019Europe et notre mode de vie!<\/p>\n<p class=\"MsoNormal\" style=\"text-align: justify;\">\u00a0<\/p>\n<p class=\"MsoNormal\" style=\"text-align: justify;\"><b style=\"font-family: arial;\">\u2666 D\u00e9FI\u00a0<br \/>Sophie Rohonyi (pr\u00e9sidente)<br \/><\/b>&gt; \u00c0 moins d\u2019un an du Tronc commun, profs, parents, \u00e9l\u00e8ves &amp;<br \/>\ndirections nagent dans l\u2019incertitude. C\u2019est inacceptable ! Pas d\u2019\u00e9cole forte<br \/>\nsans cap clair. Nos jeunes m\u00e9ritent mieux!<\/p>\n<p class=\"MsoNormal\" style=\"text-align: justify;\">&gt; En poursuivant ses colonies ill\u00e9gales, en niant le<br \/>\ndroit du peuple palestinien \u00e0 avoir son \u00c9tat, Netanyahou montre que sa guerre<br \/>\nne vise pas \u00e0 \u00e9liminer le Hamas ou \u00e0 lib\u00e9rer les otages.Ce sont des pr\u00e9textes. Maxime<br \/>\nPr\u00e9vot, allez vs reconna\u00eetre cet \u00c9tat avnt qu\u2019il ne soit trop tard?<\/p>\n<p class=\"MsoNormal\" style=\"text-align: justify;\">&gt; [Un vaste stock am\u00e9ricain de contraceptifs d\u00e9truit en Belgique]<br \/>\nCes contraceptifs, d\u2019une valeur de 10 millions $, \u00e9taient destin\u00e9s aux femmes<br \/>\nen Afrique. Les priver de contraception = menacer leur sant\u00e9 voire leur vie, en<br \/>\nles exposant \u00e0 grossesses non d\u00e9sir\u00e9es, IVG clandestines \u00a0et d\u00e9c\u00e8s maternels. Maxime Pr\u00e9vot qu\u2019avez-vous<br \/>\nfait pour l\u2019emp\u00eacher?<\/p>\n<p class=\"MsoNormal\" style=\"text-align: justify;\">&gt; [Discours sur l\u2019\u00e9tat de l\u2019Union europ\u00e9enne d\u2019Ursula von<br \/>\nder Leyen] Un appel lucide \u00e0 l\u2019unit\u00e9 et \u00e0 l\u2019ind\u00e9pendance de l\u2019UE face \u00e0 ceux<br \/>\nqui ne connaissent que la loi du plus fort. Mais pour \u00eatre cr\u00e9dible et<br \/>\nrespect\u00e9e, l\u2019UE doit d\u2019urgence \u00eatre aussi volontariste dans ses actes que dans<br \/>\nses paroles. On reste sur notre faim.<br \/>Sur Gaza, on d\u00e9cide \u00e0 l\u2019envers. On envisage la reconstruction de Gaza avant les<br \/>\nmoyens pour parvenir \u00e0 un cessez-le-feu, avant qu\u2019il ne soit trop tard,<br \/>\nrefusant une vraie suspension de l\u2019accord d\u2019association avec Isra\u00ebl.<br \/>Sur le Mercosur, nous avons besoin de nouveaux partenaires commerciaux. Mais ce<br \/>\nn\u2019est ni une campagne \u00abAcheter de la nourriture europ\u00e9enne\u00bb ni un m\u00e9canisme de<br \/>\ncompensation qui rassurera nos agriculteurs et pr\u00e9servera notre sant\u00e9. Il faut<br \/>\ndes garanties environnementales et sociales claires.<br \/>Sur les Etats-Unis, l\u2019UE ne peut se contenter du moindre mal. L\u2019accord sur les<br \/>\ndroits de douane reste d\u00e9s\u00e9quilibr\u00e9. Nos entreprises verront leur vie<br \/>\n\u201cfacilit\u00e9e\u201d mais restent l\u00e9s\u00e9es. L\u2019autosatisfaction doit faire place \u00e0 une<br \/>\nvraie strat\u00e9gie commerciale.<\/p>\n<p class=\"MsoNormal\" style=\"text-align: justify;\">\u00a0<\/p>\n<p class=\"MsoNormal\" style=\"text-align: justify;\"><b style=\"font-family: arial;\">Fran\u00e7ois de Smet<br \/>\n(d\u00e9put\u00e9)<\/b><br \/>&gt; On peut \u00e0 la fois vouloir reconna\u00eetre la Palestine et mettre fin aux<br \/>\nhorreurs \u00e0 Gaza, et s&rsquo;indigner de tout boycott culturel ou acad\u00e9mique. C&rsquo;est<br \/>\nimmoral et contre-productif. Il existe une soci\u00e9t\u00e9 civile isra\u00e9lienne qui veut<br \/>\nla paix.<\/p>\n<p class=\"MsoNormal\" style=\"text-align: justify;\">&gt; Il y a quelques jours des arrestations pour corruption<br \/>\navaient lieu \u00e0 la prison de Haren, confirmant des craintes nourries depuis<br \/>\nlongtemps sur la force corruptive du narcotrafic au sein de nos prisons. Le&#8230;<br \/>\n26 mars dernier, j&rsquo;avais interrog\u00e9 la ministre de la Justice \u00e0 ce sujet, sur<br \/>\nbase des inqui\u00e9tudes du procureur du roi. Comme l&rsquo;\u00e9change le confirme, le<br \/>\ngouvernement minimisait alors ce ph\u00e9nom\u00e8ne. Il faut se doter des outils<br \/>\nn\u00e9cessaires pour lutter contre cette corruption, \u00e0 commencer par un service<br \/>\nd&rsquo;inspection performant.<\/p>\n<p class=\"MsoNormal\" style=\"text-align: justify;\">\u00a0<\/p>\n<p class=\"MsoNormal\" style=\"text-align: justify;\"><b style=\"font-family: arial;\">\u25cf Espagne\u00a0<br \/>\u2666 Ciudadanos\u00a0<br \/><\/b>&gt; Le PSOE et le PP ont vendu du vent sans renforcer les infrastructures.<br \/>\nAvec le bipartisme, de la propagande oui, mais aucun avenir.<br \/>83 % du r\u00e9seau \u00e9lectrique espagnol est satur\u00e9 : 36 provinces ne peuvent<br \/>\naccueillir ni nouveaux investissements industriels ni nouveaux projets.<\/p>\n<p class=\"MsoNormal\" style=\"text-align: justify;\">\u00a0<\/p>\n<p class=\"MsoNormal\" style=\"text-align: justify;\"><b>Carlos P\u00e9rez-Nievas (secr\u00e9taire g\u00e9n\u00e9ral)\u00a0<br \/><\/b>&gt; [Assassinat de Charlie Kirk aux Etats-Unis] Jamais, en aucun cas la<br \/>\nviolence ne peut \u00eatre la r\u00e9ponse \u00e0 ceux qui d\u00e9fendent d\u2019autres opinions. Jamais<br \/>\n.<\/p>\n<p class=\"MsoNormal\" style=\"text-align: justify;\">\u00a0<\/p>\n<p class=\"MsoNormal\" style=\"text-align: justify;\"><b style=\"font-family: arial;\">\u25cf Italie\u00a0<br \/>\u2666 Azione\u00a0<br \/>Carlo Calenda (secr\u00e9taire g\u00e9n\u00e9ral)\u00a0<br \/><\/b>&gt; [Menaces de la Russie de Poutine contre l\u2019UE et l\u2019Ukraine] Alors que<br \/>\nnos avions volaient pour d\u00e9fendre la Pologne, le vice-pr\u00e9sident du Conseil Salvini<br \/>\nd\u00e9clarait \u00eatre du c\u00f4t\u00e9 de Poutine. Vous qui vous remplissez la bouche avec les<br \/>\nmots honneur, forces arm\u00e9es et patrie, comment appelleriez-vous un tel ? Je<br \/>\nl\u2019appelle \u00ab\u00a0tra\u00eetre de la patrie\u00a0\u00bb parce que c\u2019est ce que sont Salvini<br \/>\net Vannacci. Et de l\u2019autre c\u00f4t\u00e9 du spectre politique comme le fait Schlein<br \/>\n[pr\u00e9sidente du Parti d\u00e9mocrate] pour survoler le vote du M5S contre l\u2019adh\u00e9sion<br \/>\nde l\u2019UE \u00e0 l\u2019Ukraine. Le prix de la survie du bipolarisme est l\u2019indolence et la<br \/>\nl\u00e2chet\u00e9. L\u2019histoire en prendra bonne note.<\/p>\n<p class=\"MsoNormal\" style=\"text-align: justify;\">&gt; [Menaces de la Russie de Poutine contre l\u2019UE et l\u2019Ukraine]<br \/>\nIl y a une donn\u00e9e qui en dit long sur le positionnement du Campo largo sur la<br \/>\nguerre en Ukraine. Aucun des secr\u00e9taires politiques des partis qui le<br \/>\ncomposent, en pr\u00e8s de trois ans, n\u2019a trouv\u00e9 le temps de s\u2019y rendre pour<br \/>\nmanifester personnellement sa solidarit\u00e9. Pourtant c\u2019est l\u00e0 que se d\u00e9fend la<br \/>\nd\u00e9mocratie lib\u00e9rale du fascisme russe. C\u2019est un choix que je ne comprends pas.<\/p>\n<p class=\"MsoNormal\" style=\"text-align: justify;\">&gt; [Menaces de la Russie de Poutine contre l\u2019UE et l\u2019Ukraine]<br \/>\nPoutine veut r\u00e9cup\u00e9rer une sph\u00e8re d\u2019influence sur les pays voisins et consid\u00e8re<br \/>\nl\u2019UE comme une menace mortelle, parce que lorsque vous \u00eates \u00e0 la fronti\u00e8re<br \/>\nd\u2019une zone qui est libre, cette zone attire. La situation au Moyen-Orient est<br \/>\ntr\u00e8s diff\u00e9rente. <\/p>\n<p class=\"MsoNormal\" style=\"text-align: justify;\">&gt; Les discours, m\u00eame de haine, ne justifient personne \u00e0<br \/>\nr\u00e9pondre par la violence. Les discours se combattent avec des discours. La<br \/>\nd\u00e9mocratie se termine quand le mot est remplac\u00e9 par la violence. Celui qui<br \/>\nutilise la violence tue la d\u00e9mocratie m\u00eame lorsqu\u2019il pr\u00e9tend la d\u00e9fendre.<\/p>\n<p class=\"MsoNormal\" style=\"text-align: justify;\">&gt; [Menaces de la Russie de Poutine contre l\u2019UE et l\u2019Ukraine]<br \/>\n<br \/>Attaque politique au c\u0153ur de l\u2019OTAN<\/p>\n<p class=\"MsoNormal\" style=\"text-align: justify;\">Le sch\u00e9ma de l\u2019attaque russe hier \u00e9tait connu depuis des<br \/>\nmois. L\u2019objectif est politique et non militaire\u00a0: d\u00e9montrer la fragilit\u00e9<br \/>\nde l\u2019Otan en testant ses r\u00e9actions.<br \/>De ce point de vue, l\u2019attaque a partiellement atteint son objectif \u00e9tant donn\u00e9<br \/>\nque le pr\u00e9sident des \u00c9tats-Unis s\u2019est produit dans le tweet ci-joint\u00a0:<br \/>\nentre le vague et l\u2019incompr\u00e9hensible. Cela confirme \u00e0 mon avis que Trump est<br \/>\nfondamentalement du c\u00f4t\u00e9 de Poutine. <br \/>L\u2019autre effet produit est la soudure dans notre pays entre les deux ailes filo-poutinistes<br \/>\n&#8211; M5S et Lega &#8211; qui ont emp\u00each\u00e9 hier les coalitions dont elles font partie de<br \/>\nprendre position sur la question du r\u00e9armement. Des dynamiques similaires se<br \/>\nproduisent dans d\u2019autres pays europ\u00e9ens.<br \/>L\u2019objectif de Poutine est d\u2019an\u00e9antir l\u2019Union europ\u00e9enne et l\u2019OTAN en faisant<br \/>\nconfiance \u00e0 notre ind\u00e9cision et \u00e0 notre faiblesse. Il y parvient. <br \/>Ceux qui, m\u00eame en toute bonne foi, soutiennent que nous ne devons pas nous<br \/>\narmer rapprochent l\u2019Europe de la guerre. Puis il y a les propagandistes de<br \/>\nPoutine qui, dans notre pays, deviennent fous sur les talk-shows et les r\u00e9seaux<br \/>\nsociaux. Certains sont pay\u00e9s &#8211; et doivent \u00eatre d\u00e9busqu\u00e9s &#8211; d\u2019autres convaincus<br \/>\net doivent \u00eatre contr\u00e9s. <br \/>Il y a une le\u00e7on simple et acquise de l\u2019histoire\u00a0: la force d\u00e9courage les<br \/>\nagresseurs. L\u2019UE ne s\u2019arme pas pour conqu\u00e9rir la Russie, mais pour la<br \/>\nd\u00e9courager de nous attaquer.<\/p>\n<p class=\"MsoNormal\" style=\"text-align: justify;\">&gt; Je signale que la motion de Azione demandait au<br \/>\ngouvernement de respecter les engagements pris par le m\u00eame Gouvernement au sein<br \/>\nde l\u2019OTAN, en \u00e9vitant le maquillage sur les d\u00e9penses de la d\u00e9fense et en<br \/>\nproc\u00e9dant rapidement vers l\u2019objectif des 3,5%. Le vote n\u00e9gatif de la majorit\u00e9<br \/>\n\u00e9claire bien les divisions au sein du pouvoir ex\u00e9cutif sur cette question<br \/>\ncruciale et l\u2019incapacit\u00e9 \u00e0 donner suite aux engagements pris. Ce n\u2019\u00e9tait pas le<br \/>\njour pour montrer l\u2019incoh\u00e9rence et la non-fiabilit\u00e9 de l\u2019Italie.<\/p>\n<p class=\"MsoNormal\" style=\"text-align: justify;\">&gt; [Menaces de la Russie de Poutine contre l\u2019UE et l\u2019Ukraine]<br \/>\nAlors que ce soir pour la premi\u00e8re fois les drones russes violent l\u2019espace<br \/>\npolonais, ce matin, au Parlement italien, droite et gauche confirment leur<br \/>\ninfamie. <br \/>Nous sommes dans le moment historique le plus d\u00e9cisif depuis 1945 et il faut<br \/>\nune grande zone lib\u00e9rale responsable pour mettre en s\u00e9curit\u00e9 le pays. Azione est<br \/>\nl\u00e0 pour la construire.<\/p>\n<p class=\"MsoNormal\" style=\"text-align: justify;\">&gt; Matteo Salvini soit vous quittez la majorit\u00e9 qui<br \/>\nsoutient l\u2019Ukraine ou vous vous qualifiez vous-m\u00eame comme un bouffon. Celui qui<br \/>\ndit une chose pour le fauteuil et en fait une autre. Malheureusement, les<br \/>\nItaliens savent d\u00e9j\u00e0 \u00e0 quelle cat\u00e9gorie vous appartenez.<\/p>\n<p class=\"MsoNormal\" style=\"text-align: justify;\">&gt; Le discours d\u2019Ursula von der Leyen est, pour la<br \/>\npremi\u00e8re fois, suffisamment dur. Sur Russie sur la n\u00e9cessit\u00e9 d\u2019un bouclier<br \/>\nd\u00e9mocratique contre les influences \u00e9trang\u00e8res et sur Gaza. Encore trop vague<br \/>\nsur la folie Green deal mais dans l\u2019ensemble un pas en avant de l\u2019UE.<\/p>\n<p class=\"MsoNormal\" style=\"text-align: justify;\">&gt; [R\u00e9armement: le rien ou le dommage] Sur le principal<br \/>\nth\u00e8me de politique internationale &#8211; le r\u00e9armement de l\u2019Europe et de l\u2019Italie en<br \/>\ntant que grand pays fondateur &#8211; aujourd\u2019hui seront pr\u00e9sent\u00e9es cinq motions \u00e0 la<br \/>\nchambre. <br \/>Le champ large avec des tonalit\u00e9s diff\u00e9rentes &#8211; 4 motions &#8211; qui renvoient \u00e0 la<br \/>\nfuture construction d\u2019une arm\u00e9e europ\u00e9enne et&rsquo; contre le renforcement de la<br \/>\nd\u00e9fense italienne dans les termes d\u00e9finis par les nouveaux accords OTAN et les<br \/>\nlignes de financement europ\u00e9ennes. <br \/>Azione pr\u00e9sente une motion dans laquelle elle demande un renforcement rapide<br \/>\ndes dispositifs de d\u00e9fense, l\u2019utilisation des fonds europ\u00e9ens mais une clart\u00e9<br \/>\nsur le plan concret que le minist\u00e8re de la D\u00e9fense entend poursuivre. En<br \/>\nparticulier, nous demandons que l\u2019on abandonne le maquillage budg\u00e9taire pour<br \/>\nproclamer l\u2019atteinte des seuils partag\u00e9s avec l\u2019OTAN. <br \/>Et le gouvernement, qui a sign\u00e9 ces accords, que pr\u00e9sente-t-il? Rien! Pas une<br \/>\nligne. Parce que le sujet est inconfortable et impopulaire (et divisant la majorit\u00e9),<br \/>\nMeloni a d\u00e9cid\u00e9 qu\u2019il ne sera pas abord\u00e9. <br \/>Le bipolarisme italien est bien r\u00e9sum\u00e9 dans la comparaison d\u2019aujourd\u2019hui. <br \/>D\u2019une part le dommage que le large champ provoquerait \u00e0 l\u2019Italie en sortant de<br \/>\nla construction de l\u2019autonomie strat\u00e9gique europ\u00e9enne et d\u2019autre part le rien<br \/>\nd\u2019un Gouvernement qui fuit ses responsabilit\u00e9s pour des raisons \u00e9lectorales. <br \/>Les temps qui s\u2019annoncent exigent une d\u00e9termination et une capacit\u00e9 de dire la<br \/>\nv\u00e9rit\u00e9 au pays que la droite et la gauche prouvent ne pas avoir. Raconter des<br \/>\nmensonges aux \u00e9lecteurs peut faire gagner une \u00e9lection r\u00e9gionale, mais c\u2019est<br \/>\nl\u2019avenir de l\u2019Europe libre qui est en jeu. <br \/>Pendant que nous discutons d\u2019idioties, la Pologne a abattu des drones russes<br \/>\nsur son territoire.<\/p>\n<p class=\"MsoNormal\" style=\"text-align: justify;\">&gt; Le bipopulisme\u00a0: 5S et Ligue. Contre l\u2019Ukraine.<br \/>\nPuis demandez-vous pourquoi Azione n\u2019adh\u00e8re pas aux coalitions de droite et de<br \/>\ngauche.<\/p>\n<p class=\"MsoNormal\" style=\"text-align: justify;\">&gt; [L\u2019indiff\u00e9rence bien plant\u00e9e] Ce qui frappe, c\u2019est que<br \/>\npendant que la d\u00e9mocratie am\u00e9ricaine s\u2019effondre sous les coups d\u2019un<br \/>\nkleptocratie, nous avons deux guerres aux portes de l\u2019Europe, le degr\u00e9 maximal<br \/>\nd\u2019instabilit\u00e9 en Europe et le risque concret de dissolution de l\u2019Occident il<br \/>\nn\u2019y a aucun signe dans la politique d\u2019un changement de pas. Comme si tout \u00e9tait<br \/>\npareil depuis 30 ans. Au cours des trois prochains mois, nous parlerons de ces<br \/>\nbaraques que sont les r\u00e9gions italiennes, non pas pour les restructurer mais<br \/>\npour comprendre s\u2019il y a un autre Ohio en Italie. Pour la v\u00e9rit\u00e9, le sentiment<br \/>\nest \u00e9galement r\u00e9pandu parmi les citoyens. Plus la situation devient dramatique<br \/>\nautour de nous moins on se mobilise et on s\u2019implique. Au fond, l\u2019id\u00e9e que rien<br \/>\nde ce qui arrive ne changera notre vie priv\u00e9e. Dans cette annulation absolue de<br \/>\ntout sentiment d\u2019appartenance \u00e0 une communaut\u00e9 &#8211; celle des d\u00e9mocraties<br \/>\nlib\u00e9rales &#8211; qui nous a garanti libert\u00e9s et droits se trouve le principal risque<br \/>\nd\u00e9mocratique. La d\u00e9mocratie tombera alors que nous serons occup\u00e9s \u00e0 commenter Temptation<br \/>\nisland ou un match de foot et \u00e0 photographier le dernier plat consomm\u00e9 (pourvu<br \/>\nqu\u2019il soit bien dress\u00e9).<\/p>\n<p class=\"MsoNormal\" style=\"text-align: justify;\">\u00a0<\/p>\n<p class=\"MsoNormal\" style=\"text-align: justify;\"><b style=\"font-family: arial;\">\u2666 Italia Viva\u00a0<br \/>Matteo Renzi (pr\u00e9sident)\u00a0<br \/><\/b>&gt; Je crois que le moment est venu de dire \u00e0 Giorgia Meloni qu\u2019il est<br \/>\ntemps d\u2019arr\u00eater de l\u2019instrumentaliser et de faire la victime sur tout. Le<br \/>\nclimat dans ce pays est exacerb\u00e9 par les mauvais ma\u00eetres comme le ministre<br \/>\nCiriani qui a compar\u00e9 hier Italia Viva aux Brigades Rouges. La Meloni doit<br \/>\nfaire d\u00e9missionner son ministre et s\u2019excuser aupr\u00e8s des oppositions.<\/p>\n<p class=\"MsoNormal\" style=\"text-align: justify;\">&gt; Un salaire d\u2019enseignant ne suffit pas pour payer une<br \/>\nmaison \u00e0 Milan. Les enseignants sont \u00e9cras\u00e9s par la bureaucratie\u00a0: l\u2019\u00c9tat<br \/>\nsemble tout faire pour d\u00e9truire leur vocation.<\/p>\n<p class=\"MsoNormal\" style=\"text-align: justify;\">&gt; Le gouvernement dit que tout va bien, l\u2019\u00e9conomie vole,<br \/>\nles donn\u00e9es sont meilleures que les n\u00f4tres. Faux.<\/p>\n<p class=\"MsoNormal\" style=\"text-align: justify;\">&gt; Le meurtre de Charlie Kirk est une blessure profonde<br \/>\npour l\u2019Am\u00e9rique, pour la libert\u00e9 de pens\u00e9e, pour la d\u00e9mocratie. Une pens\u00e9e<br \/>\navant tout \u00e0 sa famille\u00a0: il n\u2019avait que 31 ans, il laisse deux enfants et<br \/>\nune tra\u00een\u00e9e de douleur profonde. Et aujourd\u2019hui plus que jamais, il faut un<br \/>\nmessage unanime et partag\u00e9 contre la culture de la haine et contre la violence<br \/>\npolitique. Toujours et partout.<\/p>\n<p class=\"MsoNormal\" style=\"text-align: justify;\">&gt; La dette publique, la pression fiscale et les Italiens<br \/>\nqui quittent le pays augmentent. Le nombre de nouveau-n\u00e9s s\u2019effondre et le PIB<br \/>\ncro\u00eet moins vite que pr\u00e9vu, malgr\u00e9 le PNRR. Le centre-gauche doit passer de<br \/>\nl\u2019opposition \u00e0 l\u2019alternative, en apportant ses propres id\u00e9es.<\/p>\n<p class=\"MsoNormal\" style=\"text-align: justify;\">&gt; En 2024,191.000 personnes ont quitt\u00e9 l\u2019Italie. Deux<br \/>\nfois plus qu\u2019il y a dix ans. Avec le gouvernement de Giorgia Meloni les<br \/>\ncerveaux fuient et les dipl\u00f4m\u00e9s s\u2019enfuient.<\/p>\n<p class=\"MsoNormal\" style=\"text-align: justify;\">&gt; Meloni \u00e0 l\u2019opposition parlait de plafonnement des<br \/>\nimp\u00f4ts dans la Constitution. Depuis que le gouvernement est au pouvoir, la<br \/>\npression fiscale a augment\u00e9 de 41,2% \u00e0 42,5%. Ce gouvernement a-t-il franchi le<br \/>\nplafond de la pression fiscale et les entrepreneurs se taisent ?<\/p>\n<p class=\"MsoNormal\" style=\"text-align: justify;\">&gt; Que Poutine, Xi et Modi soient ensemble \u00e0 P\u00e9kin est un<br \/>\ngrand probl\u00e8me. Mais la responsabilit\u00e9 politique appartient aussi \u00e0 l\u2019Europe et<br \/>\naux \u00c9tats-Unis. Il faut une autre politique en Occident.<\/p>\n<p class=\"MsoNormal\" style=\"text-align: justify;\">\u00a0<\/p>\n<p class=\"MsoNormal\" style=\"text-align: justify;\"><b style=\"font-family: arial;\">\u25cf Pays-Bas<br \/>\u2666 D66<br \/>Rob Jetten (pr\u00e9sident)<\/b><br \/>&gt; Un horrible meurtre politique de Charlie Kirk. Il n\u2019y a pas de place pour<br \/>\nla violence dans une d\u00e9mocratie libre. Le fait que l\u2019Am\u00e9rique soit maintenant<br \/>\nune fois de plus confront\u00e9e \u00e0 une tentative d\u2019assassinat qui \u00e9touffe toute voix<br \/>\ndans le d\u00e9bat public est un coup port\u00e9 \u00e0 quiconque a un c\u0153ur d\u00e9mocratique. Mes<br \/>\npens\u00e9es vont \u00e0 ses proches.<\/p>\n<p class=\"MsoNormal\" style=\"text-align: justify;\">&gt; [Crise de Gaza] Attaque de Netanyahou sur le Qatar ?<br \/>\nWilders r\u00e9agit sur X.<br \/>L\u2019attaque de Poutine contre l\u2019OTAN ? Wilders reste silencieux.<\/p>\n<p class=\"MsoNormal\" style=\"text-align: justify;\">&gt; [Menaces de la Russie de Poutine contre l\u2019UE et l\u2019Ukraine]<br \/>\nQue la Pologne doive abattre les drones russes est une escalade sans pr\u00e9c\u00e9dent.<br \/>\nPoutine terrorise l\u2019Ukraine et teste maintenant aussi l\u2019alliance de l\u2019OTAN. <br \/>Cette agression ne devrait pas \u00eatre r\u00e9compens\u00e9e. Il faut plus de soutien \u00e0<br \/>\nl\u2019Ukraine et une d\u00e9fense europ\u00e9enne plus forte !<\/p>\n<p class=\"MsoNormal\" style=\"text-align: justify;\">&gt; L\u2019avortement fait des dizaines de milliers de victimes<br \/>\nchaque ann\u00e9e \u00e0 cause d\u2019interventions dangereuses. C\u2019est inhumain. C\u2019est<br \/>\npourquoi D66 veut que l\u2019acc\u00e8s aux soins d\u2019avortement soit \u00e9tabli comme un droit<br \/>\nhumain dans les trait\u00e9s internationaux, afin que les soins s\u00fbrs et<br \/>\nl\u2019autod\u00e9termination soient la norme. Un avenir dans lequel cela va sans dire<br \/>\npartout ; c\u2019est ce que nous visons.<br \/>C\u2019est possible.<\/p>\n<p class=\"MsoNormal\" style=\"text-align: justify;\">\u00a0<\/p>\n<p class=\"MsoNormal\" style=\"text-align: justify;\"><b>Jan Paternotte (d\u00e9put\u00e9)<br \/><\/b>&gt; [Menaces de la Russie de Poutine contre l\u2019UE et l\u2019Ukraine] Il est<br \/>\ntemps pour l\u2019OTAN de garder les drones et missiles russes hors de son espace<br \/>\na\u00e9rien.<br \/>Demain, le Parlement n\u00e9erlandais d\u00e9battra de la guerre d\u2019agression de la<br \/>\nRussie. Mon parti demandera une zone d\u2019exclusion a\u00e9rienne sur l\u2019ouest de<br \/>\nl\u2019Ukraine. Poutine ne doit pas \u00eatre r\u00e9compens\u00e9 pour sa derni\u00e8re agression.<br \/>L\u2019OTAN d\u00e9bat de la bonne r\u00e9ponse \u00e0 l\u2019incursion des drones russes. Mais une<br \/>\nchose est claire\u00a0: ce ne peut pas \u00eatre \u00ab\u00a0business as usual\u00a0\u00bb. Il<br \/>\nest temps de vraiment garder les drones russes hors du territoire de l\u2019OTAN. <\/p>\n<p class=\"MsoNormal\" style=\"text-align: justify;\">&gt; [Menaces de la Russie de Poutine contre l\u2019UE et l\u2019Ukraine]<br \/>\nLa Russie affirme maintenant que les drones n\u2019\u00e9taient pas destin\u00e9s \u00e0 la<br \/>\nPologne. Bien s\u00fbr, les drones ont accidentellement d\u00e9pass\u00e9 160 kilom\u00e8tres miles<br \/>\n\u00e0 travers la la fronti\u00e8re polonaise.<br \/>Nous sommes confront\u00e9s \u00e0 la t\u00e2che de garder notre continent en s\u00e9curit\u00e9<br \/>\nlui-m\u00eame. Cela n\u00e9cessite plus de soutien pour l\u2019Ukraine et des forces arm\u00e9es<br \/>\neurop\u00e9ennes.<\/p>\n<p class=\"MsoNormal\" style=\"text-align: justify;\">&gt; [Crise de Gaza] Il y aura une interdiction compl\u00e8te<br \/>\nd\u2019importation sur les articles provenant des colonies isra\u00e9liennes ill\u00e9gales<br \/>\nd\u00e8s que possible. Ce que nous avons propos\u00e9 avec sept partis. <\/p>\n<p class=\"MsoNormal\" style=\"text-align: justify;\">&gt; Dire \u00e0 la presse libre ce qu&rsquo;elle doit faire ? C&rsquo;est ce<br \/>\nqui se passe en Turquie, en Hongrie et dans toutes les dictatures du monde.\u00b5<br \/>Je trouve souvent \u00e0 redire \u00e0 ce que j&rsquo;entends \u00e0 la t\u00e9l\u00e9vision. En tant que<br \/>\nd\u00e9put\u00e9 (d&rsquo;un parti au pouvoir !), vous n&rsquo;allez tout de m\u00eame pas constamment<br \/>\ndemander des comptes aux m\u00e9dias ind\u00e9pendants ?<\/p>\n<p class=\"MsoNormal\" style=\"text-align: justify;\">\u00a0<\/p>\n<p class=\"MsoNormal\" style=\"text-align: justify;\"><b style=\"font-family: arial;\">\u25cf Pologne<br \/>\u2666 Polska 2050<br \/><\/b>&gt; [Menaces de la Russie de Poutine contre l\u2019UE et l\u2019Ukraine] L\u2019attaque russe visait notre unit\u00e9 et notre<br \/>\nsolidarit\u00e9. <\/p>\n<p class=\"MsoNormal\" style=\"text-align: justify;\">&gt; La Di\u00e8te a adopt\u00e9<br \/>\nune loi am\u00e9liorant la situation du logement des agents en uniforme. C\u2019est un<br \/>\nsoutien concret pour ceux qui d\u00e9fendent la s\u00e9curit\u00e9 de nous tous<\/p>\n<p class=\"MsoNormal\" style=\"text-align: justify;\">&gt; Nous l\u2019avons !<br \/>\nLes contrats de mandat et la gestion d\u2019une entreprise individuelle seront<br \/>\ninclus dans la dur\u00e9e de service. Dans la coalition 15 X, nous tenons notre<br \/>\nparole.<\/p>\n<p class=\"MsoNormal\" style=\"text-align: justify;\">&gt; La s\u00e9curit\u00e9<br \/>\nn\u2019exclut pas l\u2019humanit\u00e9 ! La coalition 15 X se concentre sur la solidarit\u00e9 et<br \/>\nla d\u00e9fense contre la Russie. La Conf\u00e9d\u00e9ration [extr\u00eame-droite] et Braun<br \/>\npr\u00e9f\u00e8rent jouer dans les int\u00e9r\u00eats du Kremlin.<\/p>\n<p class=\"MsoNormal\" style=\"text-align: justify;\">&gt; Nous investissons<br \/>\ndans la s\u00e9curit\u00e9 et le d\u00e9veloppement de la Pologne ! Nous construisons un<br \/>\nsyst\u00e8me de communication r\u00e9sistant aux attaques. Pour l\u2019arm\u00e9e, la police et les<br \/>\nservices. Au profit des entreprises polonaises. Et surtout, pour nous tous.<\/p>\n<p class=\"MsoNormal\" style=\"text-align: justify;\">&gt; Apr\u00e8s 24 ans,<br \/>\nnous cr\u00e9ons un nouveau parc national !<br \/>La basse vall\u00e9e de l\u2019Oder obtiendra le statut de protection juridique \u2013 Le<br \/>\ncomit\u00e9 permanent du Conseil des ministres a adopt\u00e9 notre projet de loi.<br \/>&#8211; Nous renfor\u00e7ons la protection des \u00e9cosyst\u00e8mes uniques<br \/>&#8211; Soutenir les communaut\u00e9s locales et le tourisme<br \/>&#8211; Nous \u00e9duquons et cr\u00e9ons un espace qui est accessible \u00e0 tous<br \/>\u00a0Pologne 2050 \u2013 nous faisons ce que nous<br \/>\navons promis\u00a0: pour les personnes et l\u2019environnement.<\/p>\n<p class=\"MsoNormal\" style=\"text-align: justify;\">&gt; Fini les promoteurs<br \/>\nqui cachent les prix ! Gr\u00e2ce \u00e0 notre loi, les prix des appartements doivent<br \/>\n\u00eatre publics !<\/p>\n<p class=\"MsoNormal\" style=\"text-align: justify;\">&gt; Notre loi sur la<br \/>\ntransparence des prix de l\u2019immobilier fonctionne pleinement ! D\u00e9sormais, le<br \/>\nmarch\u00e9 immobilier devient plus transparent que jamais. <br \/>Ce qui s\u2019applique aux promoteurs\u00a0:<br \/>&#8211; prix au m2 donn\u00e9 explicitement,<br \/>&#8211; tarifs des locaux et affiliations sur le site,<br \/>&#8211; tous les co\u00fbts suppl\u00e9mentaires divulgu\u00e9s,<br \/>&#8211; l\u2019historique des changements de prix est disponible pour consultation.<br \/>Nous avons promis la transparence pour les acheteurs. Nous l\u2019avons fait. Et<br \/>\nnous ne nous arr\u00eatons pas l\u00e0!<\/p>\n<p class=\"MsoNormal\" style=\"text-align: justify;\">&gt; Il y a quelques<br \/>\nsemaines, les ours \u00e9taient en danger d\u2019\u00eatre abattus. Aujourd\u2019hui, ils portent<br \/>\ndes \u00e9metteurs qui aident \u00e0 les prot\u00e9ger et \u00e0 mieux suivre leurs trajets. Nous<br \/>\navons promis d\u2019agir avec le souci de la nature et de la s\u00e9curit\u00e9 de chacun de<br \/>\nnous. Et c\u2019est ce que nous faisons.<\/p>\n<p class=\"MsoNormal\" style=\"text-align: justify;\">&gt; Un autre<br \/>\ntransfert de KPO se rapproche ! La Commission europ\u00e9enne terminera la proc\u00e9dure<br \/>\nde versement d\u2019ici le 11\u00a0novembre, et les fonds seront vers\u00e9s \u00e0 la Pologne<br \/>\ndans un d\u00e9lai de deux semaines. Les fonds soutiendront des investissements dans<br \/>\nl\u2019\u00e9nergie, les h\u00f4pitaux et les infrastructures.<\/p>\n<p class=\"MsoNormal\" style=\"text-align: justify;\">&gt; Nous avons arr\u00eat\u00e9<br \/>\nla combustion de bois de haute qualit\u00e9 dans le secteur de l\u2019\u00e9nergie ! Les<br \/>\nnouvelles r\u00e9glementations sont en vigueur depuis le 7\u00a0septembre.<br \/>&#8211; Seuls les restes de la transformation du bois seront destin\u00e9s au secteur<br \/>\nprofessionnel de l\u2019\u00e9nergie.<br \/>&#8211; Du bois \u00e0 part enti\u00e8re ? Il reste pour l\u2019industrie, pas pour la combustion.<br \/>&#8211; Chemin\u00e9es priv\u00e9es ? Pas de changement !!<br \/>&#8211; Les entreprises de bois, les scieries et l\u2019industrie du meuble en profiteront<br \/>\n\u2013 le bois retournera l\u00e0 o\u00f9 il devrait \u00eatre.<br \/>Nous avons fait une promesse claire\u00a0: prendre soin de la nature et de la<br \/>\nvie quotidienne des gens peut aller de pair. Et nous tenons notre parole<\/p>\n<p class=\"MsoNormal\" style=\"text-align: justify;\">\u00a0<\/p>\n<p class=\"MsoNormal\" style=\"text-align: justify;\"><b>Szymon Ho\u0142ownia<br \/>\n(pr\u00e9sident de la Di\u00e8te)<\/b><br \/>&gt; [Menaces de la Russie de Poutine contre l\u2019UE et l\u2019Ukraine] La<br \/>\nRussie m\u00e8ne une guerre hybride contre la Pologne et l\u2019Europe. Elle vise \u00e0<br \/>\nbriser l\u2019unit\u00e9 de chacun de nos pays et, plus tard, l\u2019unit\u00e9 europ\u00e9enne.<\/p>\n<p class=\"MsoNormal\" style=\"text-align: justify;\">&gt; [Menaces de la Russie de Poutine contre l\u2019UE et l\u2019Ukraine]<br \/>\nSi l\u2019objectif de nos ennemis est de d\u00e9stabiliser la situation en Pologne, tous<br \/>\nles organes d\u2019\u00c9tat et toutes les forces politiques doivent coop\u00e9rer de mani\u00e8re<br \/>\nplus harmonieuse, montrant leur unit\u00e9 et croisant leurs plans.<\/p>\n<p class=\"MsoNormal\" style=\"text-align: justify;\">\u00a0<\/p>\n<p class=\"MsoNormal\" style=\"text-align: justify;\"><b style=\"font-family: arial;\">\u25cf Portugal<\/b><br \/>\n<b style=\"font-family: arial;\">\u2666 Iniciativa liberal<br \/><\/b>&gt; La politique locale, qui \u00e9tait cens\u00e9e \u00eatre le premier espace de<br \/>\nconfiance entre les citoyens et l&rsquo;\u00c9tat, a \u00e9t\u00e9 captur\u00e9e par des d\u00e9cennies de<br \/>\nvices et une logique de pouvoir qui se prot\u00e8ge.<br \/>Mais nous, les lib\u00e9raux, sommes ici pour prouver que \u00e7a n&rsquo;a pas \u00e0 se passer<br \/>\ncomme \u00e7a.<br \/>Nous sommes ici pour montrer qu&rsquo;il y a une autre fa\u00e7on de faire de la politique<br \/>\n: claire, transparente, exigeante et au service du peuple.<br \/>Nous sommes ici pour dire qu&rsquo;il y a de l&rsquo;espoir.<br \/>Avec plus de lib\u00e9raux dans les gouvernements locaux, \u00e7a change tout :<br \/>&#8211; Changez la fa\u00e7on dont le pouvoir s&rsquo;exerce &#8211; plus proche des gens, pas de<br \/>\nfaveurs cach\u00e9es.<br \/>&#8211; Changer la fa\u00e7on dont les ressources sont utilis\u00e9es &#8211; rigoureusement,<br \/>\nresponsable, r\u00e9duire les d\u00e9chets pour investir dans ce qui compte vraiment.<br \/>&#8211; Changer la fa\u00e7on dont les d\u00e9cisions sont prises &#8211; de fa\u00e7on transparente, avec<br \/>\ndes comptes corrects et toujours avec les citoyens en premier.<br \/>Ce que nous proposons est simple et transformateur :<br \/>&#8211; Des autarchies qui donnent l&rsquo;exemple de transparence et d&rsquo;efficacit\u00e9.<br \/>&#8211; Les services municipaux qui fonctionnent.<br \/>&#8211; Des budgets participatifs qui engagent les gens.<br \/>&#8211; Baisse des taxes locales pour lib\u00e9rer les familles et les entreprises.<br \/>&#8211; Des politiques qui attirent les investissements et laissent prosp\u00e9rer les<br \/>\ntalents locaux.<br \/>C&rsquo;est ici, au niveau le plus proche de la vie des gens, qu&rsquo;on peut commencer \u00e0<br \/>\nchanger le cours du pays.<br \/>Et c&rsquo;est pourquoi nous pr\u00e9sentons aujourd&rsquo;hui diff\u00e9rents candidats : des<br \/>\npersonnes s\u00e9rieuses, comp\u00e9tentes, avec des preuves, qui ne viennent pas pour<br \/>\ndes tours ou des faveurs, mais pour servir.<\/p>\n<p class=\"MsoNormal\" style=\"text-align: justify;\">&gt; En 2024, le Premier ministre a assur\u00e9 que les pouvoirs<br \/>\npolitiques s&rsquo;engagent \u00e0 augmenter l&rsquo;offre de logements \u00e9tudiants et a annonc\u00e9<br \/>\ndes accords dans 22 auberges de jeunesse et quatre unit\u00e9s Inatel impliquant 25<br \/>\n\u00e9tablissements d&rsquo;enseignement sup\u00e9rieur. \u00c0 cette \u00e9poque, il a \u00e9galement annonc\u00e9<br \/>\nla cr\u00e9ation d&rsquo;une ligne de cr\u00e9dit de 5,5 millions d&rsquo;euros mise \u00e0 la disposition<br \/>\ndes \u00e9tablissements d&rsquo;enseignement sup\u00e9rieur afin qu&rsquo;ils puissent ajouter<br \/>\ndavantage d&rsquo;offre gr\u00e2ce \u00e0 des protocoles avec des entit\u00e9s publiques<br \/>R\u00e9cemment, le ministre de l&rsquo;\u00c9ducation, dans des d\u00e9clarations aux m\u00e9dias, a paru<br \/>\nsurpris des r\u00e9sultats d&rsquo;une enqu\u00eate sur les besoins en logement universitaire<br \/>\nen d\u00e9cembre, r\u00e9v\u00e9lant que \u00ab beaucoup de r\u00e9sidences n&rsquo;avaient pas toutes les<br \/>\noffres d&#8217;emplois vacants \u00bb. Cette d\u00e9claration a conduit \u00e0 diverses r\u00e9actions,<br \/>\nnotamment de la part du pr\u00e9sident du service de l&rsquo;action sociale de<br \/>\nl&rsquo;universit\u00e9 de Porto venu clarifier le manque de vacance d&#8217;emplois sur le<br \/>\nterritoire qu&rsquo;il g\u00e8re.<br \/>Si l&rsquo;on exclut Lisbonne, Coimbra et Porto, qui ont des taux de couverture<br \/>\ncompris entre 7 et 12% et qui sont les villes avec certaines des institutions<br \/>\nles plus recherch\u00e9es, on peut conclure que les postes vacants, \u00e0 pourvoir, se<br \/>\nsituent dans des territoires o\u00f9 il y a eu une plus grande rupture le nombre de<br \/>\ncandidats, mais cette r\u00e9alit\u00e9 n&rsquo;est pas surprenante du tout. Cependant, le<br \/>\nministre de l&rsquo;\u00e9ducation n&rsquo;a pas voulu divulguer ni le nombre de postes vacants<br \/>\nni l&rsquo;endroit o\u00f9 ils se trouvent, en faisant r\u00e9f\u00e9rence au fait que cette<br \/>\nresponsabilit\u00e9 incombe aux \u00e9tablissements d&rsquo;enseignement sup\u00e9rieur Maintenant,<br \/>\nsi l&rsquo;augmentation de l&rsquo;offre de logements coll\u00e9giaux a conduit \u00e0 la cr\u00e9ation de<br \/>\ndiff\u00e9rents m\u00e9canismes, comme le cas des accords de logement \u00e9tudiant, des<br \/>\nlignes de cr\u00e9dit et le renforcement du Plan national pour le logement de<br \/>\nl&rsquo;enseignement sup\u00e9rieur (PNAES) par le biais du PRR, il devient imp\u00e9ratif de<br \/>\ns&rsquo;assurer que l&rsquo;offre est cr\u00e9\u00e9 l\u00e0 o\u00f9 il est n\u00e9cessaire et ce ratio devrait \u00eatre<br \/>\npr\u00e9sent\u00e9 de fa\u00e7on transparente.<br \/>L&rsquo;Initiative lib\u00e9rale interroge le ministre : suite au sondage r\u00e9alis\u00e9 par la<br \/>\nMECI, en d\u00e9cembre, combien de postes vacants dans les logements \u00e9tudiants et o\u00f9<br \/>\nse trouvent-ils ?<\/p>\n<p class=\"MsoNormal\" style=\"text-align: justify;\">\u00a0<\/p>\n<p class=\"MsoNormal\" style=\"text-align: justify;\"><b style=\"font-family: arial;\">\u25cf Roumanie<br \/>\u2666 Gouvernement<br \/>Nicosur Dan (pr\u00e9sident)<br \/><\/b>&gt; J&rsquo;ai eu une r\u00e9union importante<br \/>\navec les repr\u00e9sentants des investisseurs am\u00e9ricains de Roumanie.<br \/>J&rsquo;ai r\u00e9it\u00e9r\u00e9 que le partenariat strat\u00e9gique avec les \u00c9tats-Unis demeure<br \/>\nessentiel et que le renforcement du partenariat \u00e9conomique est une priorit\u00e9<br \/>\ncommune.<br \/>Je remercie la communaut\u00e9 des affaires am\u00e9ricaine pour sa pr\u00e9cieuse<br \/>\ncontribution au d\u00e9veloppement de la Roumanie au cours des trois derni\u00e8res<br \/>\nd\u00e9cennies &#8211; investissements, emplois, transfert de savoir-faire.<br \/>La Roumanie est stable et d\u00e9termin\u00e9e \u00e0 poursuivre les r\u00e9formes. Nous sommes<br \/>\nalign\u00e9s sur des objectifs strat\u00e9giques tels que rejoindre l&rsquo;OCDE et construire<br \/>\nun environnement \u00e9conomique solide, ouvert aux investissements et \u00e0 la<br \/>\ncollaboration.<\/p>\n<p class=\"MsoNormal\" style=\"text-align: justify;\">\u00a0<\/p>\n<p class=\"MsoNormal\" style=\"text-align: justify;\"><b style=\"font-family: arial;\">Oana T\u0326oiu (ministre<br \/>\ndes Affaires \u00e9trang\u00e8res)<br \/><\/b>&gt; [Menaces de la Russie de Poutine contre l\u2019UE et l\u2019Ukraine] La violation de l&rsquo;espace a\u00e9rien de notre<br \/>\nalli\u00e9 et partenaire strat\u00e9gique, la Pologne, avec des drones est inacceptable.<br \/>Nous r\u00e9affirmons notre pleine solidarit\u00e9 avec la Pologne et soutenons l&rsquo;\u00e9troite<br \/>\ncoordination entre les alli\u00e9s pour adopter des mesures ad\u00e9quates.<br \/>Ces violations sont devenues un mod\u00e8le du m\u00e9pris de la Russie pour la<br \/>\nsouverainet\u00e9 des \u00c9tats et le droit international. La poursuite des<br \/>\nbombardements russes \u00e0 proximit\u00e9 imm\u00e9diate de l&rsquo;OTAN et les violations r\u00e9p\u00e9t\u00e9es<br \/>\nde l&rsquo;espace a\u00e9rien alli\u00e9 sont inqui\u00e9tantes et irresponsables.<br \/>Il y a plus d&rsquo;un si\u00e8cle, en 1921, la Roumanie et la Pologne ont sign\u00e9 le<br \/>\npremier accord de d\u00e9fense militaire moderne en Europe. Beaucoup de choses ont<br \/>\nchang\u00e9 depuis. Ce qui n&rsquo;a pas chang\u00e9, c&rsquo;est la compr\u00e9hension que nous<br \/>\npartageons concernant les menaces dans notre r\u00e9gion. Nous collaborerons entre<br \/>\nnous et nos alli\u00e9s pour assurer la s\u00e9curit\u00e9 de notre espace a\u00e9rien et de notre<br \/>\nsouverainet\u00e9.<\/p>\n<p class=\"MsoNormal\" style=\"text-align: justify;\">\u00a0<\/p>\n<p class=\"MsoNormal\" style=\"text-align: justify;\"><b style=\"font-family: arial;\">Ionut\u0326 Mos\u0326teanu (ministre<br \/>\nde la D\u00e9fense)<br \/><\/b>&gt; [Menaces de la Russie de Poutine contre l\u2019UE et l\u2019Ukraine] Des drones russes ont viol\u00e9 l&rsquo;espace a\u00e9rien<br \/>\npolonais. Un incident tr\u00e8s grave, une violation inacceptable de l&rsquo;espace a\u00e9rien<br \/>\nd&rsquo;un \u00c9tat alli\u00e9 de l&rsquo;OTAN et une dangereuse escalade de la Russie.<br \/>La Roumanie est en contact permanent avec ses alli\u00e9s. Nous sommes solidaires de<br \/>\nla Pologne et, avec les alli\u00e9s de l&rsquo;OTAN, nous r\u00e9pondrons fermement \u00e0 toute<br \/>\ntentative de la Russie de mettre en danger la s\u00e9curit\u00e9 europ\u00e9enne. <\/p>\n<p class=\"MsoNormal\" style=\"text-align: justify;\">&gt; Bonne nouvelle<br \/>\n! La Roumanie dispose de 16,7 milliards d&rsquo;euros \u00e0 travers le programme europ\u00e9en<br \/>\nSAFE.<br \/>La Roumanie est attribu\u00e9e aux deux sommes les plus \u00e9lev\u00e9es de l&rsquo;Union<br \/>\neurop\u00e9enne.<br \/>Il y a de l&rsquo;argent qui pourra servir non seulement \u00e0 l&rsquo;\u00e9quipement de l&rsquo;arm\u00e9e<br \/>\npar le biais d&rsquo;achats europ\u00e9ens conjoints, mais aussi \u00e0 l&rsquo;infrastructure<br \/>\ncivilo-militaire : ponts, routes, autoroutes et chemins de fer pour assurer la<br \/>\nmobilit\u00e9 rapide des troupes et des \u00e9quipements lorsque notre s\u00e9curit\u00e9 l&rsquo;exige.<br \/>Il y a des investissements dont tout Roumain pourrait b\u00e9n\u00e9ficier.<br \/>Ces investissements sont vitaux pour un \u00c9tat situ\u00e9 \u00e0 la fronti\u00e8re orientale de<br \/>\nl&rsquo;OTAN et de l&rsquo;Union europ\u00e9enne. La Russie de Poutine reste une menace directe,<br \/>\net la Roumanie a besoin d&rsquo;infrastructures modernes et r\u00e9silientes.<br \/>Je remercie le Premier ministre Ilie Bolojan, le ministre des Finances<br \/>\nAlexandru Nazare et le chef d&rsquo;annulation du Premier ministre Mihai Jurca pour<br \/>\nle r\u00f4le tr\u00e8s important qu&rsquo;ils ont jou\u00e9 dans ces n\u00e9gociations. D&rsquo;ici fin<br \/>\nnovembre, nous aurons certainement, avec la Commission europ\u00e9enne, la liste des<br \/>\nprojets concrets.<br \/>La Roumanie doit profiter de cette \u00e9norme opportunit\u00e9 pour renforcer sa d\u00e9fense<br \/>\net moderniser ses infrastructures. C&rsquo;est une \u00e9tape essentielle pour notre<br \/>\ns\u00e9curit\u00e9 et pour l&rsquo;avenir europ\u00e9en de la r\u00e9gion de la mer Noire.<\/p>\n<p class=\"MsoNormal\" style=\"text-align: justify;\">\u00a0<\/p>\n<p class=\"MsoNormal\" style=\"text-align: justify;\"><b>Diana Buzoianu (ministre de l\u2019Environnement)<br \/><\/b>&gt; La r\u00e9forme des eaux roumaines<br \/>\nest essentielle. Nous devons apporter la transparence dans cette institution.<br \/>\nUne v\u00e9ritable exp\u00e9rience de leadership est n\u00e9cessaire pour utiliser des projets<br \/>\ncritiques pour des centaines de milliers de Roumains expos\u00e9s aux inondations.<br \/>\nC&rsquo;est ce qu&rsquo;on va faire \u00e0 l&rsquo;avenir.<b><br \/><\/b>La Roumanie a perdu plus de 300 millions d&rsquo;euros du PNRR, argent essentiel<br \/>\npour la d\u00e9fense des infrastructures critiques contre les inondations. Pas un<br \/>\nseul kilom\u00e8tre de la jet\u00e9e n&rsquo;a \u00e9t\u00e9 construit \u00e0 partir des plus de 400 qui<br \/>\npourraient \u00eatre construits. Sur les 13 barrages fournis, un seul sera financ\u00e9.<br \/>\nSur 13 polders, il ne restait plus qu&rsquo;un polder. Le reste des fonds a \u00e9t\u00e9 coup\u00e9<br \/>\npar la Commission europ\u00e9enne.<b><br \/><\/b>Mais cette histoire n&rsquo;a pas besoin d&rsquo;\u00eatre celle des eaux roumaines. Nous<br \/>\ntravaillerons \u00e0 rendre l&rsquo;institution plus efficace pendant cette p\u00e9riode. \u00ab<br \/>\nDans les mois \u00e0 venir, nous aurons un directeur int\u00e9rimaire pour une p\u00e9riode de<br \/>\ntransition qui aura un mandat de transparence et de r\u00e9organisation<\/p>\n<p class=\"MsoNormal\" style=\"text-align: justify;\">\u00a0<\/p>\n<p class=\"MsoNormal\" style=\"text-align: justify;\"><b style=\"font-family: arial;\">\u2666 USR<br \/><\/b>&gt; [Crise de Gaza] Les d\u00e9put\u00e9s<br \/>\neurop\u00e9ens de l&rsquo;USR Vlad Voiculescu et Dan Barna ont vot\u00e9 pour l&rsquo;adoption d&rsquo;une<br \/>\nimportante r\u00e9solution sur la situation \u00e0 Gaza. Par la r\u00e9solution co-initi\u00e9e par<br \/>\nVlad Voiculescu, le Parlement europ\u00e9en :<br \/>&#8211; exige un cessez-le-feu imm\u00e9diat et permanent et la lib\u00e9ration de tous les<br \/>\notages isra\u00e9liens ;<br \/>&#8211; Condamne fermement les attaques terroristes du Hamas et appelle \u00e0 des<br \/>\nsanctions contre le groupe, mais aussi contre les responsables et colons<br \/>\nisra\u00e9liens violents en Cisjordanie ;<br \/>&#8211; d\u00e9nonce le blocus humanitaire impos\u00e9 par le gouvernement isra\u00e9lien, qui<br \/>\nprovoque la famine, et demande l&rsquo;ouverture de tous les points fronti\u00e8re pour<br \/>\nl&rsquo;aide humanitaire ;<\/p>\n<p class=\"MsoNormal\" style=\"text-align: justify;\">&#8211; r\u00e9affirme que le<br \/>\ndroit d&rsquo;Isra\u00ebl \u00e0 la l\u00e9gitime d\u00e9fense ne justifie pas les attaques militaires<br \/>\nindiff\u00e9rentes contre les civils ;<br \/>&#8211; soutenir les enqu\u00eates sur les crimes de guerre et exige que tous les<br \/>\ncoupables soient tenus responsables ;<br \/>&#8211; r\u00e9affirme l&rsquo;importance d&rsquo;une solution bas\u00e9e sur la coexistence de deux \u00c9tats,<br \/>\nIsra\u00ebl et la Palestine, le seul qui puisse apporter la paix et la stabilit\u00e9<br \/>\ndans la r\u00e9gion.<br \/>La r\u00e9solution a \u00e9t\u00e9 adopt\u00e9e par le Parlement europ\u00e9en<br \/>Parall\u00e8lement, le ministre des affaires \u00e9trang\u00e8res, Oana T\u0326oiu a rencontr\u00e9 les<br \/>\nambassadeurs des Etats membres de l&rsquo;Organisation pour la coop\u00e9ration islamique.<br \/>\nLes principaux messages envoy\u00e9s de la Roumanie :<br \/>&#8211; l&rsquo;urgence d&rsquo;un nouvel accord de cessez-le-feu et la lib\u00e9ration des otages,<br \/>\nqui conduiront \u00e0 une paix durable ;<br \/>&#8211; augmentation des flux humanitaires vers Gaza, acc\u00e8s s\u00fbr pour les travailleurs<br \/>\nhumanitaires et soutien \u00e0 la population civile ;<br \/>&#8211; la poursuite des actions d&rsquo;\u00e9vacuation et de soutien m\u00e9dical de la Roumanie &#8211;<br \/>\ny compris le traitement des 41 enfants palestiniens amen\u00e9s en Roumanie ;<br \/>&#8211; soutien \u00e0 la solution \u00e0 deux \u00c9tats, avec le d\u00e9sarmement du Hamas et garantie<br \/>\nfermement la s\u00e9curit\u00e9 pour Isra\u00ebl.<\/p>\n<p class=\"MsoNormal\" style=\"text-align: justify;\">\u00a0<\/p>\n<p class=\"MsoNormal\" style=\"text-align: justify;\"><b style=\"font-family: arial;\">\u25cf Su\u00e8de<br \/>\u2666 Liberalerna<br \/>Simona Mohamsson (premi\u00e8re secr\u00e9taire)<br \/><\/b>&gt; Quelle semaine gagnante ! La semaine a \u00e9t\u00e9 remplie de d\u00e9cisions<br \/>\nimportantes, de travail acharn\u00e9 et de grandes victoires lib\u00e9rales.<br \/>\nRejoignez-nous pour quelques moments forts de la semaine pass\u00e9e :<br \/>&#8211; Cette semaine, le Parlement a ouvert une nouvelle ann\u00e9e de travail. Ici avec<br \/>\nmes potes du conseil d&rsquo;\u00e9tat lib\u00e9ral.<br \/>&#8211; Aujourd&rsquo;hui est aussi un jour historique. Apr\u00e8s 30 ans d&rsquo;\u00e9chec de la<br \/>\nr\u00e9glementation, nous mettons maintenant le pied \u00e0 terre et r\u00e9gulons le temps<br \/>\nd&rsquo;enseignement des enseignants. Il n&rsquo;y a qu&rsquo;une f\u00eate scolaire : les lib\u00e9raux.<br \/>-. L&rsquo;\u00e9cole primaire sera d\u00e9sormais totalement libre de mobiles. L&rsquo;\u00e9cole devrait<br \/>\n\u00eatre faite pour apprendre et savoir, pas pour faire d\u00e9filer TikTok ou \u00eatre<br \/>\nd\u00e9rang\u00e9 par les notifications Snapchat !<br \/>&#8211; Etape par \u00e9tape, nous nous assurons que les familles su\u00e9doises avec enfants<br \/>\net d&rsquo;autres m\u00e9nages re\u00e7oivent plus d&rsquo;argent dans leur portefeuille. Nous<br \/>\nr\u00e9duisons les taxes sur le travail, sur les honoraires des maisons pr\u00e9scolaires<br \/>\net de vacances, sur l&rsquo;\u00e9lectricit\u00e9, pour les retrait\u00e9s et supprimons l&rsquo;\u00e9cart<br \/>\nfiscal pour les personnes qui ont une indemnisation<br \/>&#8211; Gr\u00e2ce aux lib\u00e9raux, le gouvernement passe maintenant \u00e0 la prochaine \u00e9tape<br \/>\npour s&rsquo;assurer que les \u00e9coles sont interdites de retirer leurs b\u00e9n\u00e9fices. Les<br \/>\nenfants devraient toujours \u00eatre en avance sur les compagnies boursi\u00e8res !<br \/>&#8211; Tous les enfants devraient se sentir en s\u00e9curit\u00e9 dans l&rsquo;eau. C&rsquo;est pourquoi<br \/>\nle gouvernement investit maintenant dans les \u00e9coles de natation \u00e0 l&rsquo;\u00e9tranger.<br \/>\nLe code postal ne devrait jamais d\u00e9terminer si vous apprenez \u00e0 nager.<br \/>&#8211; La Su\u00e8de devrait \u00eatre un pays o\u00f9 nous nous \u00e9duquons, nous nous comportons et<br \/>\nnous soutenons. Mais lorsque les enfants sont \u00e9loign\u00e9s de la langue, de l&rsquo;\u00e9cole<br \/>\net d&rsquo;autres soci\u00e9t\u00e9s, leur avenir et notre communaut\u00e9 sont menac\u00e9s. C&rsquo;est<br \/>\npourquoi le gouvernement m\u00e8ne plusieurs enqu\u00eates sur les conditions de<br \/>\ncroissance des enfants. Les faits sur la table font une bonne politique.<\/p>\n<p class=\"MsoNormal\" style=\"text-align: justify;\">&gt; La Su\u00e8de devrait \u00eatre un pays o\u00f9 nous nous \u00e9duquons,<br \/>\nnous nous comportons et nous soutenons.<br \/>Mais lorsque les enfants sont \u00e9loign\u00e9s de la langue, de l&rsquo;\u00e9cole et d&rsquo;autres<br \/>\nsoci\u00e9t\u00e9s, leur avenir et notre communaut\u00e9 sont menac\u00e9s. C&rsquo;est pourquoi les<br \/>\nlib\u00e9raux dans le budget mettent en \u0153uvre des investissements cibl\u00e9s pour briser<br \/>\nla x\u00e9nophobie et renforcer les conditions des enfants dans tout le pays.<br \/>Les valeurs sont une affaire juste. Tous les enfants devraient avoir les m\u00eames<br \/>\ndroits fondamentaux &#8211; que vous grandissiez \u00e0 Bromma ou \u00e0 Biskopsg\u00e5rden. Cela<br \/>\nn\u00e9cessite des investissements cibl\u00e9s dans des domaines o\u00f9 nous savons que les<br \/>\nvaleurs lib\u00e9rales sont exempt\u00e9es.<br \/>C&rsquo;est pourquoi le gouvernement, gr\u00e2ce aux lib\u00e9raux, d\u00e9cide de la politique<br \/>\nd&rsquo;int\u00e9gration. Du sentiment et des suppositions aux faits.<br \/>Dans le budget, nous investissons dans la cartographie de la fa\u00e7on dont les<br \/>\nconditions des enfants sont affect\u00e9es par la croissance \u00e0 l&rsquo;\u00e9tranger, dans les<br \/>\nclans criminels et dans les zones o\u00f9 la BVC n&rsquo;arrive pas Pour pouvoir placer<br \/>\nles bons paris &#8211; t\u00f4t et pr\u00e9cis.<br \/>Nous dirigeons donc le pouvoir de la soci\u00e9t\u00e9 l\u00e0 o\u00f9 il est le plus n\u00e9cessaire.<\/p>\n<p class=\"MsoNormal\" style=\"text-align: justify;\">&gt; Enfin, nous obtenons une interdiction mobile des \u00e9coles<br \/>\nprimaires su\u00e9doises. L&rsquo;\u00e9cole devrait \u00eatre faite pour apprendre et savoir &#8211; pas<br \/>\npour d\u00e9filer sur TikTok ou \u00eatre d\u00e9rang\u00e9 par les notifications Snapchat.<\/p>\n<p class=\"MsoNormal\" style=\"text-align: justify;\">\u00a0<\/p>\n<p class=\"MsoNormal\" style=\"text-align: justify;\">\u00a0<\/p>\n<p><\/p>\n","protected":false},"excerpt":{"rendered":"Voici une s\u00e9lection, ce 13 septembre 2025, des derniers propos tenus par des centristes dans les m\u00e9dias ou&hellip;\n","protected":false},"author":2,"featured_media":388827,"comment_status":"","ping_status":"","sticky":false,"template":"","format":"standard","meta":{"footnotes":""},"categories":[1586],"tags":[11,1777,674,1779,1011,27,12,25,1778,364],"class_list":{"0":"post-388826","1":"post","2":"type-post","3":"status-publish","4":"format-standard","5":"has-post-thumbnail","7":"category-europe","8":"tag-actualites","9":"tag-eu","10":"tag-europe","11":"tag-european-union","12":"tag-fr","13":"tag-france","14":"tag-news","15":"tag-republique-francaise","16":"tag-ue","17":"tag-union-europeenne"},"share_on_mastodon":{"url":"https:\/\/pubeurope.com\/@fr\/115199260981140879","error":""},"_links":{"self":[{"href":"https:\/\/www.europesays.com\/fr\/wp-json\/wp\/v2\/posts\/388826","targetHints":{"allow":["GET"]}}],"collection":[{"href":"https:\/\/www.europesays.com\/fr\/wp-json\/wp\/v2\/posts"}],"about":[{"href":"https:\/\/www.europesays.com\/fr\/wp-json\/wp\/v2\/types\/post"}],"author":[{"embeddable":true,"href":"https:\/\/www.europesays.com\/fr\/wp-json\/wp\/v2\/users\/2"}],"replies":[{"embeddable":true,"href":"https:\/\/www.europesays.com\/fr\/wp-json\/wp\/v2\/comments?post=388826"}],"version-history":[{"count":0,"href":"https:\/\/www.europesays.com\/fr\/wp-json\/wp\/v2\/posts\/388826\/revisions"}],"wp:featuredmedia":[{"embeddable":true,"href":"https:\/\/www.europesays.com\/fr\/wp-json\/wp\/v2\/media\/388827"}],"wp:attachment":[{"href":"https:\/\/www.europesays.com\/fr\/wp-json\/wp\/v2\/media?parent=388826"}],"wp:term":[{"taxonomy":"category","embeddable":true,"href":"https:\/\/www.europesays.com\/fr\/wp-json\/wp\/v2\/categories?post=388826"},{"taxonomy":"post_tag","embeddable":true,"href":"https:\/\/www.europesays.com\/fr\/wp-json\/wp\/v2\/tags?post=388826"}],"curies":[{"name":"wp","href":"https:\/\/api.w.org\/{rel}","templated":true}]}}