{"id":388828,"date":"2025-09-13T22:06:13","date_gmt":"2025-09-13T22:06:13","guid":{"rendered":"https:\/\/www.europesays.com\/fr\/388828\/"},"modified":"2025-09-13T22:06:13","modified_gmt":"2025-09-13T22:06:13","slug":"top-14-pierre-bourgarit-la-rochelle-cest-bien-davoir-eu-cette-volonte-cet-optimisme-de-chercher-a-marquer-ce-dernier-essai","status":"publish","type":"post","link":"https:\/\/www.europesays.com\/fr\/388828\/","title":{"rendered":"Top 14 \u2013 Pierre Bourgarit (La\u00a0Rochelle)\u00a0: \u00ab\u00a0C\u2019est bien d\u2019avoir eu cette volont\u00e9, cet optimisme de chercher \u00e0 marquer ce dernier essai\u00a0\u00bb"},"content":{"rendered":"<p>\n                Le talonneur international, tout heureux de pouvoir compter sur la vista de Nolann Le Garrec, a tenu \u00e0 mettre en avant la force de caract\u00e8re des siens et \u00e0 relativiser les difficult\u00e9s de l\u2019alignement maritime lors de la victoire \u00e0 Clermont, ce samedi (34-16).\n            <\/p>\n<p><strong>La victoire est au rendez-vous mais on n\u2019a pas senti le m\u00eame allant que la semaine pass\u00e9e \u00e0 Bordeaux, comme si vous aviez jou\u00e9 avec le frein \u00e0 main ce soir\u2026 Avez-vous eu ce ressenti\u00a0?<\/strong><\/p>\n<p>Je ne sais pas si on a jou\u00e9 avec le frein \u00e0 main mais, ce qui est s\u00fbr, c\u2019est qu\u2019on n\u2019a pas ma\u00eetris\u00e9 pleinement notre prestation. Mais il faut saluer la force de caract\u00e8re de l\u2019\u00e9quipe sur la fin de match. Nous sommes arriv\u00e9s \u00e0 faire basculer la rencontre, notamment apr\u00e8s cette s\u00e9quence \u00e0 cinq m\u00e8tres de notre ligne. Car si on prend l\u2019essai \u00e0 ce moment-l\u00e0, ce n\u2019est pas la m\u00eame fin de match.<\/p>\n<p><strong>\u00c0 la fin, il y a cette d\u00e9cision assez forte de l\u2019\u00e9quipe, qui d\u00e9cide d\u2019aller en touche, apr\u00e8s la sir\u00e8ne, m\u00eame s\u2019il n\u2019y avait pas de bonus offensif en jeu et que l\u2019ASM pouvait a contrario encore\u00a0ramener un point\u2026<\/strong><\/p>\n<p>C\u2019\u00e9tait la volont\u00e9 des joueurs sur le terrain et du staff sur le banc. On sait qu\u2019il y a le cas d\u2019\u00e9galit\u00e9 en fin de saison qui peut compter\u2026 \u00c7a nous a souri de tenter le coup et \u00e7a nous a permis d\u2019\u00eatre un peu plus heureux encore. C\u2019est bien d\u2019avoir eu cette volont\u00e9, cet optimisme de chercher \u00e0 marquer ce dernier essai. C\u2019est ce qu\u2019on montre depuis le d\u00e9but de la saison. On a la volont\u00e9 de cr\u00e9er du jeu, de marquer des essais. Maintenant, il faut qu\u2019on arrive \u00e0 mieux trier les ballons. \u00c0 Bordeaux, on en avait beaucoup jet\u00e9 et on a pu voir qu\u2019il y avait encore des r\u00e9glages \u00e0 effectuer. Ce soir, la solution a \u00e9t\u00e9 un peu individuelle avec Nolann qui r\u00e9ussit cette interception. Il y a d\u2019autres fois o\u00f9 elle sera plus collective.<\/p>\n<p><strong>Justement, parlez-nous de cette action\u00a0de votre nouveau demi de m\u00eal\u00e9e, qui a d\u2019ailleurs \u00e9t\u00e9 d\u00e9cisif \u00e0 plusieurs reprises sur la fin de match\u2026<\/strong><\/p>\n<p>On conna\u00eet assez bien Nolann, \u00e7a fait plusieurs ann\u00e9es qu\u2019on joue contre lui. On le sait capable de petits exploits comme \u00e7a et il en a s\u00fbrement plein d\u2019autres dans son sac. Cette fois, \u00e7a a \u00e9t\u00e9 lui. Ce sera peut-\u00eatre un autre la prochaine fois. C\u2019est lui qui est dans la lumi\u00e8re mais tous les autres ont fait le n\u00e9cessaire autour pour que l\u2019on d\u00e9croche la victoire.<\/p>\n<p><strong>Quel regard portez-vous sur vos difficult\u00e9s en touche avec une demi-douzaine de ballons \u00e9gar\u00e9s\u00a0?<\/strong><\/p>\n<p>Les stats, \u00e7a veut tout et rien dire. Si vous voulez, on peut prendre tous les ballons \u00e0 5 m\u00e8tres et se dire que c\u2019est super. Mais qu\u2019est-ce que vous en faites de ces ballons \u00e0 5 m\u00e8tres\u00a0? C\u2019est aussi \u00e7a qu\u2019il faut avoir en t\u00eate pour juger de l\u2019efficacit\u00e9. On a l\u2019intention de\u00a0d\u00e9ployer du jeu, comme je l\u2019ai dit. Et, pour y parvenir, on a besoin de ne pas lancer tous nos ballons \u00e0 cinq m\u00e8tres car cela\u00a0aide la d\u00e9fense. Notre ambition, c\u2019est de pouvoir prendre les ballons sur les 10 m\u00e8tres, les 15 m\u00e8tres. Forc\u00e9ment, \u00e7a occasionne\u00a0du d\u00e9chet. Si je prends ma prestation individuelle, il y a un lancer \u00e0 15 m\u00e8tres qui est pour moi, il y en a un autre o\u00f9 c\u2019est un joueur de l\u2019alignement qui s\u2019oublie\u2026 Il y a plein de petits d\u00e9tails \u00e0 gommer encore mais, pour la suite du championnat, je pense qu\u2019il faut garder cette ambition de prendre nos ballons \u00e0 10 m\u00e8tres. Ce sera beaucoup plus simple pour lancer notre jeu m\u00eame si, forc\u00e9ment, \u00e7a am\u00e8nera des discussions \u00e0 notre sujet.<\/p>\n","protected":false},"excerpt":{"rendered":"Le talonneur international, tout heureux de pouvoir compter sur la vista de Nolann Le Garrec, a tenu \u00e0&hellip;\n","protected":false},"author":2,"featured_media":388829,"comment_status":"","ping_status":"","sticky":false,"template":"","format":"standard","meta":{"footnotes":""},"categories":[2],"tags":[11,1011,27,12,25],"class_list":{"0":"post-388828","1":"post","2":"type-post","3":"status-publish","4":"format-standard","5":"has-post-thumbnail","7":"category-actualites","8":"tag-actualites","9":"tag-fr","10":"tag-france","11":"tag-news","12":"tag-republique-francaise"},"share_on_mastodon":{"url":"https:\/\/pubeurope.com\/@fr\/115199265174193901","error":""},"_links":{"self":[{"href":"https:\/\/www.europesays.com\/fr\/wp-json\/wp\/v2\/posts\/388828","targetHints":{"allow":["GET"]}}],"collection":[{"href":"https:\/\/www.europesays.com\/fr\/wp-json\/wp\/v2\/posts"}],"about":[{"href":"https:\/\/www.europesays.com\/fr\/wp-json\/wp\/v2\/types\/post"}],"author":[{"embeddable":true,"href":"https:\/\/www.europesays.com\/fr\/wp-json\/wp\/v2\/users\/2"}],"replies":[{"embeddable":true,"href":"https:\/\/www.europesays.com\/fr\/wp-json\/wp\/v2\/comments?post=388828"}],"version-history":[{"count":0,"href":"https:\/\/www.europesays.com\/fr\/wp-json\/wp\/v2\/posts\/388828\/revisions"}],"wp:featuredmedia":[{"embeddable":true,"href":"https:\/\/www.europesays.com\/fr\/wp-json\/wp\/v2\/media\/388829"}],"wp:attachment":[{"href":"https:\/\/www.europesays.com\/fr\/wp-json\/wp\/v2\/media?parent=388828"}],"wp:term":[{"taxonomy":"category","embeddable":true,"href":"https:\/\/www.europesays.com\/fr\/wp-json\/wp\/v2\/categories?post=388828"},{"taxonomy":"post_tag","embeddable":true,"href":"https:\/\/www.europesays.com\/fr\/wp-json\/wp\/v2\/tags?post=388828"}],"curies":[{"name":"wp","href":"https:\/\/api.w.org\/{rel}","templated":true}]}}