{"id":388830,"date":"2025-09-13T22:07:14","date_gmt":"2025-09-13T22:07:14","guid":{"rendered":"https:\/\/www.europesays.com\/fr\/388830\/"},"modified":"2025-09-13T22:07:14","modified_gmt":"2025-09-13T22:07:14","slug":"le-medef-menace-dune-grande-mobilisation-patronale-si-les-impots-des-entreprises-augmentent-liberation","status":"publish","type":"post","link":"https:\/\/www.europesays.com\/fr\/388830\/","title":{"rendered":"le Medef menace d\u2019une \u00abgrande mobilisation patronale\u00bb si les imp\u00f4ts des entreprises augmentent \u2013 Lib\u00e9ration"},"content":{"rendered":"<p class=\"sc-cPiKLX AiZTS text-element\">Lui aussi met la pression sur <a href=\"https:\/\/www.liberation.fr\/idees-et-debats\/editorial\/taxe-sur-les-ultrariches-jusquou-ira-lecornu-dans-la-rupture-20250911_QGO7EAODBFCZTA6BQTJY2YA2PI\/\" target=\"_blank\" rel=\"noopener\" title=\"https:\/\/www.liberation.fr\/idees-et-debats\/editorial\/taxe-sur-les-ultrariches-jusquou-ira-lecornu-dans-la-rupture-20250911_QGO7EAODBFCZTA6BQTJY2YA2PI\/\">le nouveau Premier ministre<\/a>, S\u00e9bastien Lecornu. Le pr\u00e9sident du Medef, <a href=\"https:\/\/www.liberation.fr\/politique\/le-patron-du-medef-nest-pas-etouffe-par-le-patriotisme-economique-20250131_RGUA5ONGDVFEBJPR7OS7DCUPHA\/\" target=\"_blank\" rel=\"noopener\" title=\"https:\/\/www.liberation.fr\/politique\/le-patron-du-medef-nest-pas-etouffe-par-le-patriotisme-economique-20250131_RGUA5ONGDVFEBJPR7OS7DCUPHA\/\">Patrick Martin<\/a>, a pr\u00e9venu ce samedi 13\u00a0septembre qu\u2019une \u00abgrande mobilisation patronale\u00bb serait organis\u00e9e si les imp\u00f4ts des entreprises \u00e9taient augment\u00e9s dans le cadre du budget 2026. <\/p>\n<p class=\"sc-cPiKLX AiZTS text-element\">\u00abLes entreprises ne peuvent pas supporter de nouveaux imp\u00f4ts ou des hausses d\u2019imp\u00f4ts suppl\u00e9mentaires, a avanc\u00e9 le patron des patrons <a href=\"https:\/\/www.leparisien.fr\/economie\/si-les-impots-augmentent-il-y-aura-une-grande-mobilisation-patronale-avertit-patrick-martin-president-du-medef-13-09-2025-O44SYJOZNFCKRGIJIK4PQRSQ4E.php\" target=\"_blank\" rel=\"noopener\" title=\"https:\/\/www.leparisien.fr\/economie\/si-les-impots-augmentent-il-y-aura-une-grande-mobilisation-patronale-avertit-patrick-martin-president-du-medef-13-09-2025-O44SYJOZNFCKRGIJIK4PQRSQ4E.php\">dans une interview au Parisien<\/a>. Au contraire, il est m\u00eame urgent de desserrer le frein \u00e0 main pour relancer l\u2019investissement.\u00bb Et d\u2019avertir\u00a0: \u00abSi les imp\u00f4ts augmentent, il y aura une grande mobilisation patronale\u00bb, qui prendrait la forme d\u2019un \u00abmeeting\u00bb avec \u00abdes milliers de chefs d\u2019entreprise\u00bb, \u00abau-del\u00e0 du Medef\u00bb, rapportant que les adh\u00e9rents au Medef sont \u00abtr\u00e8s inquiets\u00bb. <\/p>\n<p class=\"sc-cPiKLX AiZTS text-element\">\u00abOn ne descendra pas dans la rue. On r\u00e9unira massivement, comme ce fut le cas par le pass\u00e9, sous forme de meeting, des milliers de chefs d\u2019entreprise de tout profil, en termes de taille, de secteur d\u2019activit\u00e9, d\u2019origine territoriale pour bien signifier que nous refusons d\u2019\u00eatre la variable d\u2019ajustement de politiques qui nous paraissent contraires \u00e0 la bonne marche de l\u2019\u00e9conomie et \u00e0 l\u2019int\u00e9r\u00eat du pays, dans lequel nous jouons un r\u00f4le important\u00bb, a-t-il expliqu\u00e9. <\/p>\n<p class=\"sc-cPiKLX AiZTS text-element\">Patrick Martin a en outre soulign\u00e9 que les entreprises fran\u00e7aises \u00e9taient \u00ables plus impos\u00e9es parmi les pays de l\u2019OCDE, d\u00e9duction faite des aides qu\u2019elles re\u00e7oivent\u00bb, avec \u00ab13\u00a0milliards d\u2019euros de pr\u00e9l\u00e8vements suppl\u00e9mentaires en\u00a02025\u00bb. En contrepartie, il d\u00e9plore que les entreprises n\u2019aient pas vu se concr\u00e9tiser la promesse d\u2019une baisse de la CVAE, un imp\u00f4t de production. <\/p>\n<p class=\"sc-cPiKLX AiZTS text-element\">Parmi les lignes rouges du grand patron, qui avait \u00e9t\u00e9 re\u00e7u vendredi soir par <a href=\"https:\/\/www.liberation.fr\/politique\/ultrariches-les-macronistes-cherchent-un-ersatz-a-la-taxe-zucman-20250911_NLT4VR6675B5ZKUGIGMCWOHW6M\/\" target=\"_blank\" rel=\"noopener\" title=\"https:\/\/www.liberation.fr\/politique\/ultrariches-les-macronistes-cherchent-un-ersatz-a-la-taxe-zucman-20250911_NLT4VR6675B5ZKUGIGMCWOHW6M\/\">le nouveau Premier ministre, S\u00e9bastien Lecornu<\/a>, figure notamment <a href=\"https:\/\/www.liberation.fr\/economie\/impot-sur-les-ultrariches-la-taxe-zucman-en-six-questions-20250911_W54LZ6RL5VEMJMV3HT5UG2JQFQ\/\" target=\"_blank\" rel=\"noopener\" title=\"https:\/\/www.liberation.fr\/economie\/impot-sur-les-ultrariches-la-taxe-zucman-en-six-questions-20250911_W54LZ6RL5VEMJMV3HT5UG2JQFQ\/\">une taxe sur les tr\u00e8s hauts patrimoines dite \u00abZucman\u00bb<\/a> (du nom de <a href=\"https:\/\/www.liberation.fr\/politique\/taxe-sur-les-ultrariches-gabriel-zucman-repond-aux-fadaises-de-francois-bayrou-20250901_7DBHEAH7EBGEJF2GRZJAIPF5U4\/\" target=\"_blank\" rel=\"noopener\" title=\"https:\/\/www.liberation.fr\/politique\/taxe-sur-les-ultrariches-gabriel-zucman-repond-aux-fadaises-de-francois-bayrou-20250901_7DBHEAH7EBGEJF2GRZJAIPF5U4\/\">l\u2019\u00e9conomiste Gabriel Zucman<\/a>), r\u00e9clam\u00e9e par la gauche. <\/p>\n<p class=\"sc-cPiKLX AiZTS text-element\">\u00abCe serait un frein terrible \u00e0 l\u2019investissement et \u00e0 la prise de risque pour les entreprises. La taxe Zucman int\u00e8gre l\u2019outil de travail dans le calcul du patrimoine, alors m\u00eame que l\u2019ISF ne le faisait pas\u00a0! Pour certaines entreprises \u2212 dans la tech notamment \u2212 qui valent cher mais ne font pas encore de r\u00e9sultats ou ne distribuent pas de dividendes, instaurer cette taxe serait m\u00eame une forme de spoliation et les condamnerait \u00e0 la vente\u00bb, s\u2019est-il insurg\u00e9. <\/p>\n<p class=\"sc-cPiKLX AiZTS text-element\">Plus g\u00e9n\u00e9ralement, Patrick Martin a estim\u00e9 que les propositions budg\u00e9taires du PS auraient \u00abun effet r\u00e9cessif\u00bb dans une conjoncture \u00e9conomique d\u00e9j\u00e0 difficile. <\/p>\n","protected":false},"excerpt":{"rendered":"Lui aussi met la pression sur le nouveau Premier ministre, S\u00e9bastien Lecornu. Le pr\u00e9sident du Medef, Patrick Martin,&hellip;\n","protected":false},"author":2,"featured_media":388831,"comment_status":"","ping_status":"","sticky":false,"template":"","format":"standard","meta":{"footnotes":""},"categories":[2],"tags":[11,25548,1011,27,4803,12,25,11067],"class_list":{"0":"post-388830","1":"post","2":"type-post","3":"status-publish","4":"format-standard","5":"has-post-thumbnail","7":"category-actualites","8":"tag-actualites","9":"tag-budget-public","10":"tag-fr","11":"tag-france","12":"tag-medef","13":"tag-news","14":"tag-republique-francaise","15":"tag-sebastien-lecornu"},"share_on_mastodon":{"url":"https:\/\/pubeurope.com\/@fr\/115199269088014079","error":""},"_links":{"self":[{"href":"https:\/\/www.europesays.com\/fr\/wp-json\/wp\/v2\/posts\/388830","targetHints":{"allow":["GET"]}}],"collection":[{"href":"https:\/\/www.europesays.com\/fr\/wp-json\/wp\/v2\/posts"}],"about":[{"href":"https:\/\/www.europesays.com\/fr\/wp-json\/wp\/v2\/types\/post"}],"author":[{"embeddable":true,"href":"https:\/\/www.europesays.com\/fr\/wp-json\/wp\/v2\/users\/2"}],"replies":[{"embeddable":true,"href":"https:\/\/www.europesays.com\/fr\/wp-json\/wp\/v2\/comments?post=388830"}],"version-history":[{"count":0,"href":"https:\/\/www.europesays.com\/fr\/wp-json\/wp\/v2\/posts\/388830\/revisions"}],"wp:featuredmedia":[{"embeddable":true,"href":"https:\/\/www.europesays.com\/fr\/wp-json\/wp\/v2\/media\/388831"}],"wp:attachment":[{"href":"https:\/\/www.europesays.com\/fr\/wp-json\/wp\/v2\/media?parent=388830"}],"wp:term":[{"taxonomy":"category","embeddable":true,"href":"https:\/\/www.europesays.com\/fr\/wp-json\/wp\/v2\/categories?post=388830"},{"taxonomy":"post_tag","embeddable":true,"href":"https:\/\/www.europesays.com\/fr\/wp-json\/wp\/v2\/tags?post=388830"}],"curies":[{"name":"wp","href":"https:\/\/api.w.org\/{rel}","templated":true}]}}