{"id":388832,"date":"2025-09-13T22:08:11","date_gmt":"2025-09-13T22:08:11","guid":{"rendered":"https:\/\/www.europesays.com\/fr\/388832\/"},"modified":"2025-09-13T22:08:11","modified_gmt":"2025-09-13T22:08:11","slug":"ledito-de-bruno-jeudy-la-france-en-mode-degrade","status":"publish","type":"post","link":"https:\/\/www.europesays.com\/fr\/388832\/","title":{"rendered":"L&rsquo;\u00e9dito de Bruno Jeudy. La France en mode d\u00e9grad\u00e9"},"content":{"rendered":"<p>Rarement Premier ministre n&rsquo;aura pris ses fonctions dans un contexte aussi d\u00e9licat. La d\u00e9gradation de la note de la France \u00e0 un <a href=\"https:\/\/www.latribune.fr\/economie\/france\/note-de-la-france-fitch-a-tranche-1032349.html\" target=\"_blank\" rel=\"noopener\">modeste A+<\/a> par <a href=\"https:\/\/www.latribune.fr\/economie\/france\/fitch-les-principales-reactions-a-la-degradation-de-la-france-1032381.html\" target=\"_blank\" rel=\"noopener\">l&rsquo;agence Fitch<\/a> sanctionne la d\u00e9sinvolture et la procrastination de nos dirigeants, et rel\u00e8gue notre pays dans la deuxi\u00e8me division des nations europ\u00e9ennes. Tel un mauvais \u00e9l\u00e8ve, Emmanuel Macron redoutait ce moment humiliant. Le couperet est tomb\u00e9. La d\u00e9gradation vise <a href=\"https:\/\/www.latribune.fr\/economie\/france\/degradation-du-deficit-public-il-faudra-completer-l-effort-budgetaire-previent-emmanuel-macron-993585.html\" target=\"_blank\" rel=\"noopener\">les ann\u00e9es de laisser-aller budg\u00e9taire<\/a> sous les gouvernements Castex, Borne et Attal.<\/p>\n<p>L&rsquo;agence cible aussi le pouvoir\u00a0en place et son \u00ab\u202fincapacit\u00e9 \u00e0 mettre en \u0153uvre un plan cr\u00e9dible d&rsquo;assainissement budg\u00e9taire\u202f\u00bb. Les \u00e9quipes Barnier et Bayrou ont \u00e9chou\u00e9 \u00e0 stopper l&rsquo;instabilit\u00e9 <a href=\"https:\/\/www.latribune.fr\/economie\/france\/pour-amelie-de-montchalin-le-budget-vote-par-le-senat-n-est-pas-celui-du-compromis-1016856.html\" target=\"_blank\" rel=\"noopener\">faute de compromis<\/a> avec les oppositions. L\u00e0 o\u00f9 il n&rsquo;y a plus d&rsquo;am\u00e9lioration possible, le d\u00e9clin approche&#8230;<\/p>\n<p>Sans attendre le verdict des agences, <a href=\"https:\/\/www.latribune.fr\/economie\/france\/les-marches-ont-deja-anticipe-treize-ans-de-deni-face-aux-agences-de-notation-1032196.html\" target=\"_blank\" rel=\"noopener\">les march\u00e9s ont d\u00e9grad\u00e9 la France<\/a>, qui emprunte d\u00e9j\u00e0 \u00e0 un taux plus \u00e9lev\u00e9 que l&rsquo;Italie. Des voisins transalpins que nos \u00e9lites politiques ont souvent consid\u00e9r\u00e9s comme les champions de l&rsquo;instabilit\u00e9 et des d\u00e9ficits. La charge de notre <a href=\"https:\/\/www.latribune.fr\/entreprises-finance\/banques-finance\/industrie-financiere\/dette-francaise-il-ne-se-passera-pas-grand-chose-en-cas-de-degradation-de-la-note-par-fitch-1032320.html\" target=\"_blank\" rel=\"noopener\">dette<\/a> atteint aujourd&rsquo;hui 55\u202fmilliards d&rsquo;euros et risque de s&rsquo;envoler demain sans vraies mesures d&rsquo;\u00e9conomies.<\/p>\n<p>Le <a href=\"https:\/\/www.latribune.fr\/economie\/france\/pour-son-premier-deplacement-sebastien-lecornu-promet-l-acces-aux-soins-1032388.html\" target=\"_blank\" rel=\"noopener\">nouveau Premier ministre<\/a> ne peut que constater un inqui\u00e9tant obscurcissement du ciel au-dessus de sa t\u00eate\u2009 ! En effet, \u00e0 la crise financi\u00e8re viennent se greffer des tensions sociales \u2009: au <a href=\"https:\/\/www.latribune.fr\/idees\/tribunes\/opinion-mouvement-bloquons-tout-les-nouveaux-enjeux-de-la-guerre-invisible-1032209.html\" target=\"_blank\" rel=\"noopener\">mouvement \u00ab\u202fBloquons tout\u202f\u00bb<\/a> va succ\u00e9der jeudi 18 septembre <a href=\"https:\/\/www.latribune.fr\/entreprises-finance\/services\/transport-logistique\/18-septembre-vers-une-mobilisation-accrue-dans-les-transports-1032341.html\" target=\"_blank\" rel=\"noopener\">une journ\u00e9e intersyndicale<\/a> de manifestations et de gr\u00e8ves. Dans ce climat socio-\u00e9conomique vici\u00e9, l&rsquo;impopularit\u00e9 record du chef du gouvernement -\u202f17\u202f% d&rsquo;avis favorables, <a href=\"https:\/\/static.latribune.fr\/2650449\/barometre-ipsos-bva-cesi-ecole-d-ingenieurs-pour-la-tribune-dimanche-les-principales-preoccupations-des-francais.pdf\" target=\"_blank\" rel=\"noopener\">selon notre barom\u00e8tre\u202f-Ipsos<\/a> quasi nulles ses chances de survie politique.<\/p>\n<p>Pourtant, il ne faut pas sous-estimer l&rsquo;habilet\u00e9 man\u0153uvri\u00e8re de <a href=\"https:\/\/www.latribune.fr\/la-tribune-dimanche\/politique\/sebastien-lecornu-ministre-des-armees-notre-independance-passe-par-un-effort-nouveau-1029541.html\" target=\"_blank\" rel=\"noopener\">S\u00e9bastien Lecornu<\/a>. Il a su se faire appr\u00e9cier du camp pr\u00e9sidentiel mais aussi des R\u00e9publicains et a gagn\u00e9 le respect de ses adversaires lors du vote de la <a href=\"https:\/\/www.latribune.fr\/entreprises-finance\/industrie\/aeronautique-defense\/armees-vers-une-hausse-de-la-loi-de-programmation-militaire-d-au-moins-15-milliards-1029430.html\" target=\"_blank\" rel=\"noopener\">loi de programmation militaire<\/a>. En entamant des n\u00e9gociations avec les syndicats et les partis politiques, il arrive sans ligne rouge ou presque. L&rsquo;humilit\u00e9 et la sobri\u00e9t\u00e9 qu&rsquo;il s&rsquo;impose lui seront indispensables pour obtenir la neutralit\u00e9 du PS et s&rsquo;\u00e9pargner une rapide censure.<\/p>\n<p>Il ne suffit pas de chuchoter \u00e0 l&rsquo;oreille de Jupiter.<\/p>\n<p>N&rsquo;affichant pas le CV d&rsquo;un techno, il peut se targuer d&rsquo;avoir \u00e9t\u00e9 successivement assistant parlementaire, maire, pr\u00e9sident de conseil d\u00e9partemental, s\u00e9nateur. Cependant, sa pr\u00e9sence sans discontinuit\u00e9 dans les gouvernements de 2017 \u00e0 2025 contribue \u00e0 entretenir l&rsquo;image d&rsquo;un courtisan d&rsquo;Emmanuel Macron. Il ne suffit pas de chuchoter \u00e0 l&rsquo;oreille de <a href=\"https:\/\/www.latribune.fr\/opinions\/editos\/jupiter-au-carnaval-des-ego-1002262.html\" target=\"_blank\" rel=\"noopener\">Jupiter<\/a> pour que les Fran\u00e7ais aient les yeux de Chim\u00e8ne pour le chef du gouvernement.<\/p>\n<p>On attend aussi de S\u00e9bastien Lecornu qu&rsquo;il rompe avec le statut de collaborateur du pr\u00e9sident de la R\u00e9publique. Pour r\u00e9ussir dans sa mission,\u00a0 il misera sur l&#8217;empressement mesur\u00e9 -\u202fdoux euph\u00e9misme\u202f- des groupes politiques de l&rsquo;Assembl\u00e9e \u00e0 retourner (en cas de dissolution) devant les \u00e9lecteurs, si l&rsquo;on excepte <a href=\"https:\/\/www.latribune.fr\/la-tribune-dimanche\/politique\/rassemblement-national-la-confiance-retrouvee-de-marine-le-pen-1032023.html\" target=\"_blank\" rel=\"noopener\">le RN<\/a>.<\/p>\n<p>Les petites marges de man\u0153uvre sur la fiscalit\u00e9 -\u202f<a href=\"https:\/\/www.latribune.fr\/economie\/france\/impot-sur-les-ultra-riches-bras-de-fer-a-l-assemblee-1018780.html\" target=\"_blank\" rel=\"noopener\">taxation des plus riches<\/a>\u202f- et sur <a href=\"https:\/\/www.latribune.fr\/economie\/france\/cout-du-travail-retraites-des-pistes-explosives-pour-la-france-de-2030-1031512.html\" target=\"_blank\" rel=\"noopener\">les retraites<\/a>\u202f- avanc\u00e9es sur le dossier de la p\u00e9nibilit\u00e9\u202f- pourraient amadouer syndicats r\u00e9formistes et \u00e9lus de la gauche mod\u00e9r\u00e9e. En somme, S\u00e9bastien Lecornu, bien que fervent admirateur du g\u00e9n\u00e9ral de Gaulle, gagnerait \u00e0 faire sien ce slogan de Mai\u202f68 \u2009: \u00ab\u202fLa barricade ferme la rue mais ouvre la voie\u202f\u00bb.<\/p>\n<p class=\"rev-margin-0 rev-text-xs-bold !text-lt-neutral-30 mt-[32px]\">Bruno Jeudy, directeur d\u00e9l\u00e9gu\u00e9 de la r\u00e9daction<\/p>\n","protected":false},"excerpt":{"rendered":"Rarement Premier ministre n&rsquo;aura pris ses fonctions dans un contexte aussi d\u00e9licat. La d\u00e9gradation de la note de&hellip;\n","protected":false},"author":2,"featured_media":388833,"comment_status":"","ping_status":"","sticky":false,"template":"","format":"standard","meta":{"footnotes":""},"categories":[4],"tags":[17,11,3211,27253,1011,27,52117,30478,3102,985,12,25],"class_list":{"0":"post-388832","1":"post","2":"type-post","3":"status-publish","4":"format-standard","5":"has-post-thumbnail","7":"category-france","8":"tag-17","9":"tag-actualites","10":"tag-bruno","11":"tag-degrade","12":"tag-fr","13":"tag-france","14":"tag-jeudy","15":"tag-ledito","16":"tag-la-tribune-dimanche","17":"tag-mode","18":"tag-news","19":"tag-republique-francaise"},"share_on_mastodon":{"url":"https:\/\/pubeurope.com\/@fr\/115199273476167683","error":""},"_links":{"self":[{"href":"https:\/\/www.europesays.com\/fr\/wp-json\/wp\/v2\/posts\/388832","targetHints":{"allow":["GET"]}}],"collection":[{"href":"https:\/\/www.europesays.com\/fr\/wp-json\/wp\/v2\/posts"}],"about":[{"href":"https:\/\/www.europesays.com\/fr\/wp-json\/wp\/v2\/types\/post"}],"author":[{"embeddable":true,"href":"https:\/\/www.europesays.com\/fr\/wp-json\/wp\/v2\/users\/2"}],"replies":[{"embeddable":true,"href":"https:\/\/www.europesays.com\/fr\/wp-json\/wp\/v2\/comments?post=388832"}],"version-history":[{"count":0,"href":"https:\/\/www.europesays.com\/fr\/wp-json\/wp\/v2\/posts\/388832\/revisions"}],"wp:featuredmedia":[{"embeddable":true,"href":"https:\/\/www.europesays.com\/fr\/wp-json\/wp\/v2\/media\/388833"}],"wp:attachment":[{"href":"https:\/\/www.europesays.com\/fr\/wp-json\/wp\/v2\/media?parent=388832"}],"wp:term":[{"taxonomy":"category","embeddable":true,"href":"https:\/\/www.europesays.com\/fr\/wp-json\/wp\/v2\/categories?post=388832"},{"taxonomy":"post_tag","embeddable":true,"href":"https:\/\/www.europesays.com\/fr\/wp-json\/wp\/v2\/tags?post=388832"}],"curies":[{"name":"wp","href":"https:\/\/api.w.org\/{rel}","templated":true}]}}