{"id":388834,"date":"2025-09-13T22:09:22","date_gmt":"2025-09-13T22:09:22","guid":{"rendered":"https:\/\/www.europesays.com\/fr\/388834\/"},"modified":"2025-09-13T22:09:22","modified_gmt":"2025-09-13T22:09:22","slug":"les-troisiemes-tours-annules-quentin-debove-et-fernanda-lira-vainqueurs-a-saint-omer","status":"publish","type":"post","link":"https:\/\/www.europesays.com\/fr\/388834\/","title":{"rendered":"Les troisi\u00e8mes tours annul\u00e9s, Quentin Debove et Fernanda Lira vainqueurs \u00e0 Saint-Omer"},"content":{"rendered":"<p>\t\t\t\t\t\t<img width=\"544\" height=\"680\" src=\"data:image\/svg+xml,%3Csvg%20xmlns=\" http:=\"\" class=\"img-responsive wp-post-image\" alt=\"Fernanda Lira et Quentin Debove Alps Tour Golf \/ Raffaele Canepa\" decoding=\"async\" fetchpriority=\"high\" data-lazy- data-lazy- data-lazy-src=\"https:\/\/www.europesays.com\/fr\/wp-content\/uploads\/2025\/09\/g0vdsdzxkaavuos.jpg\"\/>\t\t\t\t\t\t\t<\/p>\n<p>\n\t\t\t\t\t\t\t\tFernanda Lira et Quentin Debove Alps Tour Golf \/ Raffaele Canepa\t\t\t\t\t\t\t<\/p>\n<p>\t\t\t\t\t\t Partager cet article <\/p>\n<p class=\"screen-reader-text juiz_sps_maybe_hidden_text\">Partager la publication \u00ab\u00a0Les troisi\u00e8mes tours annul\u00e9s, Quentin Debove et Fernanda Lira vainqueurs \u00e0 Saint-Omer\u00a0\u00bb<\/p>\n<p><strong>Le troisi\u00e8me tour des comp\u00e9titions de l\u2019Alps Tour et du Ladies European Tour Access Series \u00e0 Saint-Omer a \u00e9t\u00e9 annul\u00e9 \u00e0 cause des conditions m\u00e9t\u00e9orologiques. Quentin Debove l\u2019emporte chez les hommes devant l\u2019Irlandais Hugh Foley. Chez les femmes, la Mexicaine Fernanda Lira d\u00e9croche son troisi\u00e8me titre de la saison en play-off face \u00e0 l\u2019Islandaise Ragga Kristinsdottir.<\/strong><\/p>\n<p>\t\t\t\t<img loading=\"lazy\" decoding=\"async\" src=\"data:image\/svg+xml,%3Csvg%20xmlns=\" http:=\"\" attributionsrc=\"\" border=\"0\" height=\"1\" width=\"1\" alt=\"Advertisement\" data-lazy-src=\"https:\/\/www.europesays.com\/fr\/wp-content\/uploads\/2025\/04\/B33047934.419287174;dc_trk_aid=604471453;dc_trk_cid=228875085;ord=[timestamp];dc_lat=;dc_rdid=;tag_f.gif\"\/><\/p>\n<p>\t\t\t\t\t<a id=\"169978\" href=\"https:\/\/ad.doubleclick.net\/ddm\/trackclk\/N1153799.3770024GOLFPLANATE\/B33047934.419287174;dc_trk_aid=604471453;dc_trk_cid=228875085;dc_lat=;dc_rdid=;tag_for_child_directed_treatment=;tfua=;gdpr=${GDPR};gdpr_consent=${GDPR_CONSENT_755};ltd=;dc_tdv=1\" target=\"_blank\" rel=\"sponsorised nofollow noopener\"><img decoding=\"async\" src=\"data:image\/svg+xml,%3Csvg%20xmlns=\" http:=\"\" class=\"img-responsive\" alt=\"\" data-lazy-src=\"https:\/\/www.europesays.com\/fr\/wp-content\/uploads\/2025\/04\/callaway-e02-elyte-fers-1170x275-1.jpg\"\/><\/a><\/p>\n<p><strong>H.D.<\/strong><\/p>\n<p>La fin du deuxi\u00e8me tour s\u2019est bien disput\u00e9e sur le <strong>Aa Saint-Omer Golf Club<\/strong>. Il avait lui m\u00eame \u00e9t\u00e9 retard\u00e9 de 3h00. <strong>Le Hauts-de-France-Pas-de-Calais Golf Open<\/strong> a \u00e9t\u00e9 finalement amput\u00e9 de la journ\u00e9e de samedi apr\u00e8s seulement un peu plus d\u20191h30 de jeu. Le Fran\u00e7ais <strong>Augustin Hol\u00e9<\/strong> nous faisait part de ses doutes sur la reprise du jeu vers 13h00 : \u00ab Je ne sais pas comment on peut repartir, mais on sait jamais. On vient de prendre une averse de l\u2019espace, tout est sous l\u2019eau. \u00bb<\/p>\n<p><a href=\"https:\/\/alpstourgolf.com\/reports?url=https%3A%2F%2Falps.ocs-ffg.com%2Ftic%2Ftmresult.cgi%3Ftourn%3DFRA4~season%3D2025result%3DPF~%26&amp;id=2025&amp;code=FRA4&amp;title=Final%20Result\" rel=\"nofollow noopener\" target=\"_blank\">Retrouvez le leaderboard complet\u00a0<\/a><\/p>\n<p>L\u2019excellent deuxi\u00e8me tour du rookie <strong>Quentin Debove<\/strong> (66, -5) lui permet de remporter son premier tournoi apr\u00e8s deux deuxi\u00e8mes places au <strong>Red Sea Little Venice Open<\/strong> et au <strong>New Giza Open<\/strong>, et une troisi\u00e8me place ex aequo \u00e0 <strong>Roquetas de Mar<\/strong>. De tr\u00e8s belles performances auxquelles s\u2019ajoutent la quatri\u00e8me place, seul, \u00e0 Biarritz et un top 10 (8e ex aequo) \u00e0 Lacanau.\u00a0<\/p>\n<p>\t\t\t\t\t<a id=\"183955\" href=\"https:\/\/bmwgolfcup.fr\/fr\/partenaires\" target=\"_blank\" rel=\"sponsorised nofollow noopener\"><img decoding=\"async\" src=\"data:image\/svg+xml,%3Csvg%20xmlns=\" http:=\"\" class=\"img-responsive\" alt=\"\" data-lazy-src=\"https:\/\/www.europesays.com\/fr\/wp-content\/uploads\/2025\/09\/oris-e01-bmw-cup-25-1170x275-1.jpg\"\/><\/a><\/p>\n<blockquote class=\"twitter-tweet\" data-media-max-width=\"560\"><p>&#13;<\/p>\n<p dir=\"ltr\" lang=\"en\">\ud83c\uddeb\ud83c\uddf7 <a href=\"https:\/\/twitter.com\/QuentinDebove?ref_src=twsrc%5Etfw\" rel=\"nofollow noopener\" target=\"_blank\">@QuentinDebove<\/a> \ud83c\udfc6 Wins the 2025 Hauts de France\u2013Pas de Calais Golf Open.<\/p>\n<p>Due to adverse weather conditions and limited daylight, Round 3 has been cancelled, reducing the tournament to 36 holes.<\/p>\n<p>\ud83d\udcf8 Alps Tour Golf <a href=\"https:\/\/twitter.com\/hashtag\/raisinggolfstars?src=hash&amp;ref_src=twsrc%5Etfw\" rel=\"nofollow noopener\" target=\"_blank\">#raisinggolfstars<\/a><a href=\"https:\/\/twitter.com\/hashtag\/risinggolfstars?src=hash&amp;ref_src=twsrc%5Etfw\" rel=\"nofollow noopener\" target=\"_blank\">#risinggolfstars<\/a><a href=\"https:\/\/twitter.com\/hashtag\/2025AlpsTourSeason?src=hash&amp;ref_src=twsrc%5Etfw\" rel=\"nofollow noopener\" target=\"_blank\">#2025AlpsTourSeason<\/a> <a href=\"https:\/\/t.co\/MfAiBNHWFV\" rel=\"nofollow\">pic.twitter.com\/MfAiBNHWFV<\/a><\/p>\n<p>&#13;<br \/>\n&#13;<br \/>\n\u2014 AlpsTourGolf (@alpstourgolf) <a href=\"https:\/\/twitter.com\/alpstourgolf\/status\/1966855159608225913?ref_src=twsrc%5Etfw\" rel=\"nofollow noopener\" target=\"_blank\">September 13, 2025<\/a><\/p><\/blockquote>\n<p>\u00a0<\/p>\n<p>\u00a0<\/p>\n<p>Augustin Hol\u00e9 sur le podium, Thomas Colombel dans le top 10<\/p>\n<p><a href=\"https:\/\/alpstourgolf.com\/stats\" rel=\"nofollow noopener\" target=\"_blank\">\u00c0 l\u2019ordre du m\u00e9rite de l\u2019Alps Tour<\/a>, le Parisien est, \u00e0 un tournoi de la fin de la saison r\u00e9guli\u00e8re, le dauphin de l\u2019Espagnol <strong>Javier Barcos<\/strong> <strong>Garbayo<\/strong>. La derni\u00e8re \u00e9preuve se d\u00e9roulera en Italie du 9 au 11 octobre sur le <strong>Golf del Ducato Percorso<\/strong> <strong>La Rocca<\/strong> \u00e0 Sala Baganza, pr\u00e8s de Parme.<\/p>\n<p>Pour cet ultime tournoi de la saison en France, les Tricolores ont brill\u00e9. <strong>Augustin Hol\u00e9<\/strong> est troisi\u00e8me ex aequo \u00e0 2 coups du vainqueur. Il partage les points avec le leader du premier tour, <strong>Lucas Fallotico<\/strong>, mais aussi <strong>Manfredi Manica<\/strong> et l\u2019Allemand\u00a0<strong>Malte Von Blankenfeld<\/strong>. Dans le par total et septi\u00e8me ex aequo se trouve <strong>Thomas Colombel<\/strong>. <strong>Ignacio Arcaya<\/strong> est 12e en +1, <strong>Paul Margolis<\/strong> 18e.\u00a0<\/p>\n<p>\t\t\t\t\t<a id=\"184740\" href=\"https:\/\/leclub-golf.com\/fr\/actualites\/en-septembre-achetez-votre-carte-classic-et-tentez-de-gagner-votre-abonnement-de-golf?utm_source=golf+planete&amp;utm_medium=referral&amp;utm_campaign=gagner+un+abonnement+golf&amp;utm_id=gagner+un+abonnement+golf_golf+planete_referral_banner\" target=\"_blank\" rel=\"sponsorised nofollow noopener\"><img decoding=\"async\" src=\"data:image\/svg+xml,%3Csvg%20xmlns=\" http:=\"\" class=\"img-responsive\" alt=\"\" data-lazy-src=\"https:\/\/www.europesays.com\/fr\/wp-content\/uploads\/2025\/09\/leclubgolf-e11-niveau-superieur-v2-1170x275-1.gif\"\/><\/a><br \/>\nFernanda Lira, un troisi\u00e8me triomphe estival\u00a0<\/p>\n<p>Sur le <strong>Ladies European Tour Access Series<\/strong>, \u00e9galement r\u00e9duit \u00e0 36 trous, le suspense a \u00e9t\u00e9 total jusqu\u2019au bout de la journ\u00e9e. <strong>Ragga Kristinsdottir<\/strong> et <strong>Fernanda Lira<\/strong> terminent \u00e0 -6 total. Le titre s\u2019est donc jou\u00e9 en play-off et apr\u00e8s 3 trous suppl\u00e9mentaires, c\u2019est la\u00a0\u00a0Mexicaine qui l\u2019emporte. C\u2019est son troisi\u00e8me titre depuis la mi-juillet apr\u00e8s ses succ\u00e8s \u00e0 <strong>l\u2019Islantilla Open<\/strong> et \u00e0 <strong>l\u2019Himmerland championship<\/strong>.\u00a0<\/p>\n<p><a href=\"https:\/\/letaccess.com\/reports-page?url=https%3A%2F%2Finfo.ladieseuropeantour.com%2Ftic%2Ftmscores.cgi%3Ftourn%3D5024~season%3D2025~params%3DP%2a2ESC02~&amp;id=2025&amp;code=5024&amp;title=Round%202%20Scoreboard\" rel=\"nofollow noopener\" target=\"_blank\">Retrouvez le leaderboard complet<\/a><\/p>\n<p>\u00c0 un coup de la t\u00eate avant de terminer son 36e trou ce matin, la Su\u00e9doise<strong> Moa Fridell<\/strong> finit ex aequo \u00e0 -4 avec l\u2019Allemande <strong>Sophie Witt.<\/strong><\/p>\n<blockquote class=\"twitter-tweet\" data-media-max-width=\"560\"><p>&#13;<\/p>\n<p dir=\"ltr\" lang=\"en\">Three holes . Three time champion<\/p>\n<p>Congratulations Fernanda Lira on her playoff win \ud83c\udfc6 <a href=\"https:\/\/twitter.com\/hashtag\/Access2LET?src=hash&amp;ref_src=twsrc%5Etfw\" rel=\"nofollow noopener\" target=\"_blank\">#Access2LET<\/a> <a href=\"https:\/\/t.co\/ZPxSyvEKww\" rel=\"nofollow\">pic.twitter.com\/ZPxSyvEKww<\/a><\/p>\n<p>&#13;<br \/>\n&#13;<br \/>\n\u2014 LET Access Series (@LETAccess) <a href=\"https:\/\/twitter.com\/LETAccess\/status\/1966885553200156682?ref_src=twsrc%5Etfw\" rel=\"nofollow noopener\" target=\"_blank\">September 13, 2025<\/a><\/p><\/blockquote>\n<p>\u00a0<br \/>\nLucie Malchirand premi\u00e8re fran\u00e7aise\u00a0<\/p>\n<p>Du c\u00f4t\u00e9 des Fran\u00e7aises, <strong>Lucie Malchirand<\/strong> prend la 8e place \u00e0 -1 devant <strong>Lucie Andr\u00e9<\/strong> et <strong>Sara Brentcheneff<\/strong>, 13es dans le par. <strong>Margot Rouquette<\/strong> franchit le cut sur la marque de +3.<\/p>\n<p>Prochain et dernier rendez-vous de la saison r\u00e9guli\u00e8re pour la 2e division europ\u00e9enne, du 17 au 19 septembre au golf de <strong>Lavaux<\/strong>, en Suisse, pour le <strong>Lavaux Ladies Open.<\/strong><\/p>\n<p>\t\t\t\t\t<a id=\"185225\" href=\"https:\/\/blog.golfplus.fr\/argus-des-clubs-de-golf\/\" target=\"_blank\" rel=\"sponsorised nofollow noopener\"><img decoding=\"async\" src=\"data:image\/svg+xml,%3Csvg%20xmlns=\" http:=\"\" class=\"img-responsive\" alt=\"\" data-lazy-src=\"https:\/\/www.europesays.com\/fr\/wp-content\/uploads\/2025\/09\/golfplus-e25-argus-reprise-40-1170x275-1.jpg\"\/><\/a><br \/>\nLes tops 10 sur le LETAS et l\u2019Alps Tour<\/p>\n<p><img loading=\"lazy\" decoding=\"async\" class=\"alignnone wp-image-185417 size-large\" src=\"data:image\/svg+xml,%3Csvg%20xmlns=\" http:=\"\" alt=\"\" width=\"770\" height=\"574\" data-lazy- data-lazy- data-lazy-src=\"https:\/\/www.europesays.com\/fr\/wp-content\/uploads\/2025\/09\/capture-decran-2025-09-13-204411-770x574.png\"\/><\/p>\n<p><img loading=\"lazy\" decoding=\"async\" class=\"alignnone wp-image-185418 size-large\" src=\"data:image\/svg+xml,%3Csvg%20xmlns=\" http:=\"\" alt=\"\" width=\"770\" height=\"355\" data-lazy- data-lazy- data-lazy-src=\"https:\/\/www.europesays.com\/fr\/wp-content\/uploads\/2025\/09\/capture-decran-2025-09-13-204516-770x355.png\"\/><\/p>\n<p>Les autres fran\u00e7aises sur le LETAS<\/p>\n<p><img loading=\"lazy\" decoding=\"async\" class=\"alignnone size-large wp-image-185422\" src=\"data:image\/svg+xml,%3Csvg%20xmlns=\" http:=\"\" alt=\"\" width=\"770\" height=\"366\" data-lazy- data-lazy- data-lazy-src=\"https:\/\/www.europesays.com\/fr\/wp-content\/uploads\/2025\/09\/capture-decran-2025-09-13-204740-770x366.png\"\/><\/p>\n<p>\t\t\t\t\t<a id=\"184735\" href=\"https:\/\/site.arkea-banque-ei.com\/\" target=\"_blank\" rel=\"sponsorised nofollow noopener\"><img decoding=\"async\" src=\"data:image\/svg+xml,%3Csvg%20xmlns=\" http:=\"\" class=\"img-responsive\" alt=\"\" data-lazy-src=\"https:\/\/www.europesays.com\/fr\/wp-content\/uploads\/2025\/06\/arkea-e02-objectif-strategie-v2-1170x275-1.png\"\/><\/a><\/p>\n<p>Cr\u00e9dit photo : Alps Tour Golf \/ Raffaele Canepa<\/p>\n<p>\t\t\t<script async src=\"https:\/\/platform.twitter.com\/widgets.js\" charset=\"utf-8\"><\/script><\/p>\n","protected":false},"excerpt":{"rendered":"Fernanda Lira et Quentin Debove Alps Tour Golf \/ Raffaele Canepa Partager cet article Partager la publication \u00ab\u00a0Les&hellip;\n","protected":false},"author":2,"featured_media":388835,"comment_status":"","ping_status":"","sticky":false,"template":"","format":"standard","meta":{"footnotes":""},"categories":[1418],"tags":[1011,27,1472,60],"class_list":{"0":"post-388834","1":"post","2":"type-post","3":"status-publish","4":"format-standard","5":"has-post-thumbnail","7":"category-golf","8":"tag-fr","9":"tag-france","10":"tag-golf","11":"tag-sports"},"share_on_mastodon":{"url":"https:\/\/pubeurope.com\/@fr\/115199276630681017","error":""},"_links":{"self":[{"href":"https:\/\/www.europesays.com\/fr\/wp-json\/wp\/v2\/posts\/388834","targetHints":{"allow":["GET"]}}],"collection":[{"href":"https:\/\/www.europesays.com\/fr\/wp-json\/wp\/v2\/posts"}],"about":[{"href":"https:\/\/www.europesays.com\/fr\/wp-json\/wp\/v2\/types\/post"}],"author":[{"embeddable":true,"href":"https:\/\/www.europesays.com\/fr\/wp-json\/wp\/v2\/users\/2"}],"replies":[{"embeddable":true,"href":"https:\/\/www.europesays.com\/fr\/wp-json\/wp\/v2\/comments?post=388834"}],"version-history":[{"count":0,"href":"https:\/\/www.europesays.com\/fr\/wp-json\/wp\/v2\/posts\/388834\/revisions"}],"wp:featuredmedia":[{"embeddable":true,"href":"https:\/\/www.europesays.com\/fr\/wp-json\/wp\/v2\/media\/388835"}],"wp:attachment":[{"href":"https:\/\/www.europesays.com\/fr\/wp-json\/wp\/v2\/media?parent=388834"}],"wp:term":[{"taxonomy":"category","embeddable":true,"href":"https:\/\/www.europesays.com\/fr\/wp-json\/wp\/v2\/categories?post=388834"},{"taxonomy":"post_tag","embeddable":true,"href":"https:\/\/www.europesays.com\/fr\/wp-json\/wp\/v2\/tags?post=388834"}],"curies":[{"name":"wp","href":"https:\/\/api.w.org\/{rel}","templated":true}]}}