{"id":388836,"date":"2025-09-13T22:11:10","date_gmt":"2025-09-13T22:11:10","guid":{"rendered":"https:\/\/www.europesays.com\/fr\/388836\/"},"modified":"2025-09-13T22:11:10","modified_gmt":"2025-09-13T22:11:10","slug":"ce-carton-orange-ne-sert-a-rien-christophe-urios-remonte-contre-larbitrage-et-levolution-des-regles-lequipe","status":"publish","type":"post","link":"https:\/\/www.europesays.com\/fr\/388836\/","title":{"rendered":"\u00ab Ce carton orange ne sert \u00e0 rien \u00bb : Christophe Urios remont\u00e9 contre l&#039;arbitrage et l&#039;\u00e9volution des r\u00e8gles &#8211; L&#039;\u00c9quipe"},"content":{"rendered":"<ol>\n<li><a href=\"https:\/\/news.google.com\/rss\/articles\/CBMi5AFBVV95cUxOMmlHdHVydU5MbFN1SGJRaHZxNFVlbi1EZ0dJMUdzT01vSG1KWDBFSFVuV2JXQ1ZuNVE2OG11Tl80X0Rld0VaQkZ5NHJDcE9SZFdaQ0d2dE5xSGV4akdvcVJFVXNhbHdWbjFCNHQya01rVksxV1l3V3AzOW13ZGpfYnpZdHhhZE5pSlRoSVRfX3A3cG5IWnpxMmdmWWlWdUlyV1puM0RCd1FIOEwzaXpUNnQyZGRiTXdKY0FiMW94bWdZRHp2N09ORWh5dUxsQkFDckNYWXF0SlFLcFpfRVFhSUNnS3I?oc=5\" target=\"_blank\" rel=\"nofollow noopener\">\u00ab Ce carton orange ne sert \u00e0 rien \u00bb : Christophe Urios remont\u00e9 contre l&rsquo;arbitrage et l&rsquo;\u00e9volution des r\u00e8gles<\/a>&nbsp;&nbsp;L&rsquo;\u00c9quipe<\/li>\n<li><a href=\"https:\/\/news.google.com\/rss\/articles\/CBMi4gFBVV95cUxQVC16ZUlIYTVFcFNmRTZZQ0VQMFhocS02MFB2bmFENGprb3Jxc3UtV2RRS0NuMFhJbTZiX3l2UGlzeC1HUWZpa1U4cl9mcy1lUkx5Ty14OEVGREVGamdfVlo0Mm84bm53SW9fZEE4SjRZajFxZTJyT196dXgyMHZTd18zNllTbkxKMmlDLXlqM3R0SVZTLWVkc3ZXRWRmUDMwVWFjUG1KOFQxVE9zaTlycm9LbXREYUp0dDNXd3BpTUdmcDJad25SQmJQcWhDY09WLWVrRmZLUjgtc3ZfZzNCNjd30gHgAUFVX3lxTE45eUh0LVlWMHlpbXAwQWszZVd1S2hQRG1wYmQ2ZDVwSkxqWlFuXy1LaGxoLUl5NVNFcVZROGlvTGZQNk9lTG9rekhwdWpORV9mYk15UENCRzlYZEhvd0tHV1pCTHJoRzlKQkRPZmRmNUJfZ1pweFYxcGtWRXF1aEJrbkhBVFpTZmRnRWJ5OFNnTUdWV3dNeXA5UVM1TjdiNUF0ZTVJZW1FTGlMazA1Q08xOVozLW1nODFsaGNtc1dBY3BmWGJuMEZSMmNTcHV1THRHdVcyZzd3el95ejRSWndX?oc=5\" target=\"_blank\" rel=\"nofollow noopener\">Top 14 : Le premier carton orange sorti contre le Clermontois Simmons<\/a>&nbsp;&nbsp;Orange Actualit\u00e9s | Sports<\/li>\n<li><a href=\"https:\/\/news.google.com\/rss\/articles\/CBMi4wFBVV95cUxOZ0tCWUJBdDA5QmExeXdpMy1UN1phclY0elY1VjlEcFUwdVFVWk1fXzNMMWtfRmlxSlBGaW9NODMyUzRCbE92M1BRTHpjSVEweTE2bi01ZGNTRHpFeV9mVmxZMzdGelEwMDYzaTk4VzlvVnl6NjEySHF3Q2tHM0p5S2xsMXpXa3NBeXp3VGNnQ0JRQjRsNTBQTnQwbnNLMGxxREhxUV9ybWhmSXFWTVVpWldVbTV6X25lTVpSY2xYQV9YM00xV2k0SjhfX3BTb2RveFdjYWdBUmpkLVhGc0pxUG85NA?oc=5\" target=\"_blank\" rel=\"nofollow noopener\">Top 14 : le Clermontois Rob Simmons a re\u00e7u le premier carton orange de l\u2019histoire du championnat<\/a>&nbsp;&nbsp;Sud Ouest<\/li>\n<li><a href=\"https:\/\/news.google.com\/rss\/articles\/CBMibEFVX3lxTE9KUWtBY2J5QURGQjdFaTVxV1hVam14NzNQQ05RLVRaTVZfVTNVb3VvbzBmT1FYZGpaQjcwaW9BMk1kS3dvWlVINUhnV1hSbWQ2bFVESmJuLXNsd19CMzl6NERGWGtJMGh2LWNpUg?oc=5\" target=\"_blank\" rel=\"nofollow noopener\">Focus sur le nouveau carton orange au Rugby<\/a>&nbsp;&nbsp;rugby-transferts.com<\/li>\n<li><a href=\"https:\/\/news.google.com\/rss\/articles\/CBMiQEFVX3lxTFBRZXlqMDFybExnVGJTaVh6T1RmajllUXN5SDNqaUMyU3RLSlpuZzIzME12dkhsNndHcnBfWVAtMXI?oc=5\" target=\"_blank\" rel=\"nofollow noopener\">Carton orange : on conna\u00eet le premier joueur a \u00eatre sanctionn\u00e9 en Top 14<\/a>&nbsp;&nbsp;Actu.fr<\/li>\n<\/ol>\n","protected":false},"excerpt":{"rendered":"\u00ab Ce carton orange ne sert \u00e0 rien \u00bb : Christophe Urios remont\u00e9 contre l&rsquo;arbitrage et l&rsquo;\u00e9volution des&hellip;\n","protected":false},"author":2,"featured_media":388837,"comment_status":"","ping_status":"","sticky":false,"template":"","format":"standard","meta":{"footnotes":""},"categories":[1416],"tags":[1011,27,479,1468,60],"class_list":{"0":"post-388836","1":"post","2":"type-post","3":"status-publish","4":"format-standard","5":"has-post-thumbnail","7":"category-rugby","8":"tag-fr","9":"tag-france","10":"tag-rugby","11":"tag-rugby-football","12":"tag-sports"},"share_on_mastodon":{"url":"https:\/\/pubeurope.com\/@fr\/115199284563032050","error":""},"_links":{"self":[{"href":"https:\/\/www.europesays.com\/fr\/wp-json\/wp\/v2\/posts\/388836","targetHints":{"allow":["GET"]}}],"collection":[{"href":"https:\/\/www.europesays.com\/fr\/wp-json\/wp\/v2\/posts"}],"about":[{"href":"https:\/\/www.europesays.com\/fr\/wp-json\/wp\/v2\/types\/post"}],"author":[{"embeddable":true,"href":"https:\/\/www.europesays.com\/fr\/wp-json\/wp\/v2\/users\/2"}],"replies":[{"embeddable":true,"href":"https:\/\/www.europesays.com\/fr\/wp-json\/wp\/v2\/comments?post=388836"}],"version-history":[{"count":0,"href":"https:\/\/www.europesays.com\/fr\/wp-json\/wp\/v2\/posts\/388836\/revisions"}],"wp:featuredmedia":[{"embeddable":true,"href":"https:\/\/www.europesays.com\/fr\/wp-json\/wp\/v2\/media\/388837"}],"wp:attachment":[{"href":"https:\/\/www.europesays.com\/fr\/wp-json\/wp\/v2\/media?parent=388836"}],"wp:term":[{"taxonomy":"category","embeddable":true,"href":"https:\/\/www.europesays.com\/fr\/wp-json\/wp\/v2\/categories?post=388836"},{"taxonomy":"post_tag","embeddable":true,"href":"https:\/\/www.europesays.com\/fr\/wp-json\/wp\/v2\/tags?post=388836"}],"curies":[{"name":"wp","href":"https:\/\/api.w.org\/{rel}","templated":true}]}}