{"id":388840,"date":"2025-09-13T22:14:13","date_gmt":"2025-09-13T22:14:13","guid":{"rendered":"https:\/\/www.europesays.com\/fr\/388840\/"},"modified":"2025-09-13T22:14:13","modified_gmt":"2025-09-13T22:14:13","slug":"quand-les-fans-depassent-les-limites-apres-la-chute-de-marquez-%f0%9f%8f%8d%ef%b8%8f%f0%9f%94%a5","status":"publish","type":"post","link":"https:\/\/www.europesays.com\/fr\/388840\/","title":{"rendered":"Quand les Fans D\u00e9passent les Limites apr\u00e8s la Chute de Marquez \ud83c\udfcd\ufe0f\ud83d\udd25"},"content":{"rendered":"<p><img decoding=\"async\" src=\"https:\/\/www.europesays.com\/fr\/wp-content\/uploads\/2025\/09\/68c5b0e47e48a9c84c79735a_GnG_1263547_HiRes.jpeg\" alt=\"La r\u00e9action des fans \u00e0 la chute de Marquez fut honteuse - et Rossi porte une part de responsabilit\u00e9\"\/><\/p>\n<p>\ud83c\udfc1 L\u2019Intensit\u00e9 de la Passion MotoGP : De l\u2019Admiration \u00e0 l\u2019Exc\u00e8s<\/p>\n<p>La <a href=\"https:\/\/www.motogp.com\/fr\" title=\"MotoGP site officiel\" target=\"_blank\" rel=\"noopener\">MotoGP<\/a> captive, \u00e9merveille et unit ; mais parfois, les \u00e9lans de passion qui enflamment les tribunes franchissent la ligne de la biens\u00e9ance sportive. La sc\u00e8ne s\u2019est d\u00e9roul\u00e9e \u00e0 Misano lors du sprint du Grand Prix de Saint-Marin : Marc Marquez, l\u2019un des pilotes les plus talentueux de sa g\u00e9n\u00e9ration, chute alors qu\u2019il menait la course. Pourtant, au lieu de commentaires inquiets ou de silence respectueux, une partie du public laisse \u00e9clater sa joie de fa\u00e7on bruyante et ostentatoire.<\/p>\n<p>Le sport moto est par nature dangereux \u2013 c\u2019est une r\u00e9alit\u00e9 admise par chaque spectateur. Devant la violence des images et la c\u00e9l\u00e9rit\u00e9 des accidents, respecter l\u2019int\u00e9grit\u00e9 des pilotes, m\u00eame dans la rivalit\u00e9, devrait pr\u00e9valoir. Pourtant, ce jour-l\u00e0, les applaudissements et les hu\u00e9es lors de la chute de Marquez ont franchi un seuil critique, t\u00e9moignant d\u2019une rivalit\u00e9 exacerb\u00e9e h\u00e9rit\u00e9e des tensions entre Marquez et la l\u00e9gende locale <a href=\"https:\/\/www.valentinorossi.com\/fr\/\" title=\"Valentino Rossi site officiel\" target=\"_blank\" rel=\"noopener\">Valentino Rossi<\/a>.<\/p>\n<p><img decoding=\"async\" src=\"https:\/\/www.europesays.com\/fr\/wp-content\/uploads\/2025\/09\/68c5b0e57e48a9c84c7973ad_GnG_1263553_HiRes.jpeg\" alt=\"La r\u00e9action des fans \u00e0 la chute de Marquez fut honteuse - et Rossi porte une part de responsabilit\u00e9\"\/><\/p>\n<p>Certes, l\u2019histoire entre Marquez et Rossi remonte \u00e0 de nombreux \u00e9pisodes controvers\u00e9s, notamment le fameux affrontement de 2015. Mais faut-il pour autant perdre de vue la souffrance potentielle derri\u00e8re chaque sortie de piste ? Encourager la douleur d\u2019un adversaire sur la seule base de la loyaut\u00e9 envers un champion, aussi prestigieux soit-il, remet en question la maturit\u00e9 des supporters et les fondements m\u00eame de la passion sportive. Le respect, socle indispensable du sport, ne tol\u00e8re en rien la glorification de la chute, qui rappelle combien le MotoGP exige courage et humilit\u00e9 de tous ses acteurs.<\/p>\n<p>\ud83d\udd25 L\u2019H\u00e9ritage de la Rivalit\u00e9 : Rossi, Marquez, et la Culture des Ultras<\/p>\n<p>Misano, terre sacr\u00e9e pour Valentino Rossi et temple de la VR46 Academy, est aussi un chaudron d\u2019\u00e9motions o\u00f9 se cristallise l\u2019antagonisme contre Marc Marquez. Ces tensions trouvent racine dans les affrontements pass\u00e9s, o\u00f9 la rivalit\u00e9 sportive s\u2019est parfois mu\u00e9e en affrontement quasi-tribal. Si la ferveur autour du \u201cDocteur\u201d est l\u00e9gendaire, elle s\u2019est, cette fois, manifest\u00e9e sous son pire jour, avec une hyst\u00e9rie collective qui a \u00e9clips\u00e9 l\u2019esprit du fair-play moto.<\/p>\n<p><img decoding=\"async\" src=\"https:\/\/www.europesays.com\/fr\/wp-content\/uploads\/2025\/09\/68c5b0e57e48a9c84c7973a7_GnG_1219725_HiRes.jpeg\" alt=\"La r\u00e9action des fans \u00e0 la chute de Marquez fut honteuse - et Rossi porte une part de responsabilit\u00e9\"\/><\/p>\n<p>La responsabilit\u00e9 de ces sc\u00e8nes ne repose pas uniquement sur les milliers de fans pr\u00e9sents. Elle trouve un \u00e9cho chez certaines figures embl\u00e9matiques, notamment Valentino Rossi lui-m\u00eame, dont les r\u00e9actions capt\u00e9es par les cam\u00e9ras ont sem\u00e9 la pol\u00e9mique. Quand une l\u00e9gende donne l\u2019impression de se r\u00e9jouir de la d\u00e9b\u00e2cle de son ancien rival, elle envoie un signal qui cautionne, voire encourage, les d\u00e9bordements. La r\u00e9action m\u00e9diatique ne s\u2019est pas fait attendre, questionnant la part de responsabilit\u00e9s partag\u00e9e dans la propagation de ce climat d\u00e9l\u00e9t\u00e8re.<\/p>\n<p>Ce climat rappelle combien le sport, et singuli\u00e8rement la MotoGP, n\u00e9cessite des mod\u00e8les qui pr\u00f4nent l\u2019apaisement et le respect. Les images de Rossi et de son entourage alliant connivence et satisfaction laissent transpara\u00eetre une fracture dans la mani\u00e8re d\u2019appr\u00e9hender l\u2019adversit\u00e9 sportive. Une fracture que seuls le dialogue, la sagesse et l\u2019exemplarit\u00e9 pourront combler, pour \u00e9viter que les tribunes ne deviennent le th\u00e9\u00e2tre de r\u00e8glements de compte d\u00e9plac\u00e9s.<\/p>\n<blockquote class=\"twitter-tweet\">\n<p lang=\"es\" dir=\"ltr\">La r\u00e9action de Valentino Rossi \u00e0 la chute de Marc M\u00e1rquez dans la Sprint \ud83d\udc40<a href=\"#\">#SanMarinoGP<\/a> \ud83c\uddf8\ud83c\uddf2 <a href=\"#\">#MotoGP<\/a> \ud83c\udfc1 <a href=\"#\">pic.twitter.com\/v5pE4XpG09<\/a><\/p>\n<p>\u2014 DAZN Espa\u00f1a (@DAZN_ES) <a href=\"#\">13 septembre 2025<\/a><\/p><\/blockquote>\n<p>\ud83e\udd1d L\u2019Exemplarit\u00e9 des Grands : R\u00e9parer ou Attiser les Tensions ?<\/p>\n<p>L\u2019attitude de Marc Marquez apr\u00e8s la course est \u00e0 souligner : loin d\u2019alimenter la ranc\u0153ur ou de chercher querelle, le pilote espagnol adopte toujours une posture mesur\u00e9e. Il s\u2019est efforc\u00e9 au fil des ans de refermer la page tumultueuse de 2015, pr\u00e9f\u00e9rant l\u2019humilit\u00e9 et la concentration sur ses performances \u00e0 la pol\u00e9mique st\u00e9rile. Il n\u2019en va malheureusement pas de m\u00eame pour tous les protagonistes.<\/p>\n<p>Ce contraste, entre un champion qui cherche l\u2019apaisement et d\u2019autres qui ressassent le pass\u00e9, contribue \u00e0 attiser un feu d\u00e9j\u00e0 vif dans les gradins et sur les r\u00e9seaux sociaux. Les commentateurs, influenceurs et c\u00e9l\u00e9brit\u00e9s de la MotoGP doivent mesurer le poids de leurs paroles et de leurs gestes. Parfois, l\u2019ombre d\u2019une rivalit\u00e9 r\u00e9volue suffit \u00e0 relancer des mouvements toxiques dans une base de fans d\u00e9j\u00e0 survolt\u00e9e.<\/p>\n<p>Respecter le sport, c\u2019est aussi savoir tourner la page et respecter la souffrance de l\u2019adversaire \u2013 m\u00eame lorsque l\u2019on partage la ferveur d\u2019un public acquis \u00e0 sa cause. Car la grandeur d\u2019un champion se d\u00e9marque non seulement dans la victoire, mais avant tout dans la mani\u00e8re de g\u00e9rer l\u2019adversit\u00e9 et d\u2019inspirer les g\u00e9n\u00e9rations futures.<\/p>\n<p>\ud83d\udcc8 Entre R\u00e9cup\u00e9ration M\u00e9diatique et Enjeux Soci\u00e9taux : Comment Le MotoGP Peut Reb\u00e2tir Ses Valeurs<\/p>\n<p>Outre la responsabilit\u00e9 de ceux qui encouragent les d\u00e9bordements, il serait r\u00e9ducteur de ne pointer du doigt que le public ou quelques figures charismatiques. Les m\u00e9dias, \u00e0 travers la s\u00e9lection d\u2019images spectaculaires et la focalisation sur les r\u00e9actions extr\u00eames, jouent \u00e9galement un r\u00f4le dans la cristallisation des passions. En diffusant largement des plans de supporters exalt\u00e9s, la couverture t\u00e9l\u00e9visuelle amplifie un ph\u00e9nom\u00e8ne qui aurait pu rester marginal.<\/p>\n<p>La r\u00e9sonance sur les r\u00e9seaux sociaux n\u2019a fait qu\u2019accro\u00eetre l\u2019ampleur du ph\u00e9nom\u00e8ne, attirant une visibilit\u00e9 plan\u00e9taire \u00e0 ces comportements. Cette course \u00e0 l\u2019\u00e9motion fait le jeu du sensationnalisme, au d\u00e9triment des valeurs essentielles que sont la dignit\u00e9, la solidarit\u00e9 et le respect mutuel.<\/p>\n<p><img decoding=\"async\" src=\"https:\/\/www.europesays.com\/fr\/wp-content\/uploads\/2025\/09\/68c5b0e57e48a9c84c7973a4_GnG_1256872_HiRes.jpeg\" alt=\"La r\u00e9action des fans \u00e0 la chute de Marquez fut honteuse - et Rossi porte une part de responsabilit\u00e9\"\/><\/p>\n<p>Il appartient \u00e0 la communaut\u00e9 MotoGP \u2013 organisateurs, \u00e9quipes, pilotes, m\u00e9dias et fans \u2013 de se questionner sur l\u2019image que le sport souhaite projeter. C\u00e9l\u00e9brer la r\u00e9ussite sans humilier l\u2019\u00e9chec, glorifier la performance sans rabaisser l\u2019adversaire, telle est la voie vers un avenir plus serein. Les passionn\u00e9s de MotoGP, tout en affichant leurs couleurs et fid\u00e9lit\u00e9s, gagnent \u00e0 s\u2019inspirer des plus nobles traditions sportives : respect de l\u2019adversaire, conscience du risque, et compassion dans la d\u00e9faite.<\/p>\n<p>\ud83c\udfc6 Vers un Nouveau Pacte de Respect sur les Circuits MotoGP<\/p>\n<p>Cette s\u00e9quence controvers\u00e9e \u00e0 Misano doit aujourd\u2019hui servir d\u2019\u00e9lectrochoc pour l\u2019ensemble du paddock MotoGP et ses partisans. La rivalit\u00e9, l\u2019\u00e9motion et la ferveur ne sauraient excuser des comportements qui ternissent l\u2019image du sport moto. Il est grand temps de redonner sens \u00e0 la notion de fair-play, d\u2019apprendre \u00e0 c\u00e9l\u00e9brer sans exclure, d\u2019applaudir l\u2019effort avant le malheur de l\u2019autre.<\/p>\n<p><img decoding=\"async\" src=\"https:\/\/www.europesays.com\/fr\/wp-content\/uploads\/2025\/09\/68c5b0e57e48a9c84c7973b1_GnG_1261605_HiRes.jpeg\" alt=\"La r\u00e9action des fans \u00e0 la chute de Marquez fut honteuse - et Rossi porte une part de responsabilit\u00e9\"\/><\/p>\n<p>Le combat qui se joue d\u00e9sormais n\u2019est donc plus seulement dans les paddocks ou sur la piste mais aussi dans la t\u00eate des supporters. Exiger plus de responsabilit\u00e9, encourager l\u2019introspection et soutenir les initiatives qui valorisent le respect sont les cl\u00e9s d\u2019une \u00e9volution durable. Les champions, anciens ou actuels, ont pour mission d\u2019entra\u00eener non seulement par l\u2019exemple, mais \u00e9galement par leur prise de position et leur capacit\u00e9 \u00e0 transformer la passion en facteur de coh\u00e9sion.<\/p>\n<p>Rappelons-le : chaque pilote qui prend le d\u00e9part d\u2019une course m\u00e9rite autant d\u2019admiration que de respect, quelle que soit sa loyaut\u00e9 ou son pass\u00e9. Plus que jamais, la MotoGP doit \u00eatre le terrain d\u2019expression d\u2019une passion saine, constructive et exemplaire pour les g\u00e9n\u00e9rations futures. Puisse ce triste \u00e9pisode inspirer un nouveau pacte d\u2019honneur entre tous les amoureux de vitesse : que le rugissement des moteurs ne couvre jamais la voix du c\u0153ur et de la raison. \ud83c\udfc1\u2b50<\/p>\n<p>Dans le tumulte des passions sportives, r\u00eaver d&rsquo;\u00e9l\u00e9gance et d&rsquo;excellence autos fait aussi vibrer. Comme une <a href=\"https:\/\/www.porsche.com\/france\/models\/911\/\" title=\"Porsche 911 officielle\" target=\"_blank\" rel=\"noopener\">Porsche 911<\/a> sur la piste, le leasing automobile permet de s\u2019offrir la performance sans compromis. D\u00e9couvrez vos options sur <a href=\"https:\/\/www.joinsteer.com\" target=\"_blank\" rel=\"noopener\">Joinsteer<\/a> et vivez l\u2019exp\u00e9rience autrement.<\/p>\n<p><script async src=\"https:\/\/platform.twitter.com\/widgets.js\" charset=\"utf-8\"><\/script><\/p>\n","protected":false},"excerpt":{"rendered":"\ud83c\udfc1 L\u2019Intensit\u00e9 de la Passion MotoGP : De l\u2019Admiration \u00e0 l\u2019Exc\u00e8s La MotoGP captive, \u00e9merveille et unit ;&hellip;\n","protected":false},"author":2,"featured_media":388841,"comment_status":"","ping_status":"","sticky":false,"template":"","format":"standard","meta":{"footnotes":""},"categories":[1413],"tags":[1011,27,1457,1456,60],"class_list":{"0":"post-388840","1":"post","2":"type-post","3":"status-publish","4":"format-standard","5":"has-post-thumbnail","7":"category-moto","8":"tag-fr","9":"tag-france","10":"tag-moto","11":"tag-motocycle","12":"tag-sports"},"share_on_mastodon":{"url":"https:\/\/pubeurope.com\/@fr\/115199297202112039","error":""},"_links":{"self":[{"href":"https:\/\/www.europesays.com\/fr\/wp-json\/wp\/v2\/posts\/388840","targetHints":{"allow":["GET"]}}],"collection":[{"href":"https:\/\/www.europesays.com\/fr\/wp-json\/wp\/v2\/posts"}],"about":[{"href":"https:\/\/www.europesays.com\/fr\/wp-json\/wp\/v2\/types\/post"}],"author":[{"embeddable":true,"href":"https:\/\/www.europesays.com\/fr\/wp-json\/wp\/v2\/users\/2"}],"replies":[{"embeddable":true,"href":"https:\/\/www.europesays.com\/fr\/wp-json\/wp\/v2\/comments?post=388840"}],"version-history":[{"count":0,"href":"https:\/\/www.europesays.com\/fr\/wp-json\/wp\/v2\/posts\/388840\/revisions"}],"wp:featuredmedia":[{"embeddable":true,"href":"https:\/\/www.europesays.com\/fr\/wp-json\/wp\/v2\/media\/388841"}],"wp:attachment":[{"href":"https:\/\/www.europesays.com\/fr\/wp-json\/wp\/v2\/media?parent=388840"}],"wp:term":[{"taxonomy":"category","embeddable":true,"href":"https:\/\/www.europesays.com\/fr\/wp-json\/wp\/v2\/categories?post=388840"},{"taxonomy":"post_tag","embeddable":true,"href":"https:\/\/www.europesays.com\/fr\/wp-json\/wp\/v2\/tags?post=388840"}],"curies":[{"name":"wp","href":"https:\/\/api.w.org\/{rel}","templated":true}]}}