{"id":388842,"date":"2025-09-13T22:15:21","date_gmt":"2025-09-13T22:15:21","guid":{"rendered":"https:\/\/www.europesays.com\/fr\/388842\/"},"modified":"2025-09-13T22:15:21","modified_gmt":"2025-09-13T22:15:21","slug":"ogier-en-tete-avant-le-super-sunday-fourmaux-en-embuscade-eurosport","status":"publish","type":"post","link":"https:\/\/www.europesays.com\/fr\/388842\/","title":{"rendered":"Ogier en t\u00eate avant le Super Sunday, Fourmaux en embuscade &#8211; Eurosport"},"content":{"rendered":"<ol>\n<li><a href=\"https:\/\/news.google.com\/rss\/articles\/CBMi-gFBVV95cUxNQ3hxOUVTMUhCWWZ4UWhxblQyZzBpbTBZeDR6bDJ6VXhYNmx1Y21YbFVBX3ZNanA0R1FKN0xGTEx0TkZfYXFQZFlDUUVKQjFpaDUwOW11Wm9kWnhyVmtBZEJCaFBwbFNVUGN0WXNGT3JCMnFDaDhsVnJWc2lGdHFzRVR1dm5SNjdFMlp4aFlrTXIzUk9oUFNLd1hGSGQxWDJLQkpRdFFJT0VjQ0tWY3JVUGNDOU1CZk55TEpkaVZ2ZnY1SHdjeWY3SVdJRWlZcmo3c0RaOWJJVEhvWlc2RTkyUDJhVks0VmZpWnRqX1RfLU9GTWtiUjR0dEFB?oc=5\" target=\"_blank\" rel=\"noopener\">Ogier en t\u00eate avant le Super Sunday, Fourmaux en embuscade<\/a>&nbsp;&nbsp;Eurosport<\/li>\n<li><a href=\"https:\/\/news.google.com\/rss\/articles\/CBMi0AFBVV95cUxONVBWemhTNVFrRVE4YzNNYnB0LVhvMW1XZUdXNVo4bjJwQzBjY0h4SDJOUzVMSXNtb0NQZS1GMkxleExGT29hUG14Z21wQ3VaNGk1ZmwzNDVVR3FWUTh6bHpVTGI3SzJSa3hOUVBvdW9Xd3VkRDFLT2cyZ0hWaWpxLUxkLXVTV09MR19jdE5QX3c3Ny1IbHEtckl0bVFKTzZPdXFhaHZaSE8xa1AzT1RkRGp4M2ZUcmlBd0wzNC1xYlNzOGJLbGhSS3A2QVBVSmpq?oc=5\" target=\"_blank\" rel=\"noopener\">S\u00e9bastien Ogier prend la t\u00eate du rallye du Chili devant Elfyn Evans, Adrien Fourmaux 3e<\/a>&nbsp;&nbsp;L&rsquo;\u00c9quipe<\/li>\n<li><a href=\"https:\/\/news.google.com\/rss\/articles\/CBMi1gFBVV95cUxPNllCdmVwSGtzQk9IZlJnYmlLc19PR0hXWUdMUnpSSnZ6SjBMeDVEbXM5WEpSNDY2Q192QU9VR2hwUE9TdUVhcU9qbmRnNHI1eXZYZG9hd19GUUJjSVlQMHFPTkd1WUFyd1NYdDdkdmg3TThWVDNYTUwzOExhbl9MS1hTZUlRRldBSk9RMDdqQVJTM3NiSGVMaXZOMGtUb1J0MTZHd0E0dDNTdFRkTzNXeXNtTWxWTTViUGZ4UlFPTnlmSWJGbkwyOG9jelFHMDVISUNPbzFB0gHUAUFVX3lxTE1EcHhBY1NQVzhpdVItbFM3RzRRWDlFUmVaZXJzX196Y1Z3SmNiYWhmdEZIcThhYXpPVEFVTVpmVHA2X0hCTjVwTnBBa1dJZlM3dFQ3WkpyaXllSEFaYXB4UzlkejY4dzdqcGllWUVuLW1BbTNCU2w3NTBPbE9KbHMzZFV2LTA1UGd3Z05tbEtuaWtTTW1HSWh0bXZhbjJWNDdpUHVXTm16RTRzRVVVeTlkd3c0X05jWkUxelRWY2VEMFFEeGIycDFGWE8ybWJMcHUtSXhF?oc=5\" target=\"_blank\" rel=\"noopener\">WRC &#8211; Rallye du Chili : Premi\u00e8re pour Fourmaux, Ogier sur le podium<\/a>&nbsp;&nbsp;Orange Actualit\u00e9s | Sports<\/li>\n<li><a href=\"https:\/\/news.google.com\/rss\/articles\/CBMiV0FVX3lxTE54d3Bxa3FlVThjV1E0Zzg1b2hXYnBOQ2F6NmQ2MkUxR2dEd3pVcUpTM1N2UHNKT0dDRGQyMmJjdFJSMHVncXlfenVMMHF4TGYzazFmVEw1OA?oc=5\" target=\"_blank\" rel=\"noopener\">ES12- Ogier en bonne position (Chili)<\/a>&nbsp;&nbsp;Rallye Sport<\/li>\n<li><a href=\"https:\/\/news.google.com\/rss\/articles\/CBMitwFBVV95cUxOS01OSW5JSTJuMEgwY1FWTGdQM0Q1NjY3M1BYWHc2b2FfbmhOSFY1QjNLVVo2Z05XeFo0R0w4MkdETkR5M3JMQjZPTlhVU1hPYmNKXzNVSkYzZXpMaG9yZXV5V2I3aXd3ZVR1TFV0UC1OM3loTVFqWXRfcFRqOTN6Zkd0bnVVaGxHNkN4bnZtWUMxSEg4aTFnQUlRX05HcUc4QXdSN1k3cjBKamExTTNTd01URndKSXc?oc=5\" target=\"_blank\" rel=\"noopener\">WRC : avant la derni\u00e8re journ\u00e9e, S\u00e9bastien Ogier en t\u00eate au Chili<\/a>&nbsp;&nbsp;Le Figaro<\/li>\n<\/ol>\n","protected":false},"excerpt":{"rendered":"Ogier en t\u00eate avant le Super Sunday, Fourmaux en embuscade&nbsp;&nbsp;Eurosport S\u00e9bastien Ogier prend la t\u00eate du rallye du&hellip;\n","protected":false},"author":2,"featured_media":1445,"comment_status":"","ping_status":"","sticky":false,"template":"","format":"standard","meta":{"footnotes":""},"categories":[1412],"tags":[1451,1452,1453,1454,1455,1011,27,60],"class_list":{"0":"post-388842","1":"post","2":"type-post","3":"status-publish","4":"format-standard","5":"has-post-thumbnail","7":"category-f1","8":"tag-f1","9":"tag-formula-1","10":"tag-formula1","11":"tag-formule-1","12":"tag-formule1","13":"tag-fr","14":"tag-france","15":"tag-sports"},"share_on_mastodon":{"url":"https:\/\/pubeurope.com\/@fr\/115199300371163221","error":""},"_links":{"self":[{"href":"https:\/\/www.europesays.com\/fr\/wp-json\/wp\/v2\/posts\/388842","targetHints":{"allow":["GET"]}}],"collection":[{"href":"https:\/\/www.europesays.com\/fr\/wp-json\/wp\/v2\/posts"}],"about":[{"href":"https:\/\/www.europesays.com\/fr\/wp-json\/wp\/v2\/types\/post"}],"author":[{"embeddable":true,"href":"https:\/\/www.europesays.com\/fr\/wp-json\/wp\/v2\/users\/2"}],"replies":[{"embeddable":true,"href":"https:\/\/www.europesays.com\/fr\/wp-json\/wp\/v2\/comments?post=388842"}],"version-history":[{"count":0,"href":"https:\/\/www.europesays.com\/fr\/wp-json\/wp\/v2\/posts\/388842\/revisions"}],"wp:featuredmedia":[{"embeddable":true,"href":"https:\/\/www.europesays.com\/fr\/wp-json\/wp\/v2\/media\/1445"}],"wp:attachment":[{"href":"https:\/\/www.europesays.com\/fr\/wp-json\/wp\/v2\/media?parent=388842"}],"wp:term":[{"taxonomy":"category","embeddable":true,"href":"https:\/\/www.europesays.com\/fr\/wp-json\/wp\/v2\/categories?post=388842"},{"taxonomy":"post_tag","embeddable":true,"href":"https:\/\/www.europesays.com\/fr\/wp-json\/wp\/v2\/tags?post=388842"}],"curies":[{"name":"wp","href":"https:\/\/api.w.org\/{rel}","templated":true}]}}