{"id":38885,"date":"2025-04-20T12:35:25","date_gmt":"2025-04-20T12:35:25","guid":{"rendered":"https:\/\/www.europesays.com\/fr\/38885\/"},"modified":"2025-04-20T12:35:25","modified_gmt":"2025-04-20T12:35:25","slug":"en-images-mer-plage-soleil-un-defile-au-parfum-de-voyage-dans-le-sud-pour-le-lycee-adrien-testud","status":"publish","type":"post","link":"https:\/\/www.europesays.com\/fr\/38885\/","title":{"rendered":"En images. Mer, plage, soleil&#8230; un d\u00e9fil\u00e9 au parfum de voyage dans le sud pour le lyc\u00e9e Adrien-Testud"},"content":{"rendered":"<p>Couleurs chatoyantes pour des vacances dans le sud et originalit\u00e9 ont fait de ce d\u00e9fil\u00e9 un moment de d\u00e9couvertes jeudi soir salle de la Forge au Chambon-Feugerolles. C\u2019est dans un esprit l\u00e9ger, entre mer, plage, soleil, coquillages et crustac\u00e9s, que plus de 200 mod\u00e8les ont \u00e9volu\u00e9 \u00e0 travers une quinzaine de tableaux. Deux autres repr\u00e9sentations se tiendront ce vendredi \u00e0 17 et 21 heures.<\/p>\n","protected":false},"excerpt":{"rendered":"Couleurs chatoyantes pour des vacances dans le sud et originalit\u00e9 ont fait de ce d\u00e9fil\u00e9 un moment de&hellip;\n","protected":false},"author":2,"featured_media":38886,"comment_status":"","ping_status":"","sticky":false,"template":"","format":"standard","meta":{"footnotes":""},"categories":[9653],"tags":[1111,11,2430,12162,3599,1687,7539,1057,1777,674,1011,27,2798,12161,12,25,4001],"class_list":{"0":"post-38885","1":"post","2":"type-post","3":"status-publish","4":"format-standard","5":"has-post-thumbnail","7":"category-saint-etienne","8":"tag-actu","9":"tag-actualites","10":"tag-auvergne-rhone-alpes","11":"tag-chambon-feugerolles-ville","12":"tag-college-lycee","13":"tag-culture-loisirs","14":"tag-edition-loire-sud","15":"tag-education","16":"tag-eu","17":"tag-europe","18":"tag-fr","19":"tag-france","20":"tag-galerie-photo","21":"tag-le-chambon-feugerolles","22":"tag-news","23":"tag-republique-francaise","24":"tag-saint-etienne"},"share_on_mastodon":{"url":"https:\/\/pubeurope.com\/@fr\/114370322369621352","error":""},"_links":{"self":[{"href":"https:\/\/www.europesays.com\/fr\/wp-json\/wp\/v2\/posts\/38885","targetHints":{"allow":["GET"]}}],"collection":[{"href":"https:\/\/www.europesays.com\/fr\/wp-json\/wp\/v2\/posts"}],"about":[{"href":"https:\/\/www.europesays.com\/fr\/wp-json\/wp\/v2\/types\/post"}],"author":[{"embeddable":true,"href":"https:\/\/www.europesays.com\/fr\/wp-json\/wp\/v2\/users\/2"}],"replies":[{"embeddable":true,"href":"https:\/\/www.europesays.com\/fr\/wp-json\/wp\/v2\/comments?post=38885"}],"version-history":[{"count":0,"href":"https:\/\/www.europesays.com\/fr\/wp-json\/wp\/v2\/posts\/38885\/revisions"}],"wp:featuredmedia":[{"embeddable":true,"href":"https:\/\/www.europesays.com\/fr\/wp-json\/wp\/v2\/media\/38886"}],"wp:attachment":[{"href":"https:\/\/www.europesays.com\/fr\/wp-json\/wp\/v2\/media?parent=38885"}],"wp:term":[{"taxonomy":"category","embeddable":true,"href":"https:\/\/www.europesays.com\/fr\/wp-json\/wp\/v2\/categories?post=38885"},{"taxonomy":"post_tag","embeddable":true,"href":"https:\/\/www.europesays.com\/fr\/wp-json\/wp\/v2\/tags?post=38885"}],"curies":[{"name":"wp","href":"https:\/\/api.w.org\/{rel}","templated":true}]}}