{"id":388862,"date":"2025-09-13T22:26:10","date_gmt":"2025-09-13T22:26:10","guid":{"rendered":"https:\/\/www.europesays.com\/fr\/388862\/"},"modified":"2025-09-13T22:26:10","modified_gmt":"2025-09-13T22:26:10","slug":"ilona-smet-maman-elle-devoile-un-tendre-cliche-avec-son-tout-jeune-fils","status":"publish","type":"post","link":"https:\/\/www.europesays.com\/fr\/388862\/","title":{"rendered":"Ilona Smet maman : elle d\u00e9voile un tendre clich\u00e9 avec son tout jeune fils"},"content":{"rendered":"<p data-start=\"360\" data-end=\"1382\">Le carnet rose des c\u00e9l\u00e9brit\u00e9s<br \/>\ns\u00a0\u00bbest agrandi&#8230; Ce 13 septembre 2025, <a href=\"https:\/\/www.closermag.fr\/people\/ilona-smet-maman-pour-la-deuxieme-fois-accouchement-en-catimini-il-faut-ouvrir-loeil-3576220\" target=\"_blank\" rel=\"noopener\"><br \/>\nIlona Smet<\/a> a offert \u00e0 ses abonn\u00e9s un moment suspendu en story<br \/>\nInstagram : une photographie douce et sinc\u00e8re, immortalisant sa<br \/>\ncomplicit\u00e9 avec <strong>son tout jeune fils<\/strong>. Quelques<br \/>\njours plus t\u00f4t, le 7 septembre, elle annon\u00e7ait avec \u00e9motion<br \/>\n<strong>la naissance<\/strong> de <a href=\"https:\/\/www.closermag.fr\/people\/emma-smet-maman-elle-a-accouche-de-son-premier-enfant-dans-le-plus-grand-secret-3578810\" target=\"_blank\" rel=\"noopener\"><br \/>\nson deuxi\u00e8me enfant<\/a>, r\u00e9v\u00e9lant l\u2019arriv\u00e9e de ce nouveau petit<br \/>\nange dans son foyer.<\/p>\n<p data-start=\"360\" data-end=\"1382\">Jusqu\u2019ici, la jeune maman<br \/>\nn\u2019avait laiss\u00e9 entrevoir que quelques d\u00e9tails, comme <strong>ces<br \/>\npetits pieds<\/strong> qui avaient d\u00e9j\u00e0 attendri sa communaut\u00e9.<br \/>\nCette fois, elle a choisi de se montrer avec <strong>son b\u00e9b\u00e9 lov\u00e9<br \/>\ncontre elle<\/strong>, au creux d\u2019un porte-b\u00e9b\u00e9. Si le pr\u00e9nom du<br \/>\nnourrisson demeure encore secret, l<a href=\"https:\/\/www.closermag.fr\/tv_tele_realite\/estelle-lefebure-chroniqueuse-sur-france-5-dans-une-emission-tres-populaire-des-la-rentree-3572545\" target=\"_blank\" rel=\"noopener\">a<br \/>\nfille d&rsquo;Estelle Lef\u00e9bure<\/a> et <a href=\"https:\/\/www.closermag.fr\/people\/david-hallyday-fait-perdre-plus-de-40-000-euros-a-une-certaine-roselyne-et-il-ny-est-pour-rien-3578538\" target=\"_blank\" rel=\"noopener\"><br \/>\nDavid Hallyday<\/a> a tenu \u00e0 pr\u00e9ciser que l\u2019accessoire choisi pour<br \/>\nleurs balades \u00e9tait \u00ab\u00a0le m\u00eame que celui que son [grand] fr\u00e8re<br \/>\nadorait\u00a0\u00bb. Une d\u00e9licate attention qui fait sourire et rappelle<br \/>\nque, dans cette famille, la transmission se vit aussi dans les<br \/>\npetits gestes du quotidien.<\/p>\n<p>Ilona Smet : un heureux<br \/>\n\u00e9v\u00e9nement gard\u00e9 secret quelques mois<\/p>\n<p data-start=\"1389\" data-end=\"2388\">La discr\u00e9tion est une seconde<br \/>\nnature chez Ilona Smet. Elle avait r\u00e9v\u00e9l\u00e9 <a href=\"https:\/\/www.closermag.fr\/people\/ilona-smet-enceinte-sylvie-vartan-lache-une-info-de-taille-face-a-pascal-praud-une-deuxieme-grossesse-dans-le-clan-3534673\" target=\"_blank\" rel=\"noopener\"><br \/>\nsa grossesse<\/a> tardivement en avril dernier, confiant avec joie<br \/>\n\u00ab\u00a0Bient\u00f4t, nous serons <strong>une famille de 4<\/strong>.\u00a0\u00bb<br \/>\nEn effet, la <a href=\"https:\/\/www.closermag.fr\/people\/ilona-smet-metier-age-bebe-kamran-ahmed-mariage-instagram-tout-savoir-1604163#item=1\" target=\"_blank\" rel=\"noopener\"><br \/>\ncompagne de Kamran Ahmed<\/a>\u00a0a choisi d\u2019accueillir <strong>son<br \/>\ndeuxi\u00e8me fils<\/strong> loin des regards, pr\u00e9servant cette bulle<br \/>\nintime si pr\u00e9cieuse. Et pour cause : contrairement aux apparences,<br \/>\nl\u2019enfant n\u2019est pas n\u00e9 d\u00e9but septembre.<\/p>\n<p data-start=\"1389\" data-end=\"2388\">Selon son p\u00e8re, David<br \/>\nHallyday, l\u2019heureux \u00e9v\u00e9nement remonte au printemps. Dans un<br \/>\nentretien qu&rsquo;il nous avait accord\u00e9, il s\u2019\u00e9tait confi\u00e9 avec<br \/>\ntendresse : \u00ab\u00a0Le deuxi\u00e8me fils d\u2019Ilona est n\u00e9 le 13 avril<br \/>\ndernier, le jour de la captation [d\u2019un de ses concerts,<br \/>\nNDLR].\u00a0\u00bb Et d\u2019ajouter, dans un \u00e9clat de sinc\u00e9rit\u00e9 : \u00ab\u00a0J\u2019ai<br \/>\nre\u00e7u un message WhatsApp et <strong>une vid\u00e9o apr\u00e8s le<br \/>\nconcert<\/strong>.\u00a0\u00bb De quoi lever le voile sur le myst\u00e8re. La<br \/>\njeune maman, sans doute d\u00e9sireuse de savourer chaque seconde de<br \/>\n<strong>cette nouvelle maternit\u00e9<\/strong>, avait pr\u00e9f\u00e9r\u00e9 garder<br \/>\npour elle ces premiers instants, loin des feux m\u00e9diatiques.<\/p>\n<p>Ilona<br \/>\nSmet : le bonheur simple d\u2019une famille qui s\u2019agrandit<\/p>\n<p data-start=\"2395\" data-end=\"3361\">Aujourd\u2019hui, Ilona Smet et son<br \/>\nch\u00e9ri go\u00fbtent \u00e0 la douceur d\u2019une vie de famille d\u00e9sormais \u00e0 quatre.<br \/>\nEntre balades discr\u00e8tes et instants tendres partag\u00e9s sur les<br \/>\nr\u00e9seaux sociaux, le top semble rayonner dans <strong>son r\u00f4le de<br \/>\nmaman<\/strong>. Ce clich\u00e9 dans le hall de son immeuble, si banal en<br \/>\napparence, devient ainsi une v\u00e9ritable d\u00e9claration d\u2019amour<br \/>\nmaternel. Les regards ne s\u2019arr\u00eatent pas sur la c\u00e9l\u00e9brit\u00e9, mais sur<br \/>\nla sinc\u00e9rit\u00e9 d\u2019une femme qui choisit de montrer l\u2019essentiel : la<br \/>\nproximit\u00e9, <strong>la tendresse et la simplicit\u00e9<\/strong>.<\/p>\n<p data-start=\"2395\" data-end=\"3361\">Derri\u00e8re la pudeur et<br \/>\nl\u2019\u00e9l\u00e9gance qui la caract\u00e9risent, Ilona Smet esquisse un portrait<br \/>\nsolaire de la maternit\u00e9 moderne, o\u00f9 l\u2019\u00e9quilibre entre intimit\u00e9 et<br \/>\npartage se dessine avec justesse. En silence, elle rappelle que le<br \/>\nbonheur tient parfois dans un simple clich\u00e9, un enfant endormi<br \/>\ncontre soi, et la promesse d\u2019un avenir radieux \u00e0 construire \u00e0<br \/>\nquatre.<\/p>\n","protected":false},"excerpt":{"rendered":"Le carnet rose des c\u00e9l\u00e9brit\u00e9s s\u00a0\u00bbest agrandi&#8230; Ce 13 septembre 2025, Ilona Smet a offert \u00e0 ses abonn\u00e9s&hellip;\n","protected":false},"author":2,"featured_media":388863,"comment_status":"","ping_status":"","sticky":false,"template":"","format":"standard","meta":{"footnotes":""},"categories":[8],"tags":[548,3493,1300,58,847,59,1299,652,1011,27,22541,7629,198],"class_list":{"0":"post-388862","1":"post","2":"type-post","3":"status-publish","4":"format-standard","5":"has-post-thumbnail","7":"category-divertissement","8":"tag-article-simple","9":"tag-bebe","10":"tag-david-hallyday","11":"tag-divertissement","12":"tag-enfant","13":"tag-entertainment","14":"tag-estelle-lefebure","15":"tag-famille","16":"tag-fr","17":"tag-france","18":"tag-ilona-smet","19":"tag-maman","20":"tag-naissance"},"share_on_mastodon":{"url":"https:\/\/pubeurope.com\/@fr\/115199343592981965","error":""},"_links":{"self":[{"href":"https:\/\/www.europesays.com\/fr\/wp-json\/wp\/v2\/posts\/388862","targetHints":{"allow":["GET"]}}],"collection":[{"href":"https:\/\/www.europesays.com\/fr\/wp-json\/wp\/v2\/posts"}],"about":[{"href":"https:\/\/www.europesays.com\/fr\/wp-json\/wp\/v2\/types\/post"}],"author":[{"embeddable":true,"href":"https:\/\/www.europesays.com\/fr\/wp-json\/wp\/v2\/users\/2"}],"replies":[{"embeddable":true,"href":"https:\/\/www.europesays.com\/fr\/wp-json\/wp\/v2\/comments?post=388862"}],"version-history":[{"count":0,"href":"https:\/\/www.europesays.com\/fr\/wp-json\/wp\/v2\/posts\/388862\/revisions"}],"wp:featuredmedia":[{"embeddable":true,"href":"https:\/\/www.europesays.com\/fr\/wp-json\/wp\/v2\/media\/388863"}],"wp:attachment":[{"href":"https:\/\/www.europesays.com\/fr\/wp-json\/wp\/v2\/media?parent=388862"}],"wp:term":[{"taxonomy":"category","embeddable":true,"href":"https:\/\/www.europesays.com\/fr\/wp-json\/wp\/v2\/categories?post=388862"},{"taxonomy":"post_tag","embeddable":true,"href":"https:\/\/www.europesays.com\/fr\/wp-json\/wp\/v2\/tags?post=388862"}],"curies":[{"name":"wp","href":"https:\/\/api.w.org\/{rel}","templated":true}]}}