{"id":388868,"date":"2025-09-13T22:29:10","date_gmt":"2025-09-13T22:29:10","guid":{"rendered":"https:\/\/www.europesays.com\/fr\/388868\/"},"modified":"2025-09-13T22:29:10","modified_gmt":"2025-09-13T22:29:10","slug":"le-chanteur-de-coldplay-appelle-a-envoyer-de-lamour-a-sa-famille-en-plein-concert","status":"publish","type":"post","link":"https:\/\/www.europesays.com\/fr\/388868\/","title":{"rendered":"le chanteur de Coldplay appelle \u00e0 \u00abenvoyer de l\u2019amour\u00bb \u00e0 sa famille en plein concert"},"content":{"rendered":"<p>\u00abVous pouvez en envoyer \u00e0 votre fr\u00e8re ou \u00e0 votre s\u0153ur, aux familles des gens qui ont travers\u00e9 des \u00e9v\u00e9nements terribles, \u00e0 la famille de Charlie Kirk\u00bb, a propos\u00e9 Chris Martin lors d\u2019un concert \u00e0 Wembley.<\/p>\n<p class=\"fig-paragraph\">Ce n\u2019\u00e9tait pas forc\u00e9ment en ces lieux et par cette voix qu\u2019un hommage \u00e0\u00a0<a href=\"http:\/\/www.lefigaro.fr\/international\/charlie-kirk-heros-de-la-jeunesse-maga-et-martyr-de-la-revolution-trumpienne-20250911\" target=\"_blank\" data-fig-type=\"Article\" rel=\"noopener\" data-gtm-custom-categorie=\"navigation\" data-gtm-custom-action=\"crossclick\" data-gtm-custom-label=\"Contextuel\" data-gtm-event=\"customEventSPE\" data-fig-domain=\"LEFIGARO\">Charlie Kirk<\/a>\u00a0\u00e9tait le plus attendu. Lors d\u2019un concert au mythique stade de Wembley \u00e0 Londres, vendredi 12 septembre au soir, le chanteur du groupe\u00a0<a href=\"http:\/\/www.lefigaro.fr\/musique\/avec-360-dates-la-tournee-de-coldplay-devrait-depasser-les-2-milliards-de-dollars-de-recettes-20250912\" target=\"_blank\" data-fig-type=\"Article\" rel=\"noopener\" data-gtm-custom-categorie=\"navigation\" data-gtm-custom-action=\"crossclick\" data-gtm-custom-label=\"Contextuel\" data-gtm-event=\"customEventSPE\" data-fig-domain=\"LEFIGARO\">Coldplay<\/a>\u00a0a apport\u00e9 un soutien inattendu \u00e0 la famille de l\u2019influenceur conservateur,\u00a0<a href=\"http:\/\/www.lefigaro.fr\/international\/assassinat-de-charlie-kirk-c-est-peut-etre-l-etincelle-qui-risque-de-faire-tout-exploser-aux-etats-unis-20250911\" target=\"_blank\" data-fig-type=\"Article\" rel=\"noopener\" data-gtm-custom-categorie=\"navigation\" data-gtm-custom-action=\"crossclick\" data-gtm-custom-label=\"Contextuel\" data-gtm-event=\"customEventSPE\" data-fig-domain=\"LEFIGARO\">abattu d\u2019une balle dans la jugulaire<\/a>. Avant d\u2019interpr\u00e9ter le morceau Fix You, Chris Martin s\u2019est arr\u00eat\u00e9 un instant sur sc\u00e8ne, pour demander au public d\u2019\u00abenvoyer de l\u2019amour partout o\u00f9 vous voulez l\u2019envoyer dans le monde\u00bb. Avant d\u2019ajouter\u00a0: \u00abVous pouvez en envoyer \u00e0 votre fr\u00e8re ou \u00e0 votre s\u0153ur, aux familles des gens qui ont travers\u00e9 des \u00e9v\u00e9nements terribles, \u00e0 la famille de Charlie Kirk\u00bb.<\/p>\n<p class=\"fig-paragraph\">Le chanteur de Coldplay a \u00e9galement appel\u00e9 \u00e0 \u00abenvoyer de l\u2019amour\u00bb aux \u00abpersonnes avec lesquelles vous n\u2019\u00eates pas d\u2019accord\u00bb, \u00ab\u00e0 des personnes pacifiques au Moyen-Orient, en Ukraine, en Russie\u00bb. Mais l\u2019hommage \u00e0 Charlie Kirk n\u2019a pas plu \u00e0 tous les suiveurs du groupe aux plus de 100 millions d\u2019albums vendus, qui l\u2019ont fait savoir sur les r\u00e9seaux sociaux. Depuis la mort de cette figure de la jeunesse MAGA,\u00a0<a href=\"http:\/\/www.lefigaro.fr\/international\/assassinat-de-charlie-kirk-une-amerique-dechiree-par-la-violence-politique-20250911\" target=\"_blank\" data-fig-type=\"Article\" rel=\"noopener\" data-gtm-custom-categorie=\"navigation\" data-gtm-custom-action=\"crossclick\" data-gtm-custom-label=\"Contextuel\" data-gtm-event=\"customEventSPE\" data-fig-domain=\"LEFIGARO\">l\u2019opinion publique se d\u00e9chire autour de l\u2019hommage \u00e0 lui r\u00e9server<\/a>. La droite conservatrice l\u2019\u00e9rige en martyr tandis qu\u2019une partie de la gauche appelle \u00e0 ne pas pleurer un homme aux id\u00e9es radicales.<\/p>\n<p>                                    <a class=\"fig-a11y-skip a11y-hidden\" href=\"#fig-a11y-skip-main-inarticle\"><br \/>\n        Passer la publicit\u00e9<br \/>\n    <\/a><\/p>\n<p class=\"fig-paragraph\">Charlie Kirk a \u00e9t\u00e9 froidement abattu alors qu\u2019il organisait l\u2019un de ses \u00e9v\u00e9nements \u00abProve me wrong\u00bb (\u00abProuvez-moi que j\u2019ai tort\u00bb), au sein d\u2019un campus universitaire de l\u2019Utah. Lors de ces rassemblements, tenus aux quatre coins des \u00c9tats-Unis, le jeune homme invitait ses contradicteurs \u00e0 venir confronter leurs id\u00e9es. \u00c2g\u00e9 de 31 ans, il laisse derri\u00e8re lui une femme et deux enfants. C\u2019est \u00e0 eux que Chris Martin a voulu rendre hommage \u00e0 Wembley.<\/p>\n","protected":false},"excerpt":{"rendered":"\u00abVous pouvez en envoyer \u00e0 votre fr\u00e8re ou \u00e0 votre s\u0153ur, aux familles des gens qui ont travers\u00e9&hellip;\n","protected":false},"author":2,"featured_media":388869,"comment_status":"","ping_status":"","sticky":false,"template":"","format":"standard","meta":{"footnotes":""},"categories":[5],"tags":[11,6439,1697,1011,27,14,12,28],"class_list":{"0":"post-388868","1":"post","2":"type-post","3":"status-publish","4":"format-standard","5":"has-post-thumbnail","7":"category-international","8":"tag-actualites","9":"tag-coldplay","10":"tag-concert","11":"tag-fr","12":"tag-france","13":"tag-international","14":"tag-news","15":"tag-world"},"share_on_mastodon":{"url":"https:\/\/pubeurope.com\/@fr\/115199355518832494","error":""},"_links":{"self":[{"href":"https:\/\/www.europesays.com\/fr\/wp-json\/wp\/v2\/posts\/388868","targetHints":{"allow":["GET"]}}],"collection":[{"href":"https:\/\/www.europesays.com\/fr\/wp-json\/wp\/v2\/posts"}],"about":[{"href":"https:\/\/www.europesays.com\/fr\/wp-json\/wp\/v2\/types\/post"}],"author":[{"embeddable":true,"href":"https:\/\/www.europesays.com\/fr\/wp-json\/wp\/v2\/users\/2"}],"replies":[{"embeddable":true,"href":"https:\/\/www.europesays.com\/fr\/wp-json\/wp\/v2\/comments?post=388868"}],"version-history":[{"count":0,"href":"https:\/\/www.europesays.com\/fr\/wp-json\/wp\/v2\/posts\/388868\/revisions"}],"wp:featuredmedia":[{"embeddable":true,"href":"https:\/\/www.europesays.com\/fr\/wp-json\/wp\/v2\/media\/388869"}],"wp:attachment":[{"href":"https:\/\/www.europesays.com\/fr\/wp-json\/wp\/v2\/media?parent=388868"}],"wp:term":[{"taxonomy":"category","embeddable":true,"href":"https:\/\/www.europesays.com\/fr\/wp-json\/wp\/v2\/categories?post=388868"},{"taxonomy":"post_tag","embeddable":true,"href":"https:\/\/www.europesays.com\/fr\/wp-json\/wp\/v2\/tags?post=388868"}],"curies":[{"name":"wp","href":"https:\/\/api.w.org\/{rel}","templated":true}]}}