{"id":388870,"date":"2025-09-13T22:30:15","date_gmt":"2025-09-13T22:30:15","guid":{"rendered":"https:\/\/www.europesays.com\/fr\/388870\/"},"modified":"2025-09-13T22:30:15","modified_gmt":"2025-09-13T22:30:15","slug":"depuis-la-fete-de-lhuma-melenchon-distingue-deux-blocs-a-gauche-celui-de-la-rupture-et-celui-de-laccompagnement","status":"publish","type":"post","link":"https:\/\/www.europesays.com\/fr\/388870\/","title":{"rendered":"Depuis la F\u00eate de l\u2019Huma, M\u00e9lenchon distingue deux blocs \u00e0 gauche, celui de la \u00ab\u00a0rupture\u00a0\u00bb et celui de \u00ab\u00a0l\u2019accompagnement\u00a0\u00bb"},"content":{"rendered":"<p>Le fondateur de la France insoumise, <a href=\"https:\/\/www.humanite.fr\/politique\/10-septembre\/amfis-2025-en-cavalier-seul-la-france-insoumise-mise-sur-la-rupture\" rel=\"nofollow noopener\" target=\"_blank\">Jean-Luc M\u00e9lenchon, a adress\u00e9 plusieurs messages<\/a> aux communistes durant son discours prononc\u00e9 lors de la F\u00eate de l\u2019Humanit\u00e9, depuis le stand de LFI. D\u2019abord en saluant les milliers de militants qui organisent la F\u00eate, et en f\u00e9licitant Fabien Gay, directeur de l\u2019Humanit\u00e9 et s\u00e9nateur PCF, pour son travail ayant permis de chiffrer <a href=\"https:\/\/www.humanite.fr\/social-et-economie\/aides-publiques\/entreprises-quont-elles-fait-de-nos-211-milliards-daides\" rel=\"nofollow noopener\" target=\"_blank\">les 211\u00a0milliards d\u2019euros d\u2019aides aux entreprises<\/a> faites par l\u2019\u00c9tat en 2023. \u00ab\u00a0Les premiers assist\u00e9s en France sont les groupes du CAC 40\u00a0\u00bb, a insist\u00e9 l\u2019insoumis.<\/p>\n<p>Jean-Luc M\u00e9lenchon a aussi cit\u00e9 <a href=\"https:\/\/www.humanite.fr\/histoire\/rosa-luxemburg\/il-y-a-150-ans-naissait-rosa-luxemburg-figure-spartakiste-700981\" rel=\"nofollow noopener\" target=\"_blank\">Rosa Luxembourg,<\/a> en ouverture et en fermeture de son discours, en plus de saluer Marie-George Buffet, ancienne secr\u00e9taire nationale du PCF, qui avait activement particip\u00e9 au lancement du Front de gauche. \u00ab\u00a0Je veux lui rendre hommage. N\u2019oubliez jamais que chacun \u00e0 sa fa\u00e7on a contribu\u00e9 \u00e0 construire ce que nous avons construit\u00a0\u00bb, a-t-il appel\u00e9, ajoutant que le journal l\u2019Humanit\u00e9 \u00ab\u00a0contribue \u00e0 cette histoire\u00a0\u00bb, dont le but final est \u00ab\u00a0la\u00a0r\u00e9volution\u00a0\u00bb, pour \u00ab\u00a0assurer les droits du vivant contre l\u2019empire de la mort qu\u2019est le capitalisme\u00a0\u00bb. Il a \u00e9galement sous-entendu que les 420\u00a0000 voix qui lui ont manqu\u00e9 pour atteindre le second tour de l\u2019\u00e9lection pr\u00e9sidentielle de 2022 sont pour beaucoup li\u00e9es \u00e0 une d\u00e9sunion de forces autrefois li\u00e9es.<\/p>\n<p>LFI propose une nouvelle alliance \u00e0 gauche<\/p>\n<p>Dans un contexte de tension \u00e0 gauche, c\u2019est contre le PS que l\u2019insoumis a d\u00e9coch\u00e9 des fl\u00e8ches. Il accuse d\u2019avoir rompu avec le Nouveau Front populaire. \u00ab\u00a0Cette alliance a \u00e9t\u00e9 int\u00e9gralement d\u00e9truite par ceux qui avaient sign\u00e9 le papier\u00a0\u00bb, a-t-il regrett\u00e9, ajoutant que les insoumis \u00ab\u00a0ne feront pas l\u2019union sur l\u2019augmentation de la CSG\u00a0\u00bb ou la non-abrogation de la retraite \u00e0 64\u00a0ans. \u00ab\u00a0Olivier Faure dit qu\u2019il n\u2019y a plus d\u2019accord possible sur le programme\u00a0\u00bb, a-t-il d\u00e9clar\u00e9, avant de lui reprocher de \u00ab\u00a0capituler\u00a0\u00bb.<\/p>\n<p>Mais Jean-Luc M\u00e9lenchon, qui fustige ceux qui \u00e0 droite veulent exclure LFI de l\u2019arc r\u00e9publicain, et ceux qui \u00e0 gauche laissent trop se diffuser cette musique, a aussi renouvel\u00e9 une offre d\u2019alliance \u00e0 gauche. \u00ab\u00a0Nous faisons la proposition d\u2019une offre f\u00e9d\u00e9rative, d\u2019une coalition sur la base du programme du NFP, \u00e0 tous ceux qui le veulent pour ouvrir d\u00e8s maintenant la discussion\u00a0\u00bb.<\/p>\n<p>L\u2019insoumis a \u00e9galement voulu r\u00e9cuser l\u2019id\u00e9e selon laquelle \u00ab\u00a0toute la gauche d\u2019un c\u00f4t\u00e9 et les galeux de LFI de l\u2019autre\u00a0\u00bb, en s\u2019appuyant notamment sur les combats parlementaires. \u00ab\u00a0Dans les votes nous votons ensemble. Tous les communistes et tous les \u00e9cologistes ont vot\u00e9 toutes les motions de censure comme les insoumis\u00a0\u00bb. Jean-Luc M\u00e9lenchon souligne \u00e9galement que 104 d\u00e9put\u00e9s \u00e9lus NFP ont sign\u00e9 <a href=\"https:\/\/www.humanite.fr\/politique\/assemblee-nationale\/destitution-demmanuel-macron-que-peut-il-se-passer-apres-la-validation-par-le-bureau-de-lassemblee\" rel=\"nofollow noopener\" target=\"_blank\">la motion de destitution du pr\u00e9sident de la R\u00e9publique<\/a>, soit \u00ab\u00a0plus que la majorit\u00e9 absolue des d\u00e9put\u00e9s du NFP\u00a0\u00bb. \u00ab\u00a0Il y a dans les faits un bloc politique de la rupture, et un bloc de l\u2019accompagnement\u00a0\u00bb, analyse-t-il.<\/p>\n<p>Appel \u00e0 poursuivre le mouvement social<\/p>\n<p>Cette destitution, Jean-Luc M\u00e9lenchon la soutient au motif que la France a \u00ab\u00a0besoin d\u2019un temps de refondation\u00a0\u00bb. Mais d\u2019ici l\u00e0, il appelle les citoyens \u00e0 se joindre \u00ab\u00a0de toutes leurs forces \u00e0 <a href=\"https:\/\/www.humanite.fr\/social-et-economie\/10-septembre\/bloquons-tout-une-montee-en-charge-avant-le-18-septembre\" rel=\"nofollow noopener\" target=\"_blank\">la gr\u00e8ve g\u00e9n\u00e9rale du 18\u00a0septembre<\/a> car elle peut allumer le feu \u00e0 la plaine\u00a0\u00bb, dans la foul\u00e9e de la mobilisation du 10\u00a0septembre dont la menace a \u00e0 ses yeux permis de faire tomber Fran\u00e7ois Bayrou. <\/p>\n<p>\u00ab\u00a0Les puissants ont compris qu\u2019ils seraient submerg\u00e9s le 10, c\u2019est pourquoi Bayrou a choisi de poser la question de confiance deux jours plus t\u00f4t. Le vote du 8 est \u00e0 lui seul une victoire populaire de masse\u00a0\u00bb. Apr\u00e8s Barnier et Bayrou, Jean-Luc M\u00e9lenchon estime que LFI a particip\u00e9 \u00e0 \u00ab\u00a0renverser deux gouvernements sans tirer un coup de fusil\u00a0\u00bb.<\/p>\n<p>Il a aussi qualifi\u00e9 le nouveau premier ministre, <a href=\"https:\/\/www.humanite.fr\/politique\/gouvernement\/sebastien-lecornu-nomme-premier-ministre-le-choix-du-surplace-a-droite-2\" rel=\"nofollow noopener\" target=\"_blank\">S\u00e9bastien Lecornu<\/a> d\u2019\u00eatre \u00ab\u00a0l\u2019homme de la guerre\u00a0\u00bb et a insist\u00e9 pour promouvoir la paix dans le monde, par des pourparlers, plut\u00f4t que de se laisser entra\u00eener dans des fuites en avant guerri\u00e8res et ruineuses pour l\u2019\u00e9conomie et les vies humaines. Ursula von Der Layen, pr\u00e9sidente de la commission europ\u00e9enne contre laquelle une motion de censure a \u00e9t\u00e9 d\u00e9pos\u00e9e par les eurod\u00e9put\u00e9s LFI, a aussi \u00e9t\u00e9 \u00e9trill\u00e9e par Jean-Luc M\u00e9lenchon, qui lui reproche de s\u2019\u00eatre totalement soumise \u00e0 Donald Trump en bradant sans mandat les int\u00e9r\u00eats de l\u2019Union europ\u00e9enne.<\/p>\n<p>Enfin, Jean-Luc M\u00e9lenchon a alert\u00e9 contre la \u00ab\u00a0domination philosophique, culturelle, \u00e9conomique\u00a0\u00bb du capitalisme, mesurant que la bataille qui se joue en France est scrut\u00e9e dans le monde entier. Car, souligne-t-il, la France est la 7e puissance mondiale, elle a la passion de l\u2019\u00e9galit\u00e9, et parce que notre pays \u00ab\u00a0a invent\u00e9 le syst\u00e8me de vie le plus avanc\u00e9 avec la S\u00e9curit\u00e9 sociale reposant sur le principe r\u00e9volutionnaire de\u00a0\u201cchacun donne selon ses moyens et re\u00e7oit selon ses besoins\u201d\u00a0\u00bb. La France, ajoute-t-il, est scrut\u00e9e aussi \u00ab\u00a0parce qu\u2019ici et ici seulement il y a un ph\u00e9nom\u00e8ne politique unique pour l\u2019instant en Europe et il s\u2019appelle la France insoumise\u00a0\u00bb.<\/p>\n<p>Avant de partir, une derni\u00e8re chose\u2026<\/p>\n<p>Contrairement \u00e0 90% des m\u00e9dias fran\u00e7ais aujourd\u2019hui, <strong>l\u2019Humanit\u00e9 ne d\u00e9pend ni de grands groupes ni de milliardaires<\/strong>. Cela signifie que : <\/p>\n<ul class=\"wp-block-list\">\n<li>nous vous apportons des informations impartiales, sans compromis. Mais aussi que <\/li>\n<li>nous n\u2019avons pas les moyens financiers dont b\u00e9n\u00e9ficient les autres m\u00e9dias.<\/li>\n<\/ul>\n<p><strong>L\u2019information ind\u00e9pendante et de qualit\u00e9 a un co\u00fbt<\/strong>. Payez-le.<br \/><a href=\"https:\/\/stage.preprod.humanite.fr\/lhumanite-cest-vous\" data-type=\"link\" data-id=\"https:\/\/stage.preprod.humanite.fr\/lhumanite-cest-vous\" rel=\"nofollow noopener\" target=\"_blank\">Je veux en savoir plus<\/a><\/p>\n","protected":false},"excerpt":{"rendered":"Le fondateur de la France insoumise, Jean-Luc M\u00e9lenchon, a adress\u00e9 plusieurs messages aux communistes durant son discours prononc\u00e9&hellip;\n","protected":false},"author":2,"featured_media":388871,"comment_status":"","ping_status":"","sticky":false,"template":"","format":"standard","meta":{"footnotes":""},"categories":[4],"tags":[11,1011,27,52118,2383,52119,12,25],"class_list":{"0":"post-388870","1":"post","2":"type-post","3":"status-publish","4":"format-standard","5":"has-post-thumbnail","7":"category-france","8":"tag-actualites","9":"tag-fr","10":"tag-france","11":"tag-fu00eate-de-lhumanitu00e9","12":"tag-gauche","13":"tag-jean-luc-mu00e9lenchon","14":"tag-news","15":"tag-republique-francaise"},"share_on_mastodon":{"url":"https:\/\/pubeurope.com\/@fr\/115199359485000246","error":""},"_links":{"self":[{"href":"https:\/\/www.europesays.com\/fr\/wp-json\/wp\/v2\/posts\/388870","targetHints":{"allow":["GET"]}}],"collection":[{"href":"https:\/\/www.europesays.com\/fr\/wp-json\/wp\/v2\/posts"}],"about":[{"href":"https:\/\/www.europesays.com\/fr\/wp-json\/wp\/v2\/types\/post"}],"author":[{"embeddable":true,"href":"https:\/\/www.europesays.com\/fr\/wp-json\/wp\/v2\/users\/2"}],"replies":[{"embeddable":true,"href":"https:\/\/www.europesays.com\/fr\/wp-json\/wp\/v2\/comments?post=388870"}],"version-history":[{"count":0,"href":"https:\/\/www.europesays.com\/fr\/wp-json\/wp\/v2\/posts\/388870\/revisions"}],"wp:featuredmedia":[{"embeddable":true,"href":"https:\/\/www.europesays.com\/fr\/wp-json\/wp\/v2\/media\/388871"}],"wp:attachment":[{"href":"https:\/\/www.europesays.com\/fr\/wp-json\/wp\/v2\/media?parent=388870"}],"wp:term":[{"taxonomy":"category","embeddable":true,"href":"https:\/\/www.europesays.com\/fr\/wp-json\/wp\/v2\/categories?post=388870"},{"taxonomy":"post_tag","embeddable":true,"href":"https:\/\/www.europesays.com\/fr\/wp-json\/wp\/v2\/tags?post=388870"}],"curies":[{"name":"wp","href":"https:\/\/api.w.org\/{rel}","templated":true}]}}