{"id":388874,"date":"2025-09-13T22:33:14","date_gmt":"2025-09-13T22:33:14","guid":{"rendered":"https:\/\/www.europesays.com\/fr\/388874\/"},"modified":"2025-09-13T22:33:14","modified_gmt":"2025-09-13T22:33:14","slug":"a-la-pause-clermont-mene-face-a-saint-etienne","status":"publish","type":"post","link":"https:\/\/www.europesays.com\/fr\/388874\/","title":{"rendered":"\u00e0 la pause, Clermont m\u00e8ne face \u00e0 Saint-\u00c9tienne"},"content":{"rendered":"<p>Zapping Foot National Les Petits Princes du Rocher, immersion dans le Groupe \u00c9lite de l\u2019AS Monaco !<\/p>\n<p>Le Clermont Foot 63 a pris l&rsquo;avantage face \u00e0 l&rsquo;AS Saint-Etienne lors de <a href=\"https:\/\/www.foot-national.com\/data\/resultat-ligue2.html\" rel=\"nofollow noopener\" target=\"_blank\">la cinqui\u00e8me journ\u00e9e<\/a> de Ligue 2, menant 1-0 \u00e0 la mi-temps. Devant son public au Stade Gabriel-Montpied, le CF63 a su se montrer efficace en fin de premi\u00e8re p\u00e9riode apr\u00e8s avoir d\u00e9j\u00e0 affich\u00e9 ses intentions offensives d\u00e8s le coup d&rsquo;envoi. De leur c\u00f4t\u00e9, les Verts ont tent\u00e9 de r\u00e9agir mais ont but\u00e9 sur un gardien clermontois vigilant.<\/p>\n<p><a href=\"https:\/\/www.foot-national.com\/data\/live-foot.html\" rel=\"nofollow noopener\" target=\"_blank\">&gt;&gt; CF63 &#8211; ASSE : la 2e mi-temps est \u00e0 suivre en direct sur Foot-National.<\/a><\/p>\n<p><strong>Camblan marque pour sa premi\u00e8re<\/strong><\/p>\n<p>La rencontre a d\u00e9but\u00e9 sur un rythme soutenu, avec une premi\u00e8re opportunit\u00e9 pour Clermont d\u00e8s la troisi\u00e8me minute, la frappe de Camblan \u00e9tant superbement d\u00e9tourn\u00e9e par le gardien st\u00e9phanois, Larsonneur. L&rsquo;ASSE a r\u00e9pondu par Boakye (21e), mais Guivarch a su pr\u00e9server sa cage. C&rsquo;est finalement Camblan qui a fait la diff\u00e9rence juste avant la pause. Profitant d&rsquo;une h\u00e9sitation de la d\u00e9fense st\u00e9phanoise, le nouvel attaquant clermontois a repiqu\u00e9 vers l&rsquo;axe avant de placer une frappe \u00e0 ras de terre qui a tromp\u00e9 Larsonneur (44e), inscrivant son tout premier but sous ses nouvelles couleurs.<\/p>\n<p>Partagez cette info avec vos amis et vos proches en cliquant ici<br \/>Pour r\u00e9sumer<\/p>\n<p>Le Clermont Foot 63 a pris l&rsquo;avantage face \u00e0 l&rsquo;AS Saint-Etienne lors de la cinqui\u00e8me journ\u00e9e de Ligue 2, menant 1-0 \u00e0 la mi-temps. Devant son public au Stade Gabriel-Montpied, le CF63 a su se montrer efficace en fin de premi\u00e8re p\u00e9riode.<\/p>\n<p> <img decoding=\"async\" width=\"76\" height=\"76\" loading=\"lazy\" src=\"https:\/\/static.wui.fr\/images_v3\/avatar-footnational.png\" alt=\"Aris Djennadi\"\/><\/p>\n","protected":false},"excerpt":{"rendered":"Zapping Foot National Les Petits Princes du Rocher, immersion dans le Groupe \u00c9lite de l\u2019AS Monaco ! Le&hellip;\n","protected":false},"author":2,"featured_media":388875,"comment_status":"","ping_status":"","sticky":false,"template":"","format":"standard","meta":{"footnotes":""},"categories":[9653],"tags":[1111,11,2430,1777,674,1011,27,12,25,4001],"class_list":{"0":"post-388874","1":"post","2":"type-post","3":"status-publish","4":"format-standard","5":"has-post-thumbnail","7":"category-saint-etienne","8":"tag-actu","9":"tag-actualites","10":"tag-auvergne-rhone-alpes","11":"tag-eu","12":"tag-europe","13":"tag-fr","14":"tag-france","15":"tag-news","16":"tag-republique-francaise","17":"tag-saint-etienne"},"share_on_mastodon":{"url":"https:\/\/pubeurope.com\/@fr\/115199371178362553","error":""},"_links":{"self":[{"href":"https:\/\/www.europesays.com\/fr\/wp-json\/wp\/v2\/posts\/388874","targetHints":{"allow":["GET"]}}],"collection":[{"href":"https:\/\/www.europesays.com\/fr\/wp-json\/wp\/v2\/posts"}],"about":[{"href":"https:\/\/www.europesays.com\/fr\/wp-json\/wp\/v2\/types\/post"}],"author":[{"embeddable":true,"href":"https:\/\/www.europesays.com\/fr\/wp-json\/wp\/v2\/users\/2"}],"replies":[{"embeddable":true,"href":"https:\/\/www.europesays.com\/fr\/wp-json\/wp\/v2\/comments?post=388874"}],"version-history":[{"count":0,"href":"https:\/\/www.europesays.com\/fr\/wp-json\/wp\/v2\/posts\/388874\/revisions"}],"wp:featuredmedia":[{"embeddable":true,"href":"https:\/\/www.europesays.com\/fr\/wp-json\/wp\/v2\/media\/388875"}],"wp:attachment":[{"href":"https:\/\/www.europesays.com\/fr\/wp-json\/wp\/v2\/media?parent=388874"}],"wp:term":[{"taxonomy":"category","embeddable":true,"href":"https:\/\/www.europesays.com\/fr\/wp-json\/wp\/v2\/categories?post=388874"},{"taxonomy":"post_tag","embeddable":true,"href":"https:\/\/www.europesays.com\/fr\/wp-json\/wp\/v2\/tags?post=388874"}],"curies":[{"name":"wp","href":"https:\/\/api.w.org\/{rel}","templated":true}]}}