{"id":388881,"date":"2025-09-13T22:38:10","date_gmt":"2025-09-13T22:38:10","guid":{"rendered":"https:\/\/www.europesays.com\/fr\/388881\/"},"modified":"2025-09-13T22:38:10","modified_gmt":"2025-09-13T22:38:10","slug":"on-na-pas-realise-un-gros-match-reconnait-lentraineur-du-rct","status":"publish","type":"post","link":"https:\/\/www.europesays.com\/fr\/388881\/","title":{"rendered":"\u00abOn n\u2019a pas r\u00e9alis\u00e9 un gros match\u00bb, reconna\u00eet l\u2019entra\u00eeneur du RCT"},"content":{"rendered":"<p>Toulon est difficilement venu \u00e0 bout de Castres, 16-12, ce samedi soir au stade Mayol.<\/p>\n<p class=\"fig-paragraph\">Sergio Parisse, entra\u00eeneur de\u00a0<a href=\"https:\/\/www.lefigaro.fr\/sports\/rugby\/live\/top-14\/2026\/947933\/toulon-castres\" data-fig-type=\"Live\" data-gtm-custom-categorie=\"navigation\" data-gtm-custom-action=\"crossclick\" data-gtm-custom-label=\"Contextuel\" data-gtm-event=\"customEventSPE\" data-fig-domain=\"LEFIGARO\" target=\"_blank\" rel=\"noopener\">Toulon<\/a>: \u00abOn s\u2019attendait \u00e0 une r\u00e9action de la part de Castres ce soir apr\u00e8s leur d\u00e9faite la semaine derni\u00e8re face \u00e0 Pau. Ils ont lutt\u00e9 jusqu\u2019au bout pour s\u2019imposer, bravo \u00e0 eux. Nous, on va prendre cette victoire, m\u00eame s\u2019il y a encore beaucoup de choses \u00e0 am\u00e9liorer. Sans faire un grand match, les joueurs ont \u00e9t\u00e9 solidaires jusqu\u2019\u00e0 la fin et c\u2019est une victoire m\u00eame si je ne pense pas qu\u2019on ait r\u00e9alis\u00e9 un gros match. On est conscients que dans le contenu il faut faire mieux car on a \u00e9t\u00e9 brouillons et on a r\u00e9alis\u00e9 beaucoup d\u2019erreurs.\u00bb<\/p>\n<p class=\"fig-paragraph\">Xavier Sadourny, entra\u00eeneur de Castres: \u00abOn a fait un bon match dans l\u2019engagement et dans le combat. J\u2019ai vu la r\u00e9action que j\u2019attendais de la part de mes joueurs. Ils se sont donn\u00e9 les moyens de gagner avec cette balle de match \u00e0 la fin et il y a beaucoup de choses positives \u00e0 retenir. On a beaucoup de choses sur lesquelles il faut travailler et progresser mais je n\u2019ai pas r\u00e9ellement vu de diff\u00e9rence de niveau entre les deux \u00e9quipes.\u00bb<\/p>\n","protected":false},"excerpt":{"rendered":"Toulon est difficilement venu \u00e0 bout de Castres, 16-12, ce samedi soir au stade Mayol. Sergio Parisse, entra\u00eeneur&hellip;\n","protected":false},"author":2,"featured_media":388882,"comment_status":"","ping_status":"","sticky":false,"template":"","format":"standard","meta":{"footnotes":""},"categories":[9619],"tags":[1111,11,7336,1777,674,1011,27,12,882,3461,25,2310],"class_list":{"0":"post-388881","1":"post","2":"type-post","3":"status-publish","4":"format-standard","5":"has-post-thumbnail","7":"category-toulon","8":"tag-actu","9":"tag-actualites","10":"tag-castres-olympique","11":"tag-eu","12":"tag-europe","13":"tag-fr","14":"tag-france","15":"tag-news","16":"tag-provence-alpes-cote-dazur","17":"tag-rct","18":"tag-republique-francaise","19":"tag-toulon"},"share_on_mastodon":{"url":"https:\/\/pubeurope.com\/@fr\/115199390762724329","error":""},"_links":{"self":[{"href":"https:\/\/www.europesays.com\/fr\/wp-json\/wp\/v2\/posts\/388881","targetHints":{"allow":["GET"]}}],"collection":[{"href":"https:\/\/www.europesays.com\/fr\/wp-json\/wp\/v2\/posts"}],"about":[{"href":"https:\/\/www.europesays.com\/fr\/wp-json\/wp\/v2\/types\/post"}],"author":[{"embeddable":true,"href":"https:\/\/www.europesays.com\/fr\/wp-json\/wp\/v2\/users\/2"}],"replies":[{"embeddable":true,"href":"https:\/\/www.europesays.com\/fr\/wp-json\/wp\/v2\/comments?post=388881"}],"version-history":[{"count":0,"href":"https:\/\/www.europesays.com\/fr\/wp-json\/wp\/v2\/posts\/388881\/revisions"}],"wp:featuredmedia":[{"embeddable":true,"href":"https:\/\/www.europesays.com\/fr\/wp-json\/wp\/v2\/media\/388882"}],"wp:attachment":[{"href":"https:\/\/www.europesays.com\/fr\/wp-json\/wp\/v2\/media?parent=388881"}],"wp:term":[{"taxonomy":"category","embeddable":true,"href":"https:\/\/www.europesays.com\/fr\/wp-json\/wp\/v2\/categories?post=388881"},{"taxonomy":"post_tag","embeddable":true,"href":"https:\/\/www.europesays.com\/fr\/wp-json\/wp\/v2\/tags?post=388881"}],"curies":[{"name":"wp","href":"https:\/\/api.w.org\/{rel}","templated":true}]}}