{"id":388883,"date":"2025-09-13T22:39:10","date_gmt":"2025-09-13T22:39:10","guid":{"rendered":"https:\/\/www.europesays.com\/fr\/388883\/"},"modified":"2025-09-13T22:39:10","modified_gmt":"2025-09-13T22:39:10","slug":"top-depart-du-festival-festin-de-rue-a-saint-jean-de-vedas","status":"publish","type":"post","link":"https:\/\/www.europesays.com\/fr\/388883\/","title":{"rendered":"Top d\u00e9part du festival Festin de rue \u00e0 Saint Jean de V\u00e9das"},"content":{"rendered":"\n<p>C\u2019est donc dans le m\u00eame registre que s\u2019ouvre cette nouvelle \u00e9dition de<a rel=\"nofollow noopener noreferrer\" href=\"https:\/\/festinderue.com\/\" target=\"_blank\"> Festin de rue, les 13 au 14\u00a0<\/a><a rel=\"nofollow noopener noreferrer\" href=\"https:\/\/festinderue.com\/\" target=\"_blank\">septembre<\/a>.<\/p>\n<p>Un festival qui mise sur la pluridisciplinarit\u00e9 afin que chacun puisse trouver chaussure \u00e0 son pied. Pas moins de 60 repr\u00e9sentations r\u00e9alis\u00e9es par 35 compagnies -pour un total de 128\u00a0artistes- rythmeront le week-end. Le tout gratuitement, afin de d\u00e9mocratiser la culture. \u00ab\u00a0On se rend compte que l\u2019acc\u00e8s \u00e0 la culture devient compliqu\u00e9 pour tout le monde, au vu de la conjoncture actuelle, pour se payer des places de spectacle, de cin\u00e9ma. Notre volont\u00e9 est que, le temps d\u2019un week-end, tout le monde puisse descendre dans la rue et ne pas pousser les portes d\u2019un th\u00e9\u00e2tre pour profiter de tous les spectacles\u00a0\u00bb, insiste Beno\u00eet Sabatier, responsable du p\u00f4le culture de la Ville et programmateur du festival.<\/p>\n<p>Ainsi, les spectateurs pourront pleinement profiter des spectacles avec notamment The Whale street, de la Compagnie CPPP (13.09, \u00e0 21h30 au gymnase Mirall\u00e8s). \u00ab\u00a0Cette compagnie de Quissac va revisiter le conte de Moby Dick avec une baleine gigantesque [voir la photo, Ndlr] ainsi qu\u2019un bateau. Le conte est revisit\u00e9 \u00e0 travers les arts circassiens et la danse et se termine par un spectacle de pyrotechnie. C\u2019est le gros coup de c\u0153ur du week-end\u00a0\u00bb, d\u00e9taille Beno\u00eet Sabatier. Ou encore, la compagnie SopaLoca, venue pr\u00e9senter Clap (13.09 \u00e0 19h30 avenue Clemenceau ou le 14.09 \u00e0 18h30, place du puits de Gaud). \u00ab\u00a0C\u2019est une fanfare d\u2019arts de rue o\u00f9 les musiciens ont en marre de leurs conditions de travail et veulent devenir acteurs de cin\u00e9ma. C\u2019est un spectacle un peu participatif vraiment burlesque\u00a0\u00bb, reprend Beno\u00eet Sabatier.<\/p>\n<p>Si le public n\u2019est en rien oubli\u00e9, Festin<br \/>de rue fait \u00e9galement la part belle aux jeunes compagnies, venues pr\u00e9senter leurs premi\u00e8res r\u00e9alisations. \u00ab\u00a0Vu que nous sommes inscrits sur le territoire depuis 20\u00a0ans, nous avons un public mais aussi des professionnels qui viennent pour rep\u00e9rer des compagnies et \u00e9ventuellement les programmer, ensuite, chez eux\u00a0\u00bb, observe Beno\u00eet Sabatier.<br \/>En somme, tous les ingr\u00e9dients sont regroup\u00e9s afin de profiter d\u2019une belle mani\u00e8re de la fin de l\u2019\u00e9t\u00e9.<\/p>\n<p>*Programme complet \u00e0 retrouver sur festinderue.com.<\/p>\n","protected":false},"excerpt":{"rendered":"C\u2019est donc dans le m\u00eame registre que s\u2019ouvre cette nouvelle \u00e9dition de Festin de rue, les 13 au&hellip;\n","protected":false},"author":2,"featured_media":388884,"comment_status":"","ping_status":"","sticky":false,"template":"","format":"standard","meta":{"footnotes":""},"categories":[9599],"tags":[1111,11,1777,674,1011,27,52120,2208,12,2680,25],"class_list":{"0":"post-388883","1":"post","2":"type-post","3":"status-publish","4":"format-standard","5":"has-post-thumbnail","7":"category-montpellier","8":"tag-actu","9":"tag-actualites","10":"tag-eu","11":"tag-europe","12":"tag-fr","13":"tag-france","14":"tag-louis-dupin","15":"tag-montpellier","16":"tag-news","17":"tag-occitanie","18":"tag-republique-francaise"},"share_on_mastodon":{"url":"https:\/\/pubeurope.com\/@fr\/115199394755220367","error":""},"_links":{"self":[{"href":"https:\/\/www.europesays.com\/fr\/wp-json\/wp\/v2\/posts\/388883","targetHints":{"allow":["GET"]}}],"collection":[{"href":"https:\/\/www.europesays.com\/fr\/wp-json\/wp\/v2\/posts"}],"about":[{"href":"https:\/\/www.europesays.com\/fr\/wp-json\/wp\/v2\/types\/post"}],"author":[{"embeddable":true,"href":"https:\/\/www.europesays.com\/fr\/wp-json\/wp\/v2\/users\/2"}],"replies":[{"embeddable":true,"href":"https:\/\/www.europesays.com\/fr\/wp-json\/wp\/v2\/comments?post=388883"}],"version-history":[{"count":0,"href":"https:\/\/www.europesays.com\/fr\/wp-json\/wp\/v2\/posts\/388883\/revisions"}],"wp:featuredmedia":[{"embeddable":true,"href":"https:\/\/www.europesays.com\/fr\/wp-json\/wp\/v2\/media\/388884"}],"wp:attachment":[{"href":"https:\/\/www.europesays.com\/fr\/wp-json\/wp\/v2\/media?parent=388883"}],"wp:term":[{"taxonomy":"category","embeddable":true,"href":"https:\/\/www.europesays.com\/fr\/wp-json\/wp\/v2\/categories?post=388883"},{"taxonomy":"post_tag","embeddable":true,"href":"https:\/\/www.europesays.com\/fr\/wp-json\/wp\/v2\/tags?post=388883"}],"curies":[{"name":"wp","href":"https:\/\/api.w.org\/{rel}","templated":true}]}}