{"id":388885,"date":"2025-09-13T22:40:18","date_gmt":"2025-09-13T22:40:18","guid":{"rendered":"https:\/\/www.europesays.com\/fr\/388885\/"},"modified":"2025-09-13T22:40:18","modified_gmt":"2025-09-13T22:40:18","slug":"limportant-cest-les-huit-points-apres-la-victoire-contre-montpellier","status":"publish","type":"post","link":"https:\/\/www.europesays.com\/fr\/388885\/","title":{"rendered":"\u00ab\u00a0L\u2019important, c\u2019est les huit points\u00a0\u00bb apr\u00e8s la victoire contre Montpellier"},"content":{"rendered":"<p>Pour le contenu et la ma\u00eetrise, on repassera. Mais l\u2019important n\u2019est pas l\u00e0, \u00ab\u00a0c\u2019est les huit points\u00a0\u00bb, comme le soulignait en souriant Gr\u00e9gory Patat apr\u00e8s la victoire de l\u2019Aviron Bayonnais, hier, contre Montpellier, <a href=\"https:\/\/www.sudouest.fr\/sport\/rugby\/aviron-bayonnais\/top-14-cinquante-cinq-ans-apres-l-aviron-bayonnais-brise-la-malediction-de-perpignan-25820006.php\" rel=\"nofollow noopener\" target=\"_blank\">une semaine apr\u00e8s celle \u00e0 Perpignan (19-26)<\/a>. Un succ\u00e8s obtenu cette fois \u00e0 l\u2019arrach\u00e9, dans les cinq derni\u00e8res minutes, comme une habitude oubli\u00e9e \u00e0 Jean-Dauger. La s\u00e9rie d\u2019invincibilit\u00e9 \u00e0 la maison est lanc\u00e9e, le haut de tableau d\u00e9j\u00e0 accroch\u00e9, comme le veut tout bon demi-finaliste qui se respecte. Mais que ce fut dur.<\/p>\n<p>    Sur le m\u00eame sujet<\/p>\n<p>                        <a href=\"https:\/\/www.sudouest.fr\/sport\/rugby\/aviron-bayonnais\/aviron-bayonnais-esteban-capilla-nulle-part-ailleurs-25913743.php\" title=\"Aviron Bayonnais\u00a0: Esteban Capilla, nulle part ailleurs\" rel=\"nofollow noopener\" target=\"_blank\"><br \/>\n                            <img decoding=\"async\" src=\"https:\/\/www.europesays.com\/fr\/wp-content\/uploads\/2025\/09\/20250913174634-b7v159.jpg\" alt=\"Aviron Bayonnais\u00a0: Esteban Capilla, nulle part ailleurs\"\/><br \/>\n                        <\/a><\/p>\n<p>                    <a href=\"https:\/\/www.sudouest.fr\/sport\/rugby\/aviron-bayonnais\/aviron-bayonnais-esteban-capilla-nulle-part-ailleurs-25913743.php\" title=\"Aviron Bayonnais\u00a0: Esteban Capilla, nulle part ailleurs\" rel=\"nofollow noopener\" target=\"_blank\"><\/p>\n<p>\n                            Aviron Bayonnais\u00a0: Esteban Capilla, nulle part ailleurs\n                        <\/p>\n<p>                    <\/a><\/p>\n<p>\n                        L\u2019international fran\u00e7ais \u00e0 7 attaque sa deuxi\u00e8me saison en ne se concentrant que sur le rugby \u00e0 15. Et \u00e7a marche, avec un d\u00e9but d\u2019exercice canon, \u00e0 l\u2019image de sa prestation de patron contre Montpellier ce samedi (26-23)\n                    <\/p>\n<p>\u00ab\u00a0On se fait une frayeur encore une fois, pointe Arnaud Erbinartegaray. On s\u2019\u00e9tait dit qu\u2019on ne voulait pas \u00e0 nouveau jeter la pi\u00e8ce en l\u2019air \u00e0 la maison. Mais c\u2019\u00e9tait le cas, et elle est retomb\u00e9e de notre c\u00f4t\u00e9.\u00a0\u00bb Les Ciel et Blanc se sont laiss\u00e9s emmener dans le money time presque seuls. Apr\u00e8s avoir eu les cartes et le match bien en main.<\/p>\n<p>Le d\u00e9marrage \u00e9tait rat\u00e9, c\u2019est vrai. Un ballon haut b\u00e9gay\u00e9 par Tiberghien qui conc\u00e9dait la touche, une mont\u00e9e \u00e0 contretemps de Machenaud et un essai de N\u2019Gandebe. Jean-Dauger n\u2019a m\u00eame pas le temps de s\u2019inqui\u00e9ter. Ses prot\u00e9g\u00e9s n\u2019avaient besoin que d\u2019\u00eatre r\u00e9veill\u00e9s. Deux essais assez g\u00e9niaux de Maqala, absent \u00ab\u00a0surprise\u00a0\u00bb de la premi\u00e8re journ\u00e9e, puis Capilla, et les Bayonnais \u00e9taient devant (14-7, 21e). Tout leur souriait alors.<\/p>\n<blockquote><p>\u00ab\u00a0Les ann\u00e9es pr\u00e9c\u00e9dentes, on aurait tap\u00e9 contre la porte. Notre devise est\u00a0: qui ose, gagne. On n\u2019est pas all\u00e9s le chercher\u00a0\u00bb<\/p><\/blockquote>\n<p>Les impacts, le pied, la m\u00eal\u00e9e, malgr\u00e9 un d\u00e9but de p\u00e9nurie chez l<a href=\"https:\/\/www.sudouest.fr\/sport\/rugby\/aviron-bayonnais\/aviron-bayonnais-tagi-blesse-maqala-et-fischer-titulaires-face-a-montpellier-25882947.php\" rel=\"nofollow noopener\" target=\"_blank\">es piliers avec les absences de Tatafu et Tagi.<\/a> Bordelai et Setiano, qui a jou\u00e9 les 80 minutes, ont tenu la baraque. \u00ab\u00a0Pour un pilier droit, rester 80 minutes sur un terrain\u2026 On sait qu\u2019il va peut-\u00eatre le payer plus tard. Mais il faut le f\u00e9liciter\u00a0\u00bb, insiste Gr\u00e9gory Patat. Dans le pack montpelli\u00e9rain, Verhaeghe recevait m\u00eame un jaune pour un d\u00e9blayage tr\u00e8s haut sur Capilla.<\/p>\n<p>Sc\u00e9nario r\u00e9p\u00e9titif<\/p>\n<p>Et puis patatras. Comme souvent la saison derni\u00e8re, l\u2019Aviron a eu du mal \u00e0 ressortir des vestiaires. De la facilit\u00e9\u00a0? Plut\u00f4t de la f\u00e9brilit\u00e9. \u00ab\u00a0On a une m\u00eal\u00e9e \u00e0 la 50e minute, qui est le r\u00e9sum\u00e9 du match\u00a0\u00bb, estime le manager ciel et blanc, qui regrette les choix effectu\u00e9s, alors que la premi\u00e8re ligne montpelli\u00e9raine \u00e9tait p\u00e9nalis\u00e9e. \u00ab\u00a0On prend m\u00eal\u00e9e, on reprend m\u00eal\u00e9e et on prend les trois points. Les ann\u00e9es pr\u00e9c\u00e9dentes, on aurait tap\u00e9 contre la porte, on serait all\u00e9s en p\u00e9naltouche. Aujourd\u2019hui, je trouvais qu\u2019on avait du mal \u00e0 se situer par rapport \u00e0 \u00e7a. Notre devise est\u00a0: qui ose, gagne. On n\u2019est pas all\u00e9s le chercher.\u00a0\u00bb<\/p>\n<p>En dilettante, Bayonne a vu le MHR venir lui souffler dans la nuque, malgr\u00e9 les quatre \u00e9checs au pied de l\u2019ouvreur Miotti. Avant de recoller \u00e0 dix minutes du terme, quand Tolofua sanctionnait logiquement sur maul (23-23, 68e). Alors les Basques ont refait le coup de la saison derni\u00e8re, <a href=\"https:\/\/www.sudouest.fr\/sport\/rugby\/top14\/top-14-les-bayonnais-ont-joue-leur-scenario-prefere-21569841.php\" target=\"_blank\" rel=\"follow nofollow noopener\">quand ils avaient coiff\u00e9 Montpellier sur le poteau lors de la 4e journ\u00e9e (28-27)<\/a>. Cette fois, c\u2019est par une derni\u00e8re p\u00e9nalit\u00e9 de Segonds qu\u2019ils ont d\u00e9go\u00fbt\u00e9 Joan Caudullo (26-23, 77e). \u00ab\u00a0\u00c7a fait deux fois ici. \u00c7a se r\u00e9p\u00e8te un petit peu trop, grince le technicien h\u00e9raultais. La r\u00e9currence, c\u2019est qu\u2019on est responsables. Et je suis responsable.\u00a0\u00bb<\/p>\n<p>Quinze victoires de suite<\/p>\n<p>Jean-Dauger peut respirer\u00a0: la maison ne tombera pas d\u00e8s la premi\u00e8re r\u00e9ception. Mieux, l\u2019invincibilit\u00e9 \u00e0 domicile se poursuit, avec un 15e succ\u00e8s en Top 14, s\u00e9rie en cours. Cela ne doit pas faire perdre de vue que les points \u00e0 corriger sont nombreux. La touche, la discipline, la constance. \u00ab\u00a0Il le faut, parce qu\u2019on a des gros rendez-vous qui nous attendent, souligne Erbinartegaray. Je pense qu\u2019on doit ma\u00eetriser plus nos possessions. On se dit des choses qu\u2019on ne fait pas forc\u00e9ment, alors que la semaine, c\u2019est fluide. Il y a eu vraiment des bonnes choses aujourd\u2019hui, mais des fois un peu moins. Il va falloir travailler l\u00e0-dessus.\u00a0\u00bb<\/p>\n<p>\u00ab\u00a0Mais je pr\u00e9f\u00e8re travailler avec huit points qu\u2019avec quatre ou z\u00e9ro. C\u2019est plus facile quand tu rentres le lundi\u00a0\u00bb, encha\u00eene Gr\u00e9gory Patat. Un d\u00e9but de semaine d\u00e9j\u00e0 tourn\u00e9 vers le d\u00e9placement \u00e0 Castres, samedi prochain (16\u00a0h\u00a035). Avec sans doute d\u00e9j\u00e0 en t\u00eate les r\u00e9ceptions de Toulon puis Toulouse. Tu parles de gros rendez-vous.<\/p>\n<p>    Le contrat de Patat<br \/>\nLe dossier \u00e9tait cens\u00e9 \u00eatre clos. Visiblement, il ne l\u2019est toujours pas compl\u00e8tement. Il y a bient\u00f4t deux semaines, \u00ab\u00a0Sud Ouest\u00a0\u00bb r\u00e9v\u00e9lait qu\u2019un accord avait \u00e9t\u00e9 trouv\u00e9 entre Gr\u00e9gory Patat et le pr\u00e9sident bayonnais Philippe Tayeb concernant la prolongation du manager. Mais ce samedi, le contrat n\u2019\u00e9tait toujours pas sign\u00e9. \u00ab\u00a0C\u2019est en cours\u00a0\u00bb, s\u2019est content\u00e9 de r\u00e9pondre le technicien. D\u00e9cid\u00e9ment.<\/p>\n<p>    Les notes<br \/>\n<strong>4\/10<\/strong> Tiberghien, Machenaud, Spring, Tuilagi<br \/><strong>5\/10<\/strong> Iturria, Setiano, Habel-K\u00fcffner, Heguy, Fischer<br \/><strong>6\/10<\/strong> Segonds, Bruni, Bosch, Erbinartegaray, Moon<br \/><strong>7\/10<\/strong> Capilla, Maqala, Bordelai<\/p>\n<p>        <img decoding=\"async\" id=\"25911592\" src=\"https:\/\/www.europesays.com\/fr\/wp-content\/uploads\/2025\/09\/bay-mtp.jpg\" itemprop=\"contentURL\"\/><\/p>\n","protected":false},"excerpt":{"rendered":"Pour le contenu et la ma\u00eetrise, on repassera. Mais l\u2019important n\u2019est pas l\u00e0, \u00ab\u00a0c\u2019est les huit points\u00a0\u00bb, comme&hellip;\n","protected":false},"author":2,"featured_media":388886,"comment_status":"","ping_status":"","sticky":false,"template":"","format":"standard","meta":{"footnotes":""},"categories":[9599],"tags":[1111,11,1777,674,1011,27,2208,12,2680,25],"class_list":{"0":"post-388885","1":"post","2":"type-post","3":"status-publish","4":"format-standard","5":"has-post-thumbnail","7":"category-montpellier","8":"tag-actu","9":"tag-actualites","10":"tag-eu","11":"tag-europe","12":"tag-fr","13":"tag-france","14":"tag-montpellier","15":"tag-news","16":"tag-occitanie","17":"tag-republique-francaise"},"share_on_mastodon":{"url":"https:\/\/pubeurope.com\/@fr\/115199398988150623","error":""},"_links":{"self":[{"href":"https:\/\/www.europesays.com\/fr\/wp-json\/wp\/v2\/posts\/388885","targetHints":{"allow":["GET"]}}],"collection":[{"href":"https:\/\/www.europesays.com\/fr\/wp-json\/wp\/v2\/posts"}],"about":[{"href":"https:\/\/www.europesays.com\/fr\/wp-json\/wp\/v2\/types\/post"}],"author":[{"embeddable":true,"href":"https:\/\/www.europesays.com\/fr\/wp-json\/wp\/v2\/users\/2"}],"replies":[{"embeddable":true,"href":"https:\/\/www.europesays.com\/fr\/wp-json\/wp\/v2\/comments?post=388885"}],"version-history":[{"count":0,"href":"https:\/\/www.europesays.com\/fr\/wp-json\/wp\/v2\/posts\/388885\/revisions"}],"wp:featuredmedia":[{"embeddable":true,"href":"https:\/\/www.europesays.com\/fr\/wp-json\/wp\/v2\/media\/388886"}],"wp:attachment":[{"href":"https:\/\/www.europesays.com\/fr\/wp-json\/wp\/v2\/media?parent=388885"}],"wp:term":[{"taxonomy":"category","embeddable":true,"href":"https:\/\/www.europesays.com\/fr\/wp-json\/wp\/v2\/categories?post=388885"},{"taxonomy":"post_tag","embeddable":true,"href":"https:\/\/www.europesays.com\/fr\/wp-json\/wp\/v2\/tags?post=388885"}],"curies":[{"name":"wp","href":"https:\/\/api.w.org\/{rel}","templated":true}]}}