{"id":388887,"date":"2025-09-13T22:42:28","date_gmt":"2025-09-13T22:42:28","guid":{"rendered":"https:\/\/www.europesays.com\/fr\/388887\/"},"modified":"2025-09-13T22:42:28","modified_gmt":"2025-09-13T22:42:28","slug":"hockey-sur-glace-rouen-4","status":"publish","type":"post","link":"https:\/\/www.europesays.com\/fr\/388887\/","title":{"rendered":"Hockey sur glace &#8211; Rouen"},"content":{"rendered":"<p>Le RHE lance id\u00e9alement sa saison 2025-2026 en dominant Gap (4-1) lors de l\u2019ouverture de la ligue Magnus. Avec quatre arri\u00e8res de m\u00e9tier seulement, malgr\u00e9 leur volont\u00e9 de bien d\u00e9fendre les Gapen\u00e7ais ont trop subit. Sans r\u00e9ussir \u00e0 se projeter et \u00e0 trop peu attaquer la cage. Les visiteurs ne pouvait pas rivaliser. Pour les Rouennais, cette victoire marque un d\u00e9part r\u00e9ussi. La soir\u00e9e en l\u2019honneur du pr\u00e9sident b\u00e2tisseur des Dragons \u00ab\u00a0n\u00e9s pour gagn\u00e9s\u00a0\u00bb, Thierry Chaix. d\u00e9marrait bien. A la t\u00eate du RHE76 depuis 30 ans, \u00ab\u00a0ses\u00a0\u00bb Dragons ont soulev\u00e9 18 coupes Magnus dans le m\u00eame temps.<\/p>\n<p><img fetchpriority=\"high\" decoding=\"async\" class=\"size-full wp-image-20286102\" src=\"data:image\/svg+xml,%3Csvg%20xmlns=\" http:=\"\" alt=\"ill rouen gap 20250912053\" width=\"752\" height=\"502\" data-lazy- data-lazy- data-lazy-src=\"https:\/\/www.europesays.com\/fr\/wp-content\/uploads\/2025\/09\/ill-rouen-gap-20250912053.jpg\"\/>ill rouen gap 20250912053<\/p>\n<p>Apr\u00e8s une ann\u00e9e compliqu\u00e9e, le RHE avait \u00e0 c\u0153ur de se relancer sur de bonnes bases, comme Gap esp\u00e9rait lui aussi rompre avec ses d\u00e9boires l\u2019engluant tout au fond de la ligue. Finalement, c\u2019est le moins embourb\u00e9s, Rouen, qui a fait la diff\u00e9rence : 37 tirs cadr\u00e9s, 8 chances de marquer et 4 buts inscrits contre 21 lancers, 5 opportunit\u00e9s et un maigre bien que joli but. Insuffisant pour ce Gap, bien trop tendre et trop affaibli par l\u2019absence d\u2019un bloc tout entier, reparti bredouille de l\u2019\u00eele Lacroix.<\/p>\n<p><img loading=\"lazy\" decoding=\"async\" class=\"size-full wp-image-20286106\" src=\"data:image\/svg+xml,%3Csvg%20xmlns=\" http:=\"\" alt=\"ill rouen gap 20250912120\" width=\"752\" height=\"502\" data-lazy- data-lazy- data-lazy-src=\"https:\/\/www.europesays.com\/fr\/wp-content\/uploads\/2025\/09\/ill-rouen-gap-20250912120.jpg\"\/>ill rouen gap 20250912120<\/p>\n<p>Mac Carruth est cr\u00e9dit\u00e9 de plus 95,2% d\u2019arr\u00eat. Le gardien recrue est toujours rest\u00e9 concentr\u00e9 malgr\u00e9 une soir\u00e9e bien calme autour de sa cage. Peu sollicit\u00e9 dans les quarante premi\u00e8res minutes, presque \u00e0 froid, il a \u00e9cart\u00e9 une possibilit\u00e9 d\u2019\u00e9galiser de Paul Cerda dans le premier tiers (11\u201947). Il a vol\u00e9 un but face au tir d\u2019Orlov trouv\u00e9 au second poteau par Gagnon d\u2019une superbe longue passe en fin de deuxi\u00e8me acte (38\u201909). L\u2019Am\u00e9ricain de 33 ans, a eu plus de travail dans la derni\u00e8re p\u00e9riode. Il a gagn\u00e9, en deux temps, son duel avec Siraudin (46\u201912). Il a aussi repouss\u00e9 un envoi du revers de Thillet (47\u201905) et autant \u00e9cart\u00e9 un petit lancer adress\u00e9 par Langlais s\u2019\u00e9tant bien faufil\u00e9 en haut de l\u2019enclave (51\u201945). Surtout il est rest\u00e9 vierge sur les deux inf\u00e9riorit\u00e9s de son \u00e9quipe.<\/p>\n<p><img loading=\"lazy\" decoding=\"async\" class=\"size-full wp-image-20286100\" src=\"data:image\/svg+xml,%3Csvg%20xmlns=\" http:=\"\" alt=\"ill rouen gap 20250912027\" width=\"752\" height=\"502\" data-lazy- data-lazy- data-lazy-src=\"https:\/\/www.europesays.com\/fr\/wp-content\/uploads\/2025\/09\/ill-rouen-gap-20250912027.jpg\"\/>ill rouen gap 20250912027<\/p>\n<p>Devant lui, Holway et Chakiachvili ont \u00e9t\u00e9 les d\u00e9fenseurs les plus remarqu\u00e9s. En plus de sa passe compl\u00e9t\u00e9e, l\u2019arri\u00e8re Am\u00e9ricain s\u2019est vu refus\u00e9 un but automatique apr\u00e8s visionnage. Son bin\u00f4me, a obtenu deux assistances.<br \/>James Phelan et sa (ses) ligne(s) se sont mis en avant. En pivotant, l\u2019ex-Ami\u00e9nois a d\u2019abord aid\u00e9 Dylan Yeo \u00e0 ouvrir le score des poignets \u00e0 mi-distance (1-0 \u00e0 10\u201956). Ensuite, il a conclu une offrande de Regush dans une cage ouverte (3-0 \u00e0 29\u201933). Peu apr\u00e8s, son power trio s\u2019est cr\u00e9e une chance via Perret (33\u201945). Enfin, le Qu\u00e9b\u00e9cois de 28 ans a prot\u00e9g\u00e9 Nesa d\u2019une rixe contre Gagnon, l\u2019imposant boss de la d\u00e9fense Gapen\u00e7aise (49\u201937).<\/p>\n<p><img loading=\"lazy\" decoding=\"async\" class=\"size-full wp-image-20286109\" src=\"data:image\/svg+xml,%3Csvg%20xmlns=\" http:=\"\" alt=\"ill rouen gap 20250912273\" width=\"752\" height=\"502\" data-lazy- data-lazy- data-lazy-src=\"https:\/\/www.europesays.com\/fr\/wp-content\/uploads\/2025\/09\/ill-rouen-gap-20250912273.jpg\"\/>ill rouen gap 20250912273<\/p>\n<p>Dommage que la quatri\u00e8me ligne rouennais n\u2019ai pas eu de chance lors d\u2019un mauvais rebond dans la bande entre Schmitt et Avonde. Joan Cerda en a profit\u00e9. En attaquant la cage, l\u2019Espagnol a surpris Carruth au-dessus de son \u00e9paule droite. Jusque l\u00e0, le trio num\u00e9ro quatre avait \u00e9t\u00e9 autre chose qu\u2019une ligne d\u2019appoint gr\u00e2ce \u00e0 Johan\u00e8s Avonde. Le jeune ailier signe son retour par un but, trouv\u00e9 seul devant Zimmermann par Nesa(4-0 \u00e0 42\u201949) [photo ci-dessous]. Avonde aura aussi une belle occasion quelques minutes plus tard (45\u201958). Apr\u00e8s le d\u00e9part de Delvaille, moins en accord avec le r\u00f4le que le staff rouennais voulait lui confier, l\u2019ex-Nantais est finalement parti rechercher du temps de glace au HCMP en division 1. Alors Marc-Andr\u00e9 Thinel a conclu le retour du natif de Mont-Saint-Aignan qui avait pourtant sign\u00e9 \u00e0 Meudon pendant l\u2019intersaison.<\/p>\n<p><img loading=\"lazy\" decoding=\"async\" class=\"size-full wp-image-20286107\" src=\"data:image\/svg+xml,%3Csvg%20xmlns=\" http:=\"\" alt=\"ill rouen gap 20250912187\" width=\"752\" height=\"502\" data-lazy- data-lazy- data-lazy-src=\"https:\/\/www.europesays.com\/fr\/wp-content\/uploads\/2025\/09\/ill-rouen-gap-20250912187.jpg\"\/>ill rouen gap 20250912187<\/p>\n<p>Malgr\u00e9 sept occasions \u00e0 elles deux, les deux premi\u00e8res lignes normandes n\u2019ont pas marqu\u00e9 \u00e0 cinq contre cinq. Cependant, la premi\u00e8re escouade a rempli son contrat en sup\u00e9riorit\u00e9. Elle a fait le break et inscrit finalement le but gagnant. Install\u00e9 dans le cercle gauche, Gresock a eu tout le temps n\u00e9cessaire pour viser le haut des filets de Zimmermann (2-0 \u00e0 16\u201931).<\/p>\n<p><img loading=\"lazy\" decoding=\"async\" class=\"size-full wp-image-20286103\" src=\"data:image\/svg+xml,%3Csvg%20xmlns=\" http:=\"\" alt=\"ill rouen gap 20250912064\" width=\"752\" height=\"502\" data-lazy- data-lazy- data-lazy-src=\"https:\/\/www.europesays.com\/fr\/wp-content\/uploads\/2025\/09\/ill-rouen-gap-20250912064.jpg\"\/>ill rouen gap 20250912064<\/p>\n<p>Lors de la deuxi\u00e8me journ\u00e9e, Gap, sur sa glace, devra faire face \u00e0 un autre pr\u00e9tendant aux play-offs, Marseille. Quand \u00e0 Rouen, il se d\u00e9placera jusqu\u2019\u00e0 Bordeaux pour jouer contre des Boxers sans doute revanchards apr\u00e8s leur lourde d\u00e9faite subie \u00e0 Grenoble.<br \/>Avant cela, le nouveau pr\u00e9sident Ga\u00ebtan Muller, l\u2019ensemble de la patinoire, en pr\u00e9sence, entre autre, du maire de Rouen et pr\u00e9sident de la M\u00e9tropole Rouen Normandie, Nicolas Mayer Rossignol et du pr\u00e9sident de l\u2019IIHF, Luc Tardif, rendent un chaleureux hommage \u00e0 Thierry Chaix dont le maillot de joueur (du feu RHC) est retir\u00e9. Un sacr\u00e9 clin d\u2019oeil pour celui qui a toujours privil\u00e9gi\u00e9 le club, l\u2019institution RHE au d\u00e9triment de toute autre consid\u00e9ration. Les hommes passent le club reste. La premi\u00e8re \u00e9l\u00e9vation de maillot dans la patinoire P\u00e9chalat. La derni\u00e8re (?) tant l\u2019ouvrage, sobre et solide, humain et sportif du d\u00e9sormais ex-pr\u00e9sident pourra difficilement \u00eatre \u00e9gal\u00e9e.<\/p>\n<p><img loading=\"lazy\" decoding=\"async\" class=\"size-full wp-image-20286098\" src=\"data:image\/svg+xml,%3Csvg%20xmlns=\" http:=\"\" alt=\"ill rouen gap 20250912332\" width=\"752\" height=\"502\" data-lazy- data-lazy- data-lazy-src=\"https:\/\/www.europesays.com\/fr\/wp-content\/uploads\/2025\/09\/ill-rouen-gap-20250912332.jpg\"\/>ill rouen gap 20250912332<\/p>\n<p><strong>Commentaires (dans Paris-Normandie):<\/strong><br \/><strong>Carl Mallette<\/strong> (coach de Rouen) : \u00ab Je crois qu\u2019on a jou\u00e9 un tr\u00e8s bon match dans l\u2019ensemble. D\u00e8s le d\u00e9part. \u00c7a a \u00e9t\u00e9 long avant qu\u2019on marque un but mais on est rest\u00e9 concentr\u00e9. On a respect\u00e9 le plan de match. C\u2019est une belle victoire d\u2019\u00e9quipe. Je suis tr\u00e8s satisfait de ce premier match. On aurait pu marquer plus de buts, le score aurait pu \u00eatre plus s\u00e9v\u00e8re, mais le gardien en face a \u00e9t\u00e9 tr\u00e8s bon. \u00bb\u00a0<\/p>\n<p>Rouen \u2013 Gap: 4-1 (2-0, 1-0, 1-1)<br \/>Vendredi 12 septembre 2025 \u00e0 20h00, \u00e0 la patinoire Nathalie Pechalat.<br \/>Arbitres : Rayan Bernoussi et Cyril Debuche assist\u00e9s de Quentin Cady et Joffrey Yssembourg<br \/>P\u00e9nalit\u00e9s : Rouen 9\u2032 (0\u2032, 2\u2032, 2+5\u2032) ; Gap 13\u2032 (4\u2032, 2\u2032, 2+5\u2032)<br \/>Sup\u00e9riorit\u00e9s : Rouen 1\/4 ; Gap 0\/2<\/p>\n<p>\u00c9volution du score :<br \/>1-0 \u00e0 10\u201956 : Yeo assist\u00e9 de Phelan et Lamp\u00e9rier<br \/>2-0 \u00e0 16\u201931 : Gresock assist\u00e9 de Chakiachvili et Regush (sup.num.)<br \/>3-0 \u00e0 29\u201933 : Phelan assist\u00e9 de Holway et Regush<br \/>4-0 \u00e0 42\u201949 : Avonde assist\u00e9 de Nesa et Chakiachvili<br \/>4-1 \u00e0 53\u201904 : Cerda J. assist\u00e9 de Ten Braak<\/p>\n<p>Rouen<\/p>\n<p>Attaquants:<br \/>Anthony Rech \u2013 Michael Regush \u2013 Chase Gresock<br \/>Simon Lafrance \u2013 Julien Tessier \u2013 Tomas Simonsen<br \/>Lo\u00efc Lamp\u00e9rier (C) \u2013 James Phelan \u2013 Tommy Perret<br \/>Vincent Nesa \u2013 Robin Colomban \u2013 Johan\u00e8s Avonde<\/p>\n<p>Arri\u00e8res:<br \/>Florian Chakiachvili (A) \u2013 Patrick Holway<br \/>Pier-Olivier Roy \u2013 Gustav Bouramman<br \/>Dylan Yeo (A) \u2013 Charles Schmitt<\/p>\n<p>Gardien:<br \/>Mac Carruth (20 arr\u00eats)<\/p>\n<p>Rempla\u00e7ant : Lucas Mugnier (G). Absents : Rolands Vigners (?), Arthur Delvaille (parti), Matt\u00e9o Perdrix et Arthur Daubeuf<\/p>\n<p>Gap<\/p>\n<p>Attaquants :<br \/>Dimitri Thillet (A) \u2013 Anthony Poulin \u2013 Luke Santerno<br \/>Paul Siraudin \u2013 Radim Matus (A) \u2013 Daniels Murnieks<br \/>Joan Cerda \u2013 Rapha\u00ebl Chauvel \u2013 Maxime Orlov<br \/>Paul Cerda<\/p>\n<p>Arri\u00e8res :<br \/>Bryan Ten Braak \u2013 Ryan Gagnon<br \/>Corentin Cruchandeau \u2013 Chad Langlais (C)<br \/>Niklas Terglav \u2013 Bastien Lemaitre<\/p>\n<p>Gardien :<br \/>Max Zimmermann (33 arr\u00eats)<\/p>\n<p>Rempla\u00e7ant : Gaetan Richard (G) Absents : Aur\u00e9lien Dorey, Paul Nassivet et Teemu Pulkinen (bless\u00e9s), Mathieu Desgagn\u00e9s et Olivier Dame-Malka (d\u00e9parts).<\/p>\n<p><img loading=\"lazy\" decoding=\"async\" class=\"size-full wp-image-20286104\" src=\"data:image\/svg+xml,%3Csvg%20xmlns=\" http:=\"\" alt=\"ill rouen gap 20250912069\" width=\"752\" height=\"502\" data-lazy- data-lazy- data-lazy-src=\"https:\/\/www.europesays.com\/fr\/wp-content\/uploads\/2025\/09\/ill-rouen-gap-20250912069.jpg\"\/>ill rouen gap 20250912069<br \/>\n<img loading=\"lazy\" decoding=\"async\" class=\"size-full wp-image-20286108\" src=\"data:image\/svg+xml,%3Csvg%20xmlns=\" http:=\"\" alt=\"ill rouen gap 20250912200\" width=\"754\" height=\"504\" data-lazy- data-lazy- data-lazy-src=\"https:\/\/www.europesays.com\/fr\/wp-content\/uploads\/2025\/09\/ill-rouen-gap-20250912200.jpg\"\/>ill rouen gap 20250912200<br \/>\n<img loading=\"lazy\" decoding=\"async\" class=\"size-full wp-image-20286105\" src=\"data:image\/svg+xml,%3Csvg%20xmlns=\" http:=\"\" alt=\"ill rouen gap 20250912102\" width=\"752\" height=\"502\" data-lazy- data-lazy- data-lazy-src=\"https:\/\/www.europesays.com\/fr\/wp-content\/uploads\/2025\/09\/ill-rouen-gap-20250912102.jpg\"\/>ill rouen gap 20250912102<br \/>\n<img loading=\"lazy\" decoding=\"async\" class=\"size-full wp-image-20286101\" src=\"data:image\/svg+xml,%3Csvg%20xmlns=\" http:=\"\" alt=\"ill rouen gap 20250912043\" width=\"752\" height=\"502\" data-lazy- data-lazy- data-lazy-src=\"https:\/\/www.europesays.com\/fr\/wp-content\/uploads\/2025\/09\/ill-rouen-gap-20250912043.jpg\"\/>ill rouen gap 20250912043<br \/>\n<img loading=\"lazy\" decoding=\"async\" class=\"size-full wp-image-20286095\" src=\"data:image\/svg+xml,%3Csvg%20xmlns=\" http:=\"\" alt=\"ill rouen gap 20250912306\" width=\"752\" height=\"502\" data-lazy- data-lazy- data-lazy-src=\"https:\/\/www.europesays.com\/fr\/wp-content\/uploads\/2025\/09\/ill-rouen-gap-20250912306.jpg\"\/>ill rouen gap 20250912306<br \/>\n<img loading=\"lazy\" decoding=\"async\" class=\"size-full wp-image-20286096\" src=\"data:image\/svg+xml,%3Csvg%20xmlns=\" http:=\"\" alt=\"ill rouen gap 20250912318\" width=\"752\" height=\"501\" data-lazy- data-lazy- data-lazy-src=\"https:\/\/www.europesays.com\/fr\/wp-content\/uploads\/2025\/09\/ill-rouen-gap-20250912318.jpg\"\/>ill rouen gap 20250912318<br \/>\n<img loading=\"lazy\" decoding=\"async\" class=\"size-full wp-image-20286097\" src=\"data:image\/svg+xml,%3Csvg%20xmlns=\" http:=\"\" alt=\"ill rouen gap 20250912324\" width=\"752\" height=\"502\" data-lazy- data-lazy- data-lazy-src=\"https:\/\/www.europesays.com\/fr\/wp-content\/uploads\/2025\/09\/ill-rouen-gap-20250912324.jpg\"\/>ill rouen gap 20250912324<br \/>\n<img loading=\"lazy\" decoding=\"async\" class=\"size-full wp-image-20286099\" src=\"data:image\/svg+xml,%3Csvg%20xmlns=\" http:=\"\" alt=\"ill rouen gap 20250912336\" width=\"752\" height=\"502\" data-lazy- data-lazy- data-lazy-src=\"https:\/\/www.europesays.com\/fr\/wp-content\/uploads\/2025\/09\/ill-rouen-gap-20250912336.jpg\"\/>ill rouen gap 20250912336<\/p>\n","protected":false},"excerpt":{"rendered":"Le RHE lance id\u00e9alement sa saison 2025-2026 en dominant Gap (4-1) lors de l\u2019ouverture de la ligue Magnus.&hellip;\n","protected":false},"author":2,"featured_media":388888,"comment_status":"","ping_status":"","sticky":false,"template":"","format":"standard","meta":{"footnotes":""},"categories":[9587],"tags":[1111,11,1777,674,1011,27,12,5161,25,9590],"class_list":{"0":"post-388887","1":"post","2":"type-post","3":"status-publish","4":"format-standard","5":"has-post-thumbnail","7":"category-rouen","8":"tag-actu","9":"tag-actualites","10":"tag-eu","11":"tag-europe","12":"tag-fr","13":"tag-france","14":"tag-news","15":"tag-normandie","16":"tag-republique-francaise","17":"tag-rouen"},"share_on_mastodon":{"url":"https:\/\/pubeurope.com\/@fr\/115199406453077560","error":""},"_links":{"self":[{"href":"https:\/\/www.europesays.com\/fr\/wp-json\/wp\/v2\/posts\/388887","targetHints":{"allow":["GET"]}}],"collection":[{"href":"https:\/\/www.europesays.com\/fr\/wp-json\/wp\/v2\/posts"}],"about":[{"href":"https:\/\/www.europesays.com\/fr\/wp-json\/wp\/v2\/types\/post"}],"author":[{"embeddable":true,"href":"https:\/\/www.europesays.com\/fr\/wp-json\/wp\/v2\/users\/2"}],"replies":[{"embeddable":true,"href":"https:\/\/www.europesays.com\/fr\/wp-json\/wp\/v2\/comments?post=388887"}],"version-history":[{"count":0,"href":"https:\/\/www.europesays.com\/fr\/wp-json\/wp\/v2\/posts\/388887\/revisions"}],"wp:featuredmedia":[{"embeddable":true,"href":"https:\/\/www.europesays.com\/fr\/wp-json\/wp\/v2\/media\/388888"}],"wp:attachment":[{"href":"https:\/\/www.europesays.com\/fr\/wp-json\/wp\/v2\/media?parent=388887"}],"wp:term":[{"taxonomy":"category","embeddable":true,"href":"https:\/\/www.europesays.com\/fr\/wp-json\/wp\/v2\/categories?post=388887"},{"taxonomy":"post_tag","embeddable":true,"href":"https:\/\/www.europesays.com\/fr\/wp-json\/wp\/v2\/tags?post=388887"}],"curies":[{"name":"wp","href":"https:\/\/api.w.org\/{rel}","templated":true}]}}