{"id":388889,"date":"2025-09-13T22:44:33","date_gmt":"2025-09-13T22:44:33","guid":{"rendered":"https:\/\/www.europesays.com\/fr\/388889\/"},"modified":"2025-09-13T22:44:33","modified_gmt":"2025-09-13T22:44:33","slug":"bloquons-tout-la-mobilisation-en-baisse-a-grenoble-ce-samedi","status":"publish","type":"post","link":"https:\/\/www.europesays.com\/fr\/388889\/","title":{"rendered":"Bloquons tout\u00a0: la mobilisation en baisse \u00e0 Grenoble ce samedi"},"content":{"rendered":"<p>Apr\u00e8s une mobilisation impressionnante \u00e0 Grenoble mercredi 10 septembre, le mouvement \u00ab\u00a0Bloquons tout\u00a0\u00bb s&rsquo;est essouffl\u00e9 ce samedi 13 septembre \u00e0 Grenoble o\u00f9 la manifestation a rassembl\u00e9 un millier de personnes sous la pluie<\/p>\n<p>La mobilisation \u00ab\u00a0Bloquons-tout\u00a0\u00bb est en <strong>nette baisse<\/strong> dans la capitale des Alpes par rapport \u00e0 <a class=\"IciLink ici-link IciArticleLink g-ici-body-regular-1 underline brand svelte-lu7k6w\" href=\"https:\/\/www.francebleu.fr\/infos\/societe\/direct-bloquons-tout-suivez-la-mobilisation-en-isere-1837041\" rel=\"nofollow noopener\" target=\"_blank\">mercredi dernier<\/a>, date \u00e0 laquelle le mouvement, n\u00e9 sur les r\u00e9seaux sociaux, avait rassembl\u00e9 <strong>11 000 personnes selon la pr\u00e9fecture et 12 500 selon la CGT<\/strong>. Les parapluies \u00e9taient de sortie pour cette nouvelle manifestation, ce qui explique en partie la mobilisation en baisse,\u00a0<strong>1 500 personnes selon les organisateurs<\/strong>.<\/p>\n<p>Une mobilisation pour faire le lien entre le 10 et 18 septembre<\/p>\n<p>Mais pour les ces derniers, l&rsquo;essentiel est ailleurs que dans le nombre, l&rsquo;id\u00e9e est d&rsquo;occuper le terrain. Les manifestants qui d\u00e9ambulaient dans les rues grenobloises ce samedi ne d\u00e9col\u00e8rent pas contre le Pr\u00e9sident de la R\u00e9publique, Emmanuel Macron, et la <strong>nomination du nouveau Premier ministre, S\u00e9bastien Lecornu<\/strong>, qui est l&rsquo;un des plus proches du chef de l&rsquo;Etat.<\/p>\n<p>Pour continuer de se mobiliser, les gr\u00e9vistes se donnent d\u00e9j\u00e0 <strong>rendez vous jeudi pour une nouvelle journ\u00e9e de gr\u00e8ve dans tout le pays, \u00e0 l&rsquo;appel de l&rsquo;intersyndicale<\/strong>. C&rsquo;\u00e9tait d&rsquo;ailleurs l&rsquo;objectif de cette journ\u00e9e organis\u00e9e \u00e0 Grenoble\u00a0: faire le lien entre le 10 et 18 septembre pour rester mobilis\u00e9.<\/p>\n<p><img loading=\"lazy\" decoding=\"async\" class=\"VisualPreview svelte-1rldrkz\" src=\"data:image\/jpeg;base64,\/9j\/2wBDACgcHiMeGSgjISMtKygwPGRBPDc3PHtYXUlkkYCZlo+AjIqgtObDoKrarYqMyP\/L2u71\/\/\/\/m8H\/\/\/\/6\/+b9\/\/j\/2wBDASstLTw1PHZBQXb4pYyl+Pj4+Pj4+Pj4+Pj4+Pj4+Pj4+Pj4+Pj4+Pj4+Pj4+Pj4+Pj4+Pj4+Pj4+Pj4+Pj4+Pj\/wAARCAAfACoDASIAAhEBAxEB\/8QAFwABAQEBAAAAAAAAAAAAAAAAAQADAv\/EABcQAQEBAQAAAAAAAAAAAAAAAAAREgH\/xAAWAQEBAQAAAAAAAAAAAAAAAAABAAL\/xAAVEQEBAAAAAAAAAAAAAAAAAAAAEf\/aAAwDAQACEQMRAD8ADXNFCac6dM6tItNLTLQ0iRUOllUUJIo84cg1\/9k=\" alt=\"Les manifestants ont d\u00e9ambul\u00e9 sous la pluie dans les rues grenobloises.\" width=\"600\" height=\"450\"\/>  Les manifestants ont d\u00e9ambul\u00e9 sous la pluie dans les rues grenobloises. \u00a9 Radio France &#8211; Antonin Kermen<\/p>\n","protected":false},"excerpt":{"rendered":"Apr\u00e8s une mobilisation impressionnante \u00e0 Grenoble mercredi 10 septembre, le mouvement \u00ab\u00a0Bloquons tout\u00a0\u00bb s&rsquo;est essouffl\u00e9 ce samedi 13&hellip;\n","protected":false},"author":2,"featured_media":388890,"comment_status":"","ping_status":"","sticky":false,"template":"","format":"standard","meta":{"footnotes":""},"categories":[9566],"tags":[1111,11,2430,1777,674,1011,27,2731,12,25],"class_list":{"0":"post-388889","1":"post","2":"type-post","3":"status-publish","4":"format-standard","5":"has-post-thumbnail","7":"category-grenoble","8":"tag-actu","9":"tag-actualites","10":"tag-auvergne-rhone-alpes","11":"tag-eu","12":"tag-europe","13":"tag-fr","14":"tag-france","15":"tag-grenoble","16":"tag-news","17":"tag-republique-francaise"},"share_on_mastodon":{"url":"https:\/\/pubeurope.com\/@fr\/115199414330327097","error":""},"_links":{"self":[{"href":"https:\/\/www.europesays.com\/fr\/wp-json\/wp\/v2\/posts\/388889","targetHints":{"allow":["GET"]}}],"collection":[{"href":"https:\/\/www.europesays.com\/fr\/wp-json\/wp\/v2\/posts"}],"about":[{"href":"https:\/\/www.europesays.com\/fr\/wp-json\/wp\/v2\/types\/post"}],"author":[{"embeddable":true,"href":"https:\/\/www.europesays.com\/fr\/wp-json\/wp\/v2\/users\/2"}],"replies":[{"embeddable":true,"href":"https:\/\/www.europesays.com\/fr\/wp-json\/wp\/v2\/comments?post=388889"}],"version-history":[{"count":0,"href":"https:\/\/www.europesays.com\/fr\/wp-json\/wp\/v2\/posts\/388889\/revisions"}],"wp:featuredmedia":[{"embeddable":true,"href":"https:\/\/www.europesays.com\/fr\/wp-json\/wp\/v2\/media\/388890"}],"wp:attachment":[{"href":"https:\/\/www.europesays.com\/fr\/wp-json\/wp\/v2\/media?parent=388889"}],"wp:term":[{"taxonomy":"category","embeddable":true,"href":"https:\/\/www.europesays.com\/fr\/wp-json\/wp\/v2\/categories?post=388889"},{"taxonomy":"post_tag","embeddable":true,"href":"https:\/\/www.europesays.com\/fr\/wp-json\/wp\/v2\/tags?post=388889"}],"curies":[{"name":"wp","href":"https:\/\/api.w.org\/{rel}","templated":true}]}}