{"id":388891,"date":"2025-09-13T22:45:16","date_gmt":"2025-09-13T22:45:16","guid":{"rendered":"https:\/\/www.europesays.com\/fr\/388891\/"},"modified":"2025-09-13T22:45:16","modified_gmt":"2025-09-13T22:45:16","slug":"courage-ou-cest-une-honte-des-automobilistes-freines-par-des-militants-de-bloquons-tout-a-rennes","status":"publish","type":"post","link":"https:\/\/www.europesays.com\/fr\/388891\/","title":{"rendered":"\u00ab\u00a0Courage\u00a0!\u00a0\u00bb ou \u00ab\u00a0C&rsquo;est une honte\u00a0!\u00a0\u00bb : des automobilistes frein\u00e9s par des militants de \u00ab\u00a0Bloquons tout\u00a0\u00bb \u00e0 Rennes"},"content":{"rendered":"<p>Une cinquantaine de manifestants de \u00ab\u00a0Bloquons tout\u00a0\u00bb ont organis\u00e9 un barrage filtrant sur le grand rond-point de Cleunay, \u00e0 l&rsquo;ouest de Rennes, pr\u00e8s de centre E. Leclerc. Certains automobilistes affichent leur soutien en klaxonnant, d&rsquo;autres d\u00e9noncent des actions \u00ab\u00a0honteuses\u00a0\u00bb. <\/p>\n<p>C&rsquo;est le rond-point le plus bloqu\u00e9 ce samedi matin \u00e0 Rennes (Ille-et-Vilaine), parmi les deux autres annonc\u00e9s par le mouvement \u00ab\u00a0Bloquons tout\u00a0\u00bb. Une cinquantaine de manifestants se sont rassembl\u00e9s vers 11 heures, au niveau du rond-point de Cleunay,\u00a0pr\u00e8s de centre E. Leclerc, bloquant la circulant d&rsquo;une centaine d&rsquo;automobilistes, via un barrage filtrant. Une quinzaine de militants \u00e9tait pr\u00e9sents dans le secteur d&rsquo;Alma, une trentaine au niveau de l&rsquo;enseigne de Macdonald&rsquo;s de Grand Quartier au nord de Rennes.<\/p>\n<p>loading<\/p>\n<p>Ils klaxonnent pour soutenir<\/p>\n<p>Certains conducteurs, frein\u00e9s par ces manifestants, ont exprim\u00e9 leur soutien, en klaxonnant, comme Victor. \u00ab\u00a0Courage, il faut continuer \u00e0 se faire entendre et \u00e0 faire bouger des choses\u00a0\u00bb, lance le jeune homme,\u00a0au volant de sa voiture \u00e9lectrique Tesla. Derri\u00e8re lui, une autre automobile de la m\u00eame marque appartenant au tr\u00e8s controvers\u00e9 Elon Musk, se fait railler par une manifestante\u00a0: \u00ab\u00a0Tu as achet\u00e9 une voiture \u00e0 un nazi. Il faut se questionner sur ses choix, et assumer quand on fait une erreur\u00a0\u00bb, lance C\u00e9zambre*, une manifestante, cheveux courts et masque noir sur la bouche. \u00ab\u00a0Il n&rsquo;y a pas de discours tr\u00e8s mature, moi, j&rsquo;ai juste achet\u00e9 une voiture performante, parce que je roule beaucoup\u00a0\u00bb, se d\u00e9fend la conductrice, Marion, buraliste en Ille-et-Vilaine.<\/p>\n<p> \u00ab\u00a0Ils ralentissent un peu la circulation, mais \u00e7a ne fait pas de mal, c&rsquo;est le week-end.\u00a0\u00bb<\/p>\n<p>Parmi la cinquantaine de manifestants pr\u00e9sents, seule Val, du syndicat CGT et de l&rsquo;association f\u00e9ministe \u00ab\u00a0Nous toutes 35\u00a0\u00bb a accept\u00e9 de r\u00e9pondre \u00e0 notre micro. Affubl\u00e9e d&rsquo;un foulard violet, couleur de la cause f\u00e9ministe et d&rsquo;une casquette en jean et paillette, la militante \u00e2g\u00e9e de 29 ans arr\u00eate les automobilistes pour leur donner un tract. \u00ab\u00a0Bonjour, je ne sais pas si vous \u00eates au courant de l&rsquo;actualit\u00e9 politique, s&rsquo;il y a eu des gr\u00e8ves au bureau\u00a0\u00bb, interroge la militante. \u00ab\u00a0Non malheureusement, d\u00e9plore Ana\u00eblle, salari\u00e9e dans une banque bretonne. Il n&rsquo;y a pas eu d&rsquo;action dans mon entreprise, mais j&rsquo;aurais bien aim\u00e9. Je suis sensible \u00e0 l&rsquo;action des manifestants. Ils ralentissent un peu la circulation, mais \u00e7a ne fait pas de mal, on est en week-end.\u00a0\u00bb<\/p>\n<p>loading<\/p>\n<p>\u00ab\u00a0Ils feraient mieux d&rsquo;aller bosser.\u00a0\u00bb<\/p>\n<p>D&rsquo;autres riverains ont une r\u00e9action plus vive, \u00e0 l&rsquo;\u00e9gard des manifestants. Am\u00e9lie* tente de se frayer un chemin sur le rond-point \u00e0 pied, entre les voitures, policiers et voitures \u00e0 l&rsquo;arr\u00eat. \u00ab\u00a0Vous trouvez \u00e7a normal, ces manifestants sur un rond-point. Ils emb\u00eatent ceux qui bossent. Moi, j&rsquo;\u00e9l\u00e8ve ma fille toute seule. Ils feraient mieux d&rsquo;aller bosser. Ce n&rsquo;est pas la France qui se l\u00e8ve t\u00f4t. C&rsquo;est une honte.\u00a0\u00bb Apr\u00e8s une heure blocage, les manifestants ont quitt\u00e9 le rond-point, avant l&rsquo;intervention de la vingtaine de policiers, sans faire de d\u00e9gradation.<\/p>\n<p>*pr\u00e9noms d&#8217;emprunt.<\/p>\n","protected":false},"excerpt":{"rendered":"Une cinquantaine de manifestants de \u00ab\u00a0Bloquons tout\u00a0\u00bb ont organis\u00e9 un barrage filtrant sur le grand rond-point de Cleunay,&hellip;\n","protected":false},"author":2,"featured_media":388892,"comment_status":"","ping_status":"","sticky":false,"template":"","format":"standard","meta":{"footnotes":""},"categories":[2821],"tags":[1111,11,829,1777,674,1011,27,12,584,25],"class_list":{"0":"post-388891","1":"post","2":"type-post","3":"status-publish","4":"format-standard","5":"has-post-thumbnail","7":"category-rennes","8":"tag-actu","9":"tag-actualites","10":"tag-bretagne","11":"tag-eu","12":"tag-europe","13":"tag-fr","14":"tag-france","15":"tag-news","16":"tag-rennes","17":"tag-republique-francaise"},"share_on_mastodon":{"url":"https:\/\/pubeurope.com\/@fr\/115199418287868836","error":""},"_links":{"self":[{"href":"https:\/\/www.europesays.com\/fr\/wp-json\/wp\/v2\/posts\/388891","targetHints":{"allow":["GET"]}}],"collection":[{"href":"https:\/\/www.europesays.com\/fr\/wp-json\/wp\/v2\/posts"}],"about":[{"href":"https:\/\/www.europesays.com\/fr\/wp-json\/wp\/v2\/types\/post"}],"author":[{"embeddable":true,"href":"https:\/\/www.europesays.com\/fr\/wp-json\/wp\/v2\/users\/2"}],"replies":[{"embeddable":true,"href":"https:\/\/www.europesays.com\/fr\/wp-json\/wp\/v2\/comments?post=388891"}],"version-history":[{"count":0,"href":"https:\/\/www.europesays.com\/fr\/wp-json\/wp\/v2\/posts\/388891\/revisions"}],"wp:featuredmedia":[{"embeddable":true,"href":"https:\/\/www.europesays.com\/fr\/wp-json\/wp\/v2\/media\/388892"}],"wp:attachment":[{"href":"https:\/\/www.europesays.com\/fr\/wp-json\/wp\/v2\/media?parent=388891"}],"wp:term":[{"taxonomy":"category","embeddable":true,"href":"https:\/\/www.europesays.com\/fr\/wp-json\/wp\/v2\/categories?post=388891"},{"taxonomy":"post_tag","embeddable":true,"href":"https:\/\/www.europesays.com\/fr\/wp-json\/wp\/v2\/tags?post=388891"}],"curies":[{"name":"wp","href":"https:\/\/api.w.org\/{rel}","templated":true}]}}