{"id":388893,"date":"2025-09-13T22:46:22","date_gmt":"2025-09-13T22:46:22","guid":{"rendered":"https:\/\/www.europesays.com\/fr\/388893\/"},"modified":"2025-09-13T22:46:22","modified_gmt":"2025-09-13T22:46:22","slug":"basket-ball-coupe-de-france-sauve-par-lucas-bourhis-nantes-sen-sort-contre-rennes-sport","status":"publish","type":"post","link":"https:\/\/www.europesays.com\/fr\/388893\/","title":{"rendered":"Basket-ball. Coupe de France\u00a0: sauv\u00e9 par Lucas Bourhis, Nantes s\u2019en sort contre Rennes . Sport"},"content":{"rendered":"<p>Son entra\u00eeneur R\u00e9my Valin ne s\u2019en \u00e9tait pas cach\u00e9, Nantes n\u2019\u00e9tait pas venu \u00e0 Rennes en mode pr\u00e9paration. Une \u00e9limination face \u00e0 une \u00e9quipe de N1\u00a0aurait fait d\u00e9sordre \u00e0 six jours de la r\u00e9ception d\u2019Orl\u00e9ans en \u00c9lite 2. C\u2019est pourtant le chemin que prenait ce premier tour de Coupe de France, et les Rennais ont d\u00fb se voir faire l\u2019exploit lorsqu\u2019ils menaient de douze longueurs (82-70) \u00e0 six minutes de la fin.\u00a0Les sept points d\u2019avance au b\u00e9n\u00e9fice de l\u2019URB \u00e0 l\u2019entre-deux initial (en raison de la division s\u00e9parant les deux clubs) a en tout cas tenu tr\u00e8s longtemps.<\/p>\n<p><strong>\u00ab\u00a0En face, c\u2019\u00e9tait une tr\u00e8s belle \u00e9quipe de Rennes qui a jou\u00e9 cr\u00e2nement sa chance, qui produit un beau basket et qui joue tr\u00e8s vite,<\/strong> appr\u00e9cie un R\u00e9my Valin pas tr\u00e8s emball\u00e9 par la prestation globale de ses troupes. <strong>On aurait pu s\u2019\u00e9crouler, \u00e0 l\u2019ext\u00e9rieur avec un Davis en feu et de la d\u00e9fense de zone en face. On a montr\u00e9 du caract\u00e8re, c\u2019est ce qu\u2019il faut retenir de ce match.\u00a0\u00bb<\/strong><\/p>\n<p>Davis au bon souvenir de l\u2019Hermine<\/p>\n<p>L\u2019Hermine a effectivement souffert face \u00e0 l\u2019ancien Nantais Darwin \u00ab\u00a0Dee\u00a0\u00bb Davis (29\u00a0points \u00e0 11\/17\u00a0aux tirs), tr\u00e8s prometteur pour ses d\u00e9buts en match officiel avec Rennes. Mais Lucas Bourhis lui a rendu la pareille avec ses 27\u00a0unit\u00e9s et ses sept tirs \u00e0 trois points. Dont les deux derniers, d\u00e9cisifs, d\u2019abord \u00e0 1\u201915\u2019\u2019 du buzzer (89-89) et surtout avec six secondes au chrono pour valider la qualification nantaise.<\/p>\n<p><strong>\u00ab\u00a0Je trouve que l\u2019on a plut\u00f4t produit un bon match, <\/strong>appr\u00e9cie l\u2019entra\u00eeneur rennais Bastien Demeur\u00e9, dont l\u2019\u00e9quipe d\u00e9butera \u00e9galement son championnat vendredi 19\u00a0septembre (contre Val de Seine)<strong>. Notamment sur le jeu rapide, c\u2019\u00e9tait int\u00e9ressant. On a manqu\u00e9 de lucidit\u00e9 dans les quatre ou cinq derni\u00e8res minutes, on laissait trop Dee ou Warren <\/strong>(Racine)<strong> jouer.<\/strong><\/p>\n<p><strong>RENNES \u2013 NANTES\u00a0: 91-92<\/strong> (32-20, 21-24, 24-26, 14-22).<\/p>\n<p><strong>RENNES\u00a0:<\/strong> Davis 29, M. Pointel 7, Thillier 4, Sclear (cap.) 13, Nkoma 2, puis Racine 3, G. Pointel 5, Kamdem 11, Randriamananjara 10.<\/p>\n<p><strong>NANTES\u00a0:<\/strong> Bourhis 27, Dambreville 3, Mienandi (cap.) 9, van Eyck 15, Dossou 11, puis Carrio, Kangudia 15, Boum 6, Gassaud 6.<\/p>\n<p>\u00a0<\/p>\n","protected":false},"excerpt":{"rendered":"Son entra\u00eeneur R\u00e9my Valin ne s\u2019en \u00e9tait pas cach\u00e9, Nantes n\u2019\u00e9tait pas venu \u00e0 Rennes en mode pr\u00e9paration.&hellip;\n","protected":false},"author":2,"featured_media":388894,"comment_status":"","ping_status":"","sticky":false,"template":"","format":"standard","meta":{"footnotes":""},"categories":[2821],"tags":[1111,11,3809,1465,829,1777,674,63,1011,27,1792,1922,12,584,25,479,517,1470],"class_list":{"0":"post-388893","1":"post","2":"type-post","3":"status-publish","4":"format-standard","5":"has-post-thumbnail","7":"category-rennes","8":"tag-actu","9":"tag-actualites","10":"tag-ball","11":"tag-basket","12":"tag-bretagne","13":"tag-eu","14":"tag-europe","15":"tag-football","16":"tag-fr","17":"tag-france","18":"tag-handball","19":"tag-info","20":"tag-news","21":"tag-rennes","22":"tag-republique-francaise","23":"tag-rugby","24":"tag-sport","25":"tag-volley"},"share_on_mastodon":{"url":"https:\/\/pubeurope.com\/@fr\/115199422279468391","error":""},"_links":{"self":[{"href":"https:\/\/www.europesays.com\/fr\/wp-json\/wp\/v2\/posts\/388893","targetHints":{"allow":["GET"]}}],"collection":[{"href":"https:\/\/www.europesays.com\/fr\/wp-json\/wp\/v2\/posts"}],"about":[{"href":"https:\/\/www.europesays.com\/fr\/wp-json\/wp\/v2\/types\/post"}],"author":[{"embeddable":true,"href":"https:\/\/www.europesays.com\/fr\/wp-json\/wp\/v2\/users\/2"}],"replies":[{"embeddable":true,"href":"https:\/\/www.europesays.com\/fr\/wp-json\/wp\/v2\/comments?post=388893"}],"version-history":[{"count":0,"href":"https:\/\/www.europesays.com\/fr\/wp-json\/wp\/v2\/posts\/388893\/revisions"}],"wp:featuredmedia":[{"embeddable":true,"href":"https:\/\/www.europesays.com\/fr\/wp-json\/wp\/v2\/media\/388894"}],"wp:attachment":[{"href":"https:\/\/www.europesays.com\/fr\/wp-json\/wp\/v2\/media?parent=388893"}],"wp:term":[{"taxonomy":"category","embeddable":true,"href":"https:\/\/www.europesays.com\/fr\/wp-json\/wp\/v2\/categories?post=388893"},{"taxonomy":"post_tag","embeddable":true,"href":"https:\/\/www.europesays.com\/fr\/wp-json\/wp\/v2\/tags?post=388893"}],"curies":[{"name":"wp","href":"https:\/\/api.w.org\/{rel}","templated":true}]}}