{"id":388895,"date":"2025-09-13T22:47:12","date_gmt":"2025-09-13T22:47:12","guid":{"rendered":"https:\/\/www.europesays.com\/fr\/388895\/"},"modified":"2025-09-13T22:47:12","modified_gmt":"2025-09-13T22:47:12","slug":"the-immersive-experience-arrive-a-strasbourg-a-partir-du-15-octobre","status":"publish","type":"post","link":"https:\/\/www.europesays.com\/fr\/388895\/","title":{"rendered":"The immersive experience arrive \u00e0 Strasbourg \u00e0 partir du 15 octobre"},"content":{"rendered":"<p>V\u00e9ritable\u00a0<strong>voyage \u00e0 travers huit chefs-d\u2019\u0153uvre\u00a0<\/strong>du g\u00e9nie hollandais et les paysages qui les ont inspir\u00e9s, l\u2019exp\u00e9rience invite \u00e0 une\u00a0<strong>exploration<\/strong>\u00a0sensible de son univers. Les spectateurs sont plong\u00e9s dans\u00a0<strong>une r\u00e9alit\u00e9 nouvelle<\/strong>, fa\u00e7onn\u00e9e par les pinceaux visionnaires de Van Gogh.<\/p>\n<p>\u00c9lue\u00a0<strong>meilleure exp\u00e9rience immersive de 2021<\/strong>\u00a0par USA Today et class\u00e9e parmi les 12 meilleures exp\u00e9riences immersives au monde par CNN, l\u2019exposition\u00a0<strong>Van Gogh : The Immersive Experience<\/strong><strong>\u00a0<\/strong>est coproduite par Tempora et Exhibition Hub en partenariat avec Strasbourg Events.\u00a0Elle\u00a0marque la troisi\u00e8me collaboration entre l\u2019agence belge Tempora et Strasbourg Events, apr\u00e8s les succ\u00e8s de\u00a0<strong>Tout\u00e2nkhamon<\/strong>\u00a0et\u00a0<strong>Antoine de Saint-Exup\u00e9ry \u2013 Le Petit Prince parmi les Hommes<\/strong>.<\/p>\n<p>Cette exposition a b\u00e9n\u00e9fici\u00e9 de l\u2019expertise du\u00a0<strong>Dr Wouter van der Veen<\/strong>, sp\u00e9cialiste de Vincent van Gogh, fondateur de la Van Gogh Academy, chercheur associ\u00e9 \u00e0 l\u2019Universit\u00e9 de Strasbourg et ancien directeur scientifique de l\u2019Institut Van Gogh, qui a assur\u00e9 la relecture et la r\u00e9\u00e9criture des textes.\u00a0<\/p>\n<p>\u00a0<\/p>\n<p class=\"insetTitle\">\u00c0 propos de l&rsquo;Agence Tempora<\/p>\n<p>L\u2019agence TEMPORA, bas\u00e9e \u00e0 Bruxelles, con\u00e7oit, r\u00e9alise et g\u00e8re, seule ou en partenariat, depuis 1998, des expositions itin\u00e9rantes \u00e0 travers le monde et \u00e0 destination de tous publics. Bien connue \u00e0 Lyon et \u00e0 Paris pour ses expositions de qualit\u00e9 et \u00e0 succ\u00e8s,\u00a0TEMPORA, est l&rsquo;un des principaux acteurs europ\u00e9ens dans son domaine. L&rsquo;agence a notamment con\u00e7u des expositions marquantes comme\u00a0Le Monde de Steve McCurry,\u00a0Hyperr\u00e9alisme.\u00a0Ceci n\u2019est pas un corps,\u00a0Elliott Erwitt. Une r\u00e9trospective,\u00a0Robert Doisneau. Instants donn\u00e9s,\u00a0Toutankh\u00e2mon\u00a0&#8211;\u00a0\u00c0\u00a0la d\u00e9couverte du pharaon oubli\u00e9.<\/p>\n<p class=\"insetTitle\">\u00c0 propos d&rsquo;Exhibition Hub <\/p>\n<p>Producteur et distributeur europ\u00e9en d\u2019expositions majeures \u00e0 l\u2019\u00e9chelle internationale, Exhibition Hub red\u00e9finit le concept d\u2019 \u00ab edutainment \u00bb dans un monde o\u00f9 les exp\u00e9riences num\u00e9riques fa\u00e7onnent nos interactions et perceptions.<br \/>L\u2019entreprise transforme l\u2019art de la narration en proposant des voyages immersifs qui captivent, \u00e9duquent et inspirent. \u00c0 l\u2019avant-garde de cette r\u00e9volution culturelle, Exhibition Hub \u00e9tablit de nouveaux standards en mati\u00e8re d\u2019engagement du public \u00e0 travers des expositions immersives.\u00a0Depuis 2015, la soci\u00e9t\u00e9 a propos\u00e9 plus de 250 expositions ouvertes \u00e0 travers le monde, accueillant plus de 35\u00a0millions de visiteurs.<\/p>\n<p class=\"insetTitle\">\u00c0 propos de Strasbourg Events<\/p>\n<p>Soci\u00e9t\u00e9 d\u2019\u00e9conomie mixte d\u00e9tenue par la Ville, l\u2019Eurom\u00e9tropole de Strasbourg et le groupe GL Events, Strasbourg Events met au service des organisateurs d\u2019\u00e9v\u00e9nements 50 ans d\u2019expertise reconnue dans l\u2019accueil de manifestations internationales exigeantes et l\u2019accompagnement des organisateurs, doubl\u00e9e d\u2019une solide exp\u00e9rience d\u2019organisation d\u2019\u00e9v\u00e9nements professionnels et grand public. Strasbourg events g\u00e8re et exploite le Palais de la Musique et des Congr\u00e8s d\u00e9ploy\u00e9 sur 50 000 m\u00b2, auxquels s\u2019ajoutent pr\u00e8s de 24 000 m\u00b2 du nouveau Parc des Expositions attenant devenant un outil combin\u00e9 unique.<\/p>\n","protected":false},"excerpt":{"rendered":"V\u00e9ritable\u00a0voyage \u00e0 travers huit chefs-d\u2019\u0153uvre\u00a0du g\u00e9nie hollandais et les paysages qui les ont inspir\u00e9s, l\u2019exp\u00e9rience invite \u00e0 une\u00a0exploration\u00a0sensible&hellip;\n","protected":false},"author":2,"featured_media":388896,"comment_status":"","ping_status":"","sticky":false,"template":"","format":"standard","meta":{"footnotes":""},"categories":[2820],"tags":[1111,11,7884,7885,1777,674,1011,27,775,12,25,640],"class_list":{"0":"post-388895","1":"post","2":"type-post","3":"status-publish","4":"format-standard","5":"has-post-thumbnail","7":"category-strasbourg","8":"tag-actu","9":"tag-actualites","10":"tag-articles-partenaires","11":"tag-brand-content","12":"tag-eu","13":"tag-europe","14":"tag-fr","15":"tag-france","16":"tag-grand-est","17":"tag-news","18":"tag-republique-francaise","19":"tag-strasbourg"},"share_on_mastodon":{"url":"https:\/\/pubeurope.com\/@fr\/115199426147149966","error":""},"_links":{"self":[{"href":"https:\/\/www.europesays.com\/fr\/wp-json\/wp\/v2\/posts\/388895","targetHints":{"allow":["GET"]}}],"collection":[{"href":"https:\/\/www.europesays.com\/fr\/wp-json\/wp\/v2\/posts"}],"about":[{"href":"https:\/\/www.europesays.com\/fr\/wp-json\/wp\/v2\/types\/post"}],"author":[{"embeddable":true,"href":"https:\/\/www.europesays.com\/fr\/wp-json\/wp\/v2\/users\/2"}],"replies":[{"embeddable":true,"href":"https:\/\/www.europesays.com\/fr\/wp-json\/wp\/v2\/comments?post=388895"}],"version-history":[{"count":0,"href":"https:\/\/www.europesays.com\/fr\/wp-json\/wp\/v2\/posts\/388895\/revisions"}],"wp:featuredmedia":[{"embeddable":true,"href":"https:\/\/www.europesays.com\/fr\/wp-json\/wp\/v2\/media\/388896"}],"wp:attachment":[{"href":"https:\/\/www.europesays.com\/fr\/wp-json\/wp\/v2\/media?parent=388895"}],"wp:term":[{"taxonomy":"category","embeddable":true,"href":"https:\/\/www.europesays.com\/fr\/wp-json\/wp\/v2\/categories?post=388895"},{"taxonomy":"post_tag","embeddable":true,"href":"https:\/\/www.europesays.com\/fr\/wp-json\/wp\/v2\/tags?post=388895"}],"curies":[{"name":"wp","href":"https:\/\/api.w.org\/{rel}","templated":true}]}}