{"id":388920,"date":"2025-09-13T23:02:15","date_gmt":"2025-09-13T23:02:15","guid":{"rendered":"https:\/\/www.europesays.com\/fr\/388920\/"},"modified":"2025-09-13T23:02:15","modified_gmt":"2025-09-13T23:02:15","slug":"previsions-du-dimanche-14-septembre-2025","status":"publish","type":"post","link":"https:\/\/www.europesays.com\/fr\/388920\/","title":{"rendered":"pr\u00e9visions du dimanche 14 septembre 2025"},"content":{"rendered":"<p>Aujourd&rsquo;hui, le thermom\u00e8tre affichera 18\u00b0C en moyenne \u00e0 Lyon. Une petite brise de sud-ouest sera ressentie par les habitants. Le matin, un ciel avec des \u00e9claircies va progressivement se substituer aux nuages. Il va faire 17\u00b0C en moyenne. Le ciel sera nuageux dans l&rsquo;apr\u00e8s-midi. Des pluies \u00e9parses sont pr\u00e9vues. Les temp\u00e9ratures s&rsquo;\u00e9chelonneront entre 18 et 21\u00b0C. Le ciel sera limpide dans la nuit de dimanche \u00e0 lundi.<\/p>\n<p>La m\u00e9t\u00e9o va se r\u00e9chauffer demain \u00e0 Lyon avec une augmentation de quelques degr\u00e9s. Les valeurs afficheront entre 16 et 28\u00b0C. Un vent de sud-ouest rafra\u00eechira quelque peu l&rsquo;atmosph\u00e8re. Le soleil sera au rendez-vous : une magnifique matin\u00e9e se profile ! On annonce une embellie pour cet apr\u00e8s-midi. C&rsquo;est une hausse de quelques degr\u00e9s que vont conna\u00eetre les temp\u00e9ratures. Ces valeurs iront de 22 \u00e0 28\u00b0C. Des pluies \u00e9parses tomberont dans la soir\u00e9e.<\/p>\n<p>Les jours suivants s&rsquo;annoncent similaires. On anticipe des journ\u00e9es ensoleill\u00e9es, avec des temp\u00e9ratures dans les 24\u00b0C en moyenne.<\/p>\n<p><\/p>\n","protected":false},"excerpt":{"rendered":"Aujourd&rsquo;hui, le thermom\u00e8tre affichera 18\u00b0C en moyenne \u00e0 Lyon. Une petite brise de sud-ouest sera ressentie par les&hellip;\n","protected":false},"author":2,"featured_media":388921,"comment_status":"","ping_status":"","sticky":false,"template":"","format":"standard","meta":{"footnotes":""},"categories":[1889],"tags":[1111,11,2430,1777,674,1011,27,2428,12,2119,25,2429,2431],"class_list":{"0":"post-388920","1":"post","2":"type-post","3":"status-publish","4":"format-standard","5":"has-post-thumbnail","7":"category-lyon","8":"tag-actu","9":"tag-actualites","10":"tag-auvergne-rhone-alpes","11":"tag-eu","12":"tag-europe","13":"tag-fr","14":"tag-france","15":"tag-lyon","16":"tag-news","17":"tag-previsions-meteo","18":"tag-republique-francaise","19":"tag-rhone","20":"tag-rhone-alpes"},"share_on_mastodon":{"url":"https:\/\/pubeurope.com\/@fr\/115199485072194537","error":""},"_links":{"self":[{"href":"https:\/\/www.europesays.com\/fr\/wp-json\/wp\/v2\/posts\/388920","targetHints":{"allow":["GET"]}}],"collection":[{"href":"https:\/\/www.europesays.com\/fr\/wp-json\/wp\/v2\/posts"}],"about":[{"href":"https:\/\/www.europesays.com\/fr\/wp-json\/wp\/v2\/types\/post"}],"author":[{"embeddable":true,"href":"https:\/\/www.europesays.com\/fr\/wp-json\/wp\/v2\/users\/2"}],"replies":[{"embeddable":true,"href":"https:\/\/www.europesays.com\/fr\/wp-json\/wp\/v2\/comments?post=388920"}],"version-history":[{"count":0,"href":"https:\/\/www.europesays.com\/fr\/wp-json\/wp\/v2\/posts\/388920\/revisions"}],"wp:featuredmedia":[{"embeddable":true,"href":"https:\/\/www.europesays.com\/fr\/wp-json\/wp\/v2\/media\/388921"}],"wp:attachment":[{"href":"https:\/\/www.europesays.com\/fr\/wp-json\/wp\/v2\/media?parent=388920"}],"wp:term":[{"taxonomy":"category","embeddable":true,"href":"https:\/\/www.europesays.com\/fr\/wp-json\/wp\/v2\/categories?post=388920"},{"taxonomy":"post_tag","embeddable":true,"href":"https:\/\/www.europesays.com\/fr\/wp-json\/wp\/v2\/tags?post=388920"}],"curies":[{"name":"wp","href":"https:\/\/api.w.org\/{rel}","templated":true}]}}