{"id":388924,"date":"2025-09-13T23:07:15","date_gmt":"2025-09-13T23:07:15","guid":{"rendered":"https:\/\/www.europesays.com\/fr\/388924\/"},"modified":"2025-09-13T23:07:15","modified_gmt":"2025-09-13T23:07:15","slug":"levenement-pokemon-mega-evolution-sinstalle-a-paris-les-13-et-14-septembre","status":"publish","type":"post","link":"https:\/\/www.europesays.com\/fr\/388924\/","title":{"rendered":"L\u2019\u00e9v\u00e8nement Pok\u00e9mon M\u00e9ga-\u00c9volution s\u2019installe \u00e0 Paris les 13 et 14 septembre !"},"content":{"rendered":"<p>&#13;<br \/>\n\t\t\t\t\tL&rsquo;excitation est bient\u00f4t \u00e0 son comble chez les fans de Pok\u00e9mon qui attendent avec impatience la sortie, le 16 octobre prochain, du jeu L\u00e9gendes Pok\u00e9mon : Z-A sur la Switch et la Switch 2. Pour les faire patienter et pour c\u00e9l\u00e9brer aussi Paris qui sert de mod\u00e8le \u00e0 Illumis dans le jeu, un weekend sp\u00e9cial d&rsquo;animations gratuites est organis\u00e9 en plein c\u0153ur de la capitale ces 13 et 14 septembre : le festival M\u00e9ga-\u00c9volution. \t\t\t\t<\/p>\n<p>&#13;<br \/>\n\t\t\t\t\t\t\tL&rsquo;\u00e9v\u00e9nement M\u00e9ga-\u00c9volution se tient encore ce dimanche 14 septembre \u00e0 Paris, de 9h \u00e0 19h, alors n&rsquo;h\u00e9sitez pas \u00e0 en profiter et dites-nous en commentaires vos impressions sur le prochain Pok\u00e9mon L\u00e9gendes : Z-A si vous avez l&rsquo;occasion de le tester. \t\t\t\t\t\t<\/p>\n","protected":false},"excerpt":{"rendered":"&#13; L&rsquo;excitation est bient\u00f4t \u00e0 son comble chez les fans de Pok\u00e9mon qui attendent avec impatience la sortie,&hellip;\n","protected":false},"author":2,"featured_media":388925,"comment_status":"","ping_status":"","sticky":false,"template":"","format":"standard","meta":{"footnotes":""},"categories":[1888],"tags":[29549,1111,1928,47,11,1927,29566,29561,2939,29550,1777,674,29558,1011,27,29555,29554,6228,29553,1114,330,29568,29563,10601,29573,29548,29551,12,1926,29552,2596,23905,29572,626,1925,29569,2459,29571,25,29560,3686,29570,29559,29557,29556,8216,29564,29565,8217,29547,29562,29567],"class_list":{"0":"post-388924","1":"post","2":"type-post","3":"status-publish","4":"format-standard","5":"has-post-thumbnail","7":"category-paris","8":"tag-3ds","9":"tag-actu","10":"tag-actu-paris","11":"tag-actualite","12":"tag-actualites","13":"tag-actualites-paris","14":"tag-animal-crossing","15":"tag-aran","16":"tag-console","17":"tag-ds","18":"tag-eu","19":"tag-europe","20":"tag-famicom","21":"tag-fr","22":"tag-france","23":"tag-game-boy","24":"tag-gameboy","25":"tag-gb","26":"tag-gc","27":"tag-infos","28":"tag-jeux","29":"tag-jeux-ds","30":"tag-link","31":"tag-mario","32":"tag-metroid","33":"tag-nds","34":"tag-nes","35":"tag-news","36":"tag-news-paris","37":"tag-ngc","38":"tag-nintendo","39":"tag-nintendo-switch","40":"tag-p-nintendo","41":"tag-paris","42":"tag-paris-news","43":"tag-pikachu","44":"tag-pokemon","45":"tag-puissance-nintendo","46":"tag-republique-francaise","47":"tag-samus","48":"tag-sortie","49":"tag-specialise","50":"tag-super-famicom","51":"tag-super-nes","52":"tag-virtual-boy","53":"tag-wii","54":"tag-wii-2","55":"tag-wii-hd","56":"tag-wii-u","57":"tag-wiiu","58":"tag-zelda","59":"tag-zelda-wii"},"share_on_mastodon":{"url":"","error":"Validation failed: Text character limit of 500 exceeded"},"_links":{"self":[{"href":"https:\/\/www.europesays.com\/fr\/wp-json\/wp\/v2\/posts\/388924","targetHints":{"allow":["GET"]}}],"collection":[{"href":"https:\/\/www.europesays.com\/fr\/wp-json\/wp\/v2\/posts"}],"about":[{"href":"https:\/\/www.europesays.com\/fr\/wp-json\/wp\/v2\/types\/post"}],"author":[{"embeddable":true,"href":"https:\/\/www.europesays.com\/fr\/wp-json\/wp\/v2\/users\/2"}],"replies":[{"embeddable":true,"href":"https:\/\/www.europesays.com\/fr\/wp-json\/wp\/v2\/comments?post=388924"}],"version-history":[{"count":0,"href":"https:\/\/www.europesays.com\/fr\/wp-json\/wp\/v2\/posts\/388924\/revisions"}],"wp:featuredmedia":[{"embeddable":true,"href":"https:\/\/www.europesays.com\/fr\/wp-json\/wp\/v2\/media\/388925"}],"wp:attachment":[{"href":"https:\/\/www.europesays.com\/fr\/wp-json\/wp\/v2\/media?parent=388924"}],"wp:term":[{"taxonomy":"category","embeddable":true,"href":"https:\/\/www.europesays.com\/fr\/wp-json\/wp\/v2\/categories?post=388924"},{"taxonomy":"post_tag","embeddable":true,"href":"https:\/\/www.europesays.com\/fr\/wp-json\/wp\/v2\/tags?post=388924"}],"curies":[{"name":"wp","href":"https:\/\/api.w.org\/{rel}","templated":true}]}}