{"id":388926,"date":"2025-09-13T23:08:21","date_gmt":"2025-09-13T23:08:21","guid":{"rendered":"https:\/\/www.europesays.com\/fr\/388926\/"},"modified":"2025-09-13T23:08:21","modified_gmt":"2025-09-13T23:08:21","slug":"au-musee-dorsay-le-public-assiste-en-direct-a-la-restauration-dun-tableau-de-gustave","status":"publish","type":"post","link":"https:\/\/www.europesays.com\/fr\/388926\/","title":{"rendered":"Au Mus\u00e9e d\u2019Orsay, le public assiste en direct \u00e0 la restauration d\u2019un tableau de Gustave"},"content":{"rendered":"<p>\u00a0<strong>\u00ab\u00a0Ayant fait des \u00e9tudes d\u2019histoire de l\u2019art, je connais un peu le m\u00e9tier de restaurateur, mais ce qui est impressionnant, c\u2019est la taille du tableau, de l\u2019intervention, les changements de couleurs aussi\u00a0!\u00a0\u00bb<\/strong>\u00a0<\/p>\n<p>Alexis est l\u2019un des chanceux qui a pu assister \u00e0 la restauration du monumental tableau de Gustave Courbet, Un enterrement \u00e0 Ornans. Depuis plusieurs mois, sept restaurateurs sont au chevet de cette pi\u00e8ce majeure de l\u2019histoire de l\u2019art et du <a href=\"https:\/\/caen.maville.com\/actu\/actudet_-sylvain-amic-president-du-musee-d-orsay-et-de-l-orangerie-est-mort-a-l-age-de-58-ans-_54135-6954975_actu.Htm\" target=\"_self\" rel=\"nofollow noopener\">mus\u00e9e d\u2019Orsay<\/a>.<\/p>\n<p>Un espace clos a \u00e9t\u00e9 sp\u00e9cialement am\u00e9nag\u00e9 \u00e0 cet effet. Les visiteurs du <a href=\"https:\/\/laval.maville.com\/actu\/actudet_-apres-un-pret-exceptionnel-cet-ete-la-collaboration-avec-le-musee-d-orsay-va-se-poursuivre-a-laval-_11-6960585_actu.Htm\" target=\"_self\" rel=\"nofollow noopener\">mus\u00e9e<\/a> peuvent, \u00e0 travers des vitres, regarder les restaurateurs travailler. Et chaque jeudi, quelques visiteurs par petits groupes d\u2019une dizaine de personnes et sur r\u00e9servation, peuvent suivre une visite guid\u00e9e.<\/p>\n<p>Un tableau monumental<\/p>\n<p><strong>\u00ab\u00a0Cela permet aux visiteurs de comprendre que nous avons un m\u00e9tier technique, scientifique, ni romantique ou artisanal\u00a0\u00bb<\/strong> se f\u00e9licite Cinzia Pasquali, restauratrice de la soci\u00e9t\u00e9 Arcanes, responsable de la couche picturale et du support.<\/p>\n<p>\t<img decoding=\"async\" src=\"https:\/\/www.europesays.com\/fr\/wp-content\/uploads\/2025\/09\/P35459876D6974009G_px_640_.jpg\" alt=\"photo cinzia pasquali, restauratrice, de la soci\u00e9t\u00e9 arcanes, responsable de la couche picturale et du support explique son m\u00e9tier aux visiteurs.  \u00a9  st\u00e9phane geufroi \/ ouest-france\" width=\"640\" title=\" Cinzia Pasquali, restauratrice, de la soci\u00e9t\u00e9 Arcanes, responsable de la couche picturale et du support explique son m\u00e9tier aux visiteurs.   St\u00e9phane Geufroi \/ Ouest-France \"\/><\/p>\n<p class=\"elmt-legende\"> Cinzia Pasquali, restauratrice, de la soci\u00e9t\u00e9 Arcanes, responsable de la couche picturale et du support explique son m\u00e9tier aux visiteurs.   St\u00e9phane Geufroi \/ Ouest-France <\/p>\n<p>La toile, grande de 3,15\u00a0m sur 6,50\u00a0m, met en sc\u00e8ne une cinquantaine de personnages rassembl\u00e9s pour une c\u00e9r\u00e9monie fun\u00e9raire \u00e0 la lisi\u00e8re du village natal du peintre. C\u2019est le plus grand tableau de Courbet, aussi l\u2019un des plus grands formats du mus\u00e9e national.<\/p>\n<p>Gustave Courbet a mis en sc\u00e8ne des habitants de son village. <strong>\u00ab\u00a0Il a fait poser des membres de sa famille, son grand-p\u00e8re, sa s\u0153ur, son p\u00e8re\u00a0\u00bb<\/strong> explique la restauratrice aux visiteurs.<\/p>\n<p>Le tableau a \u00e9t\u00e9 peint pour le salon de 1850 \u00e0 Paris. <strong>\u00ab\u00a0Il est mal accueilli, jug\u00e9 trop triste, des critiques \u00e9voquent \u00ab\u00a0un \u00e9loge de la laideur\u00a0\u00bb. Mais Gustave Courbet ne s\u2019est pas d\u00e9courag\u00e9. Ambitieux, tr\u00e8s conscient de la valeur de son art, il va, soutenu par sa famille pr\u00eater le tableau qui va voyager et faire de nombreuses expositions.\u00a0\u00bb<\/strong>\u00a0<\/p>\n<p>Ce qui va le fragiliser.<strong>\u00a0<\/strong>Courbet finira par le donner au Louvre en 1881.<\/p>\n<p>\t<img decoding=\"async\" src=\"https:\/\/www.europesays.com\/fr\/wp-content\/uploads\/2025\/09\/P35459877D6974009G_px_640_.jpg\" alt=\"photo les visites guid\u00e9es se poursuivent jusqu\u2019au printemps 2026. chaque jeudi matin, trois groupes de 12\u00a0personnes peuvent voir de pr\u00e8s les restaurateurs travailler sur l\u2019\u0153uvre.  \u00a9  st\u00e9phane geufroi \/ ouest-france\" width=\"640\" title=\" Les visites guid\u00e9es se poursuivent jusqu\u2019au printemps 2026. Chaque jeudi matin, trois groupes de 12\u00a0personnes peuvent voir de pr\u00e8s les restaurateurs travailler sur l\u2019\u0153uvre.   St\u00e9phane Geufroi \/ Ouest-France \"\/><\/p>\n<p class=\"elmt-legende\"> Les visites guid\u00e9es se poursuivent jusqu\u2019au printemps 2026. Chaque jeudi matin, trois groupes de 12\u00a0personnes peuvent voir de pr\u00e8s les restaurateurs travailler sur l\u2019\u0153uvre.   St\u00e9phane Geufroi \/ Ouest-France <\/p>\n<p>Le tableau n\u2019a fait l\u2019objet d\u2019aucune intervention majeure depuis un demi-si\u00e8cle. Le ch\u00e2ssis est d\u00e9form\u00e9, les diff\u00e9rentes couches de vernis anciens jaunis et \u00e9paissis ont alt\u00e9r\u00e9 les couleurs d\u2019origine.<\/p>\n<p><strong>\u00ab\u00a0Le format de l\u2019\u0153uvre a peut-\u00eatre \u00e9t\u00e9 modifi\u00e9 aussi lors des montages et d\u00e9montages d\u2019exposition\u00a0\u00bb, <\/strong>reprend Cinzia Pasquali. R\u00e9flectographies infrarouge, radiographies ont permis d\u2019examiner la toile.<\/p>\n<p><strong>\u00ab\u00a0Et de voir que Courbet peignait directement, sans dessin pr\u00e9alable, de d\u00e9couvrir \u00e9galement les changements qu\u2019il avait op\u00e9r\u00e9s dans la composition.\u00a0\u00bb<\/strong> Depuis, \u00e9quip\u00e9s de pinceaux, cotons-tiges, scalpels, lampes, les restaurateurs s\u2019activent avec minutie, en pr\u00e9servant les gestes picturaux de Courbet et les irr\u00e9gularit\u00e9s assum\u00e9es de sa mati\u00e8re.<\/p>\n<p>Un nouveau ch\u00e2ssis pour la route<\/p>\n<p>\u00ab<strong>\u00a0La premi\u00e8re \u00e9tape la plus spectaculaire consiste \u00e0 amincir le vernis, nettoyer,<\/strong> d\u00e9taille Roberto Merlo, restaurateur. <strong>Cela permet de retrouver les nuances d\u2019origine, dans les teintes claires mais aussi fonc\u00e9es.\u00a0\u00bb<\/strong><\/p>\n<p>Ensuite la toile sera d\u00e9pos\u00e9e de son ch\u00e2ssis, consolid\u00e9e, les usures et lacunes visuellement att\u00e9nu\u00e9es. Les visites se poursuivent jusqu\u2019au printemps. Il suffit de s\u2019inscrire sur le site du mus\u00e9e d\u2019Orsay.<\/p>\n<p>\u00a0<\/p>\n","protected":false},"excerpt":{"rendered":"\u00a0\u00ab\u00a0Ayant fait des \u00e9tudes d\u2019histoire de l\u2019art, je connais un peu le m\u00e9tier de restaurateur, mais ce qui&hellip;\n","protected":false},"author":2,"featured_media":388927,"comment_status":"","ping_status":"","sticky":false,"template":"","format":"standard","meta":{"footnotes":""},"categories":[1888],"tags":[11,22853,5492,52123,814,1777,674,1011,27,52122,3048,12,6867,626,3532,25,2021,3898],"class_list":{"0":"post-388926","1":"post","2":"type-post","3":"status-publish","4":"format-standard","5":"has-post-thumbnail","7":"category-paris","8":"tag-actualites","9":"tag-assiste","10":"tag-caen","11":"tag-courbet","12":"tag-direct","13":"tag-eu","14":"tag-europe","15":"tag-fr","16":"tag-france","17":"tag-gustave","18":"tag-musee","19":"tag-news","20":"tag-orsay","21":"tag-paris","22":"tag-public","23":"tag-republique-francaise","24":"tag-restauration","25":"tag-tableau"},"share_on_mastodon":{"url":"https:\/\/pubeurope.com\/@fr\/115199509189867582","error":""},"_links":{"self":[{"href":"https:\/\/www.europesays.com\/fr\/wp-json\/wp\/v2\/posts\/388926","targetHints":{"allow":["GET"]}}],"collection":[{"href":"https:\/\/www.europesays.com\/fr\/wp-json\/wp\/v2\/posts"}],"about":[{"href":"https:\/\/www.europesays.com\/fr\/wp-json\/wp\/v2\/types\/post"}],"author":[{"embeddable":true,"href":"https:\/\/www.europesays.com\/fr\/wp-json\/wp\/v2\/users\/2"}],"replies":[{"embeddable":true,"href":"https:\/\/www.europesays.com\/fr\/wp-json\/wp\/v2\/comments?post=388926"}],"version-history":[{"count":0,"href":"https:\/\/www.europesays.com\/fr\/wp-json\/wp\/v2\/posts\/388926\/revisions"}],"wp:featuredmedia":[{"embeddable":true,"href":"https:\/\/www.europesays.com\/fr\/wp-json\/wp\/v2\/media\/388927"}],"wp:attachment":[{"href":"https:\/\/www.europesays.com\/fr\/wp-json\/wp\/v2\/media?parent=388926"}],"wp:term":[{"taxonomy":"category","embeddable":true,"href":"https:\/\/www.europesays.com\/fr\/wp-json\/wp\/v2\/categories?post=388926"},{"taxonomy":"post_tag","embeddable":true,"href":"https:\/\/www.europesays.com\/fr\/wp-json\/wp\/v2\/tags?post=388926"}],"curies":[{"name":"wp","href":"https:\/\/api.w.org\/{rel}","templated":true}]}}