{"id":388928,"date":"2025-09-13T23:09:22","date_gmt":"2025-09-13T23:09:22","guid":{"rendered":"https:\/\/www.europesays.com\/fr\/388928\/"},"modified":"2025-09-13T23:09:22","modified_gmt":"2025-09-13T23:09:22","slug":"paris-major-galan-chingotto-etrille-yanguas-nieto-et-file-en-finale-sans-trembler","status":"publish","type":"post","link":"https:\/\/www.europesays.com\/fr\/388928\/","title":{"rendered":"Paris Major \u2013 Gal\u00e1n \/ Chingotto \u00e9trille Yanguas \/ Nieto et file en finale sans trembler"},"content":{"rendered":"<p>On attendait une bataille serr\u00e9e, mais <strong>Ale Gal\u00e1n et Fede Chingotto<\/strong> (TS2) ont livr\u00e9 un v\u00e9ritable r\u00e9cital face \u00e0 <strong>Mike Yanguas et Coki Nieto<\/strong> (TS4). En un peu plus d\u2019une heure (6\/0 6\/2), ils n\u2019ont laiss\u00e9 aucune chance \u00e0 leurs compatriotes, confirmant leur statut et envoyant un message fort \u00e0 Coello et Tapia avant la finale.<\/p>\n<p>Un premier set parfait<\/p>\n<p>D\u2019entr\u00e9e, Gal\u00e1n et Chingotto imposent un rythme infernal. Port\u00e9 par un <strong>Gal\u00e1n stratosph\u00e9rique<\/strong> (32 coups gagnants pour seulement 4 fautes directes), le duo d\u00e9roule : intensit\u00e9 folle \u00e0 la vol\u00e9e, smashs puissants malgr\u00e9 les conditions lentes, couverture parfaite du terrain. En 22 minutes, ils bouclent la manche 6\/0 avec des stats incroyables : <strong>18 points gagnants pour 1 faute directe<\/strong>. Yanguas et Nieto, pourtant appliqu\u00e9s, se heurtent \u00e0 un mur.<\/p>\n<p>Yanguas \/ Nieto sans solution<\/p>\n<p>Le second set offre un peu plus de r\u00e9sistance. Yanguas tente de varier, Nieto r\u00e9duit les fautes, mais impossible de trouver la br\u00e8che. La t\u00eate de s\u00e9rie 2 reste injouable : pr\u00e9cision chirurgicale, intensit\u00e9 physique constante, d\u00e9fense infaillible. R\u00e9sultat : 6\/2 et une d\u00e9monstration qui confirme l\u2019\u00e9cart entre les deux paires. Sur l\u2019ensemble du match, Gal\u00e1n et Chingotto affichent <strong>41 coups gagnants pour seulement 7 fautes directes<\/strong>, du haut niveau.<\/p>\n<p><img title=\"image | Padel Magazine\" decoding=\"async\" src=\"https:\/\/www.europesays.com\/fr\/wp-content\/uploads\/2025\/09\/image-36.png\" alt=\"\" class=\"wp-image-268233\"\/>Cr\u00e9dit  Padel IntelligenceUne finale de r\u00eave qui sent la poudre<\/p>\n<p>Gr\u00e2ce au forfait de leurs adversaires en quart, Gal\u00e1n et Chingotto ont pu r\u00e9cup\u00e9rer avant cette demi. Frais, incisifs et ultra-dominateurs, ils se pr\u00e9sentent en totale confiance pour la finale de demain face aux <strong>n\u00b01 mondiaux Coello et Tapia<\/strong>. Un duel explosif en perspective : d\u2019un c\u00f4t\u00e9, Coello \/ Tapia, champions des deux derni\u00e8res \u00e9ditions \u00e0 Paris, mais parfois en difficult\u00e9 cette semaine ; de l\u2019autre, Gal\u00e1n \/ Chingotto, <strong>vainqueurs du dernier Major en Italie<\/strong> et revanchards apr\u00e8s leur \u00e9limination pr\u00e9coce \u00e0 Madrid.<\/p>\n<p>Demain, le Philippe-Chatrier sera le th\u00e9\u00e2tre d\u2019un <strong>choc XXL<\/strong> : Coello \/ Tapia vs Gal\u00e1n \/ Chingotto pour un titre majeur qui s\u2019annonce br\u00fblant.<\/p>\n<p><img loading=\"lazy\" decoding=\"async\" data-del=\"avatar\" alt=\"Benjamin Dupouy\" src=\"https:\/\/www.europesays.com\/fr\/wp-content\/uploads\/2025\/04\/IMG_5219-150x150.jpg\" class=\"avatar pp-user-avatar avatar-100 photo \" height=\"100\" width=\"100\"\/><\/p>\n<p>J\u2019ai d\u00e9couvert le padel directement lors d\u2019un tournoi, et franchement, je n\u2019ai pas trop accroch\u00e9 au d\u00e9but. Mais la deuxi\u00e8me fois, \u00e7a a \u00e9t\u00e9 le coup de foudre, et depuis, je ne rate plus un seul match. Je suis m\u00eame pr\u00eat \u00e0 rester \u00e9veill\u00e9 jusqu\u2019\u00e0 3h du matin pour regarder une finale de Premier Padel !<\/p>\n<p class=\"related-title\">Sur le m\u00eame sujet<\/p>\n","protected":false},"excerpt":{"rendered":"On attendait une bataille serr\u00e9e, mais Ale Gal\u00e1n et Fede Chingotto (TS2) ont livr\u00e9 un v\u00e9ritable r\u00e9cital face&hellip;\n","protected":false},"author":2,"featured_media":388929,"comment_status":"","ping_status":"","sticky":false,"template":"","format":"standard","meta":{"footnotes":""},"categories":[1888],"tags":[11,36393,1777,674,52124,1011,27,12,626,51086,25],"class_list":{"0":"post-388928","1":"post","2":"type-post","3":"status-publish","4":"format-standard","5":"has-post-thumbnail","7":"category-paris","8":"tag-actualites","9":"tag-ale-galan","10":"tag-eu","11":"tag-europe","12":"tag-federico-chingotto","13":"tag-fr","14":"tag-france","15":"tag-news","16":"tag-paris","17":"tag-paris-major-2025","18":"tag-republique-francaise"},"share_on_mastodon":{"url":"https:\/\/pubeurope.com\/@fr\/115199512987392198","error":""},"_links":{"self":[{"href":"https:\/\/www.europesays.com\/fr\/wp-json\/wp\/v2\/posts\/388928","targetHints":{"allow":["GET"]}}],"collection":[{"href":"https:\/\/www.europesays.com\/fr\/wp-json\/wp\/v2\/posts"}],"about":[{"href":"https:\/\/www.europesays.com\/fr\/wp-json\/wp\/v2\/types\/post"}],"author":[{"embeddable":true,"href":"https:\/\/www.europesays.com\/fr\/wp-json\/wp\/v2\/users\/2"}],"replies":[{"embeddable":true,"href":"https:\/\/www.europesays.com\/fr\/wp-json\/wp\/v2\/comments?post=388928"}],"version-history":[{"count":0,"href":"https:\/\/www.europesays.com\/fr\/wp-json\/wp\/v2\/posts\/388928\/revisions"}],"wp:featuredmedia":[{"embeddable":true,"href":"https:\/\/www.europesays.com\/fr\/wp-json\/wp\/v2\/media\/388929"}],"wp:attachment":[{"href":"https:\/\/www.europesays.com\/fr\/wp-json\/wp\/v2\/media?parent=388928"}],"wp:term":[{"taxonomy":"category","embeddable":true,"href":"https:\/\/www.europesays.com\/fr\/wp-json\/wp\/v2\/categories?post=388928"},{"taxonomy":"post_tag","embeddable":true,"href":"https:\/\/www.europesays.com\/fr\/wp-json\/wp\/v2\/tags?post=388928"}],"curies":[{"name":"wp","href":"https:\/\/api.w.org\/{rel}","templated":true}]}}