{"id":388930,"date":"2025-09-13T23:10:13","date_gmt":"2025-09-13T23:10:13","guid":{"rendered":"https:\/\/www.europesays.com\/fr\/388930\/"},"modified":"2025-09-13T23:10:13","modified_gmt":"2025-09-13T23:10:13","slug":"la-russie-assure-avoir-pris-le-controle-de-la-localite-de-novonikolayevka-dans-la-region-de-dnipropetrovsk-en-ukraine-anadolu-ajansi","status":"publish","type":"post","link":"https:\/\/www.europesays.com\/fr\/388930\/","title":{"rendered":"La Russie assure avoir pris le contr\u00f4le de la localit\u00e9 de Novonikolayevka dans la r\u00e9gion de Dnipropetrovsk en Ukraine &#8211; Anadolu Ajans\u0131"},"content":{"rendered":"<ol>\n<li><a href=\"https:\/\/news.google.com\/rss\/articles\/CBMigAJBVV95cUxPUU05MkU2M2JsVjd2MkdtTlBDVWFUb08yTmtKVVBRWnpienhaM2h2WTNxZjhpUDdQb1p3Qnc1ODJYdm15SHlTZmR0em1adlJscmlQdU1ydFR2dmc3SUVEZUMzcWlvMTVYVnJjTC00Mk0wT3FPWEFvYlhUZUNnamt5bWJYb0dzcFVqVno4Y1pFZmFJbXUzclQ0bU4tUWJwQTEyeGlvd3pRdEI3Nk9hZ1VJQjU5ZGtzRklMZC1SUlpSazJtUUVKVi1aVEVKdXU4QkZCOFptRHpkSFYwVklPbjBodDVlSzdaY1Jmeko4dUdpZ3FKZmxSMjNBci1jc3F4cmlx?oc=5\" target=\"_blank\" rel=\"nofollow noopener\">La Russie assure avoir pris le contr\u00f4le de la localit\u00e9 de Novonikolayevka dans la r\u00e9gion de Dnipropetrovsk en Ukraine<\/a>&nbsp;&nbsp;Anadolu Ajans\u0131<\/li>\n<li><a href=\"https:\/\/news.google.com\/rss\/articles\/CBMi7AFBVV95cUxONmFHemdIY1FqUFdLZG1mWjdNMjdCT2RPWlE4Z1dPRkdQQnRFS0YyeVNTZENHT3dUTHViM215U0dzN0FtZlJpUVQwTEFMb2dQUklGS0hadjVBRTRuLUFvWnJvZlJ1RTk1dzk4VnJWZmhwMVhLNVMzbnQ3a0Zyb0hWTmhnYlZ6SWlDbUVPWFZ4RU9JNS1xbnRBc0U3M2ZpSU9FWnNTeE0wNExWLVJrUklDRUNBR0tUWUtPcVl4em9oN2RHeXh5dHJWSXBtMFh3b280Z3lPem9uTEFEMTVfSXZQOXp2R1FKZkJ6dmx4Tg?oc=5\" target=\"_blank\" rel=\"nofollow noopener\">Guerre en Ukraine : Moscou revendique la prise d\u2019un village dans la r\u00e9gion de Dnipropetrovsk<\/a>&nbsp;&nbsp;Sud Ouest<\/li>\n<li><a href=\"https:\/\/news.google.com\/rss\/articles\/CBMiyAFBVV95cUxNZXFlZDdrSUkyczdhNGVnNXV5Xzg1eVM0eHRmdWNSMGRBQkU5WHU2Ql96UE9yZC0tV0ZLcnFkQjJfYnI4ZVgtSnRTbzduR1FSU1VNdEdxOTNWc0lJd2xaWHZnV2w5M042ODRyM0E1WjhBOWdja0h5WmNwekUwWGUxU2lweHp5VjFGX1pBMlhGS25XeXlPVGFZam1hYzIzNkVpbnlKSjJISUdvLURXdTl0RHA1aGNKUi13SXAwTEV3ampwUXcxYjZCSg?oc=5\" target=\"_blank\" rel=\"nofollow noopener\">Guerre en Ukraine, jour 1298 : ce qu\u2019il faut retenir de la situation samedi 13 septembre<\/a>&nbsp;&nbsp;La Croix<\/li>\n<li><a href=\"https:\/\/news.google.com\/rss\/articles\/CBMiwwFBVV95cUxQWnZXU19laG50R3d1NU1PcURabnFCeWhQZk9HOVVYVU1IMUxjRE1FS0tWUmFhT3BvMmZNVXhHdkYyZnlFZjVvX2NxWUp0eXkwamtCcUszN0NpamZLbmlmTl8zdVQ0ZlozWk81ekhsajQtRVJzNDNjMHpXX05kR2laWXhEc213V1l0R1cwSXJWZmN4el9ZQVV0Y3FTS0dsUlFnNEo3cHRLb0p3SEVyYl9DWWhXOHpCd25Cb0ZqZ1ZDdTNCYW_SAcgBQVVfeXFMTUJCS1ExS3NFR0NhVmxpOTVMYVBETVp6VndRbkVielp5eW1iMW9PV0pWNHp2c212b29Pa3NLVG1neTQwa3Z3M0UwVUZLd3hQX2dSSUVQTXAtTUNMX0FXVXJDeEEtcGxEX0RJVkxKekxJZVZHaXhiZzBNbE8xdnZudVFqQWY0YllzMUNEMTRpWGR1U2p1Y1c5dG1YWENVR3B5a24wSjFEelpIbWFVRS04Nm9tUXRFSUxVaG4tWVlnR0UzdzY2STNIbGE?oc=5\" target=\"_blank\" rel=\"nofollow noopener\">Forces de d\u00e9fense : La lib\u00e9ration d`un village dans la r\u00e9gion de Dnipropetrovsk<\/a>&nbsp;&nbsp;Actualit\u00e9s Ukrinform<\/li>\n<li><a href=\"https:\/\/news.google.com\/rss\/articles\/CBMikgJBVV95cUxPQ256aFJHN28yRjNBYld4RnhYdV9ILVZKeDFMZ2tkd0JCN1dRNGtRdWxLLU5jNGRVbE5Va1lXd01xZnc1Zml0ME01dHpfR1RkUzdCbTlzN3BCc2praUE3dEQtSS1SR1J0UmxMUXVndllrNl84b3JBa2dacWxGZWlNaXJmcDY1TEhjSkZ2SFlmVjg4eHRybEpMekw5S0RNRmI4dFdLbXdpYUpiZGFWVUpLODlieU9tejNNV1daaXUzTGlrdjc4UGxFRlBRTFVWSmZ1OGxibjBidnJUaWJIU2NJTGZUVFBpLVZFLTNlVTI4UDNJVmhNMzN3ajN0LVFTSzBtSzRyRWVmQ2ZzV04tOElJNFNn?oc=5\" target=\"_blank\" rel=\"nofollow noopener\">Invasion de l?Ukraine &#8211; Ukraine: la Russie revendique la prise d&rsquo;un village dans la r\u00e9gion de Dnipropetrovsk<\/a>&nbsp;&nbsp;La Libre.be<\/li>\n<\/ol>\n","protected":false},"excerpt":{"rendered":"La Russie assure avoir pris le contr\u00f4le de la localit\u00e9 de Novonikolayevka dans la r\u00e9gion de Dnipropetrovsk en&hellip;\n","protected":false},"author":2,"featured_media":388931,"comment_status":"","ping_status":"","sticky":false,"template":"","format":"standard","meta":{"footnotes":""},"categories":[1591],"tags":[11,1785,1887,12,52125,1885,1886,132,220],"class_list":{"0":"post-388930","1":"post","2":"type-post","3":"status-publish","4":"format-standard","5":"has-post-thumbnail","7":"category-russie","8":"tag-actualites","9":"tag-anadolu-ajansi","10":"tag-federation-de-russie","11":"tag-news","12":"tag-novonikolayevka","13":"tag-russia","14":"tag-russian-federation","15":"tag-russie","16":"tag-ukraine"},"share_on_mastodon":{"url":"https:\/\/pubeurope.com\/@fr\/115199516644039374","error":""},"_links":{"self":[{"href":"https:\/\/www.europesays.com\/fr\/wp-json\/wp\/v2\/posts\/388930","targetHints":{"allow":["GET"]}}],"collection":[{"href":"https:\/\/www.europesays.com\/fr\/wp-json\/wp\/v2\/posts"}],"about":[{"href":"https:\/\/www.europesays.com\/fr\/wp-json\/wp\/v2\/types\/post"}],"author":[{"embeddable":true,"href":"https:\/\/www.europesays.com\/fr\/wp-json\/wp\/v2\/users\/2"}],"replies":[{"embeddable":true,"href":"https:\/\/www.europesays.com\/fr\/wp-json\/wp\/v2\/comments?post=388930"}],"version-history":[{"count":0,"href":"https:\/\/www.europesays.com\/fr\/wp-json\/wp\/v2\/posts\/388930\/revisions"}],"wp:featuredmedia":[{"embeddable":true,"href":"https:\/\/www.europesays.com\/fr\/wp-json\/wp\/v2\/media\/388931"}],"wp:attachment":[{"href":"https:\/\/www.europesays.com\/fr\/wp-json\/wp\/v2\/media?parent=388930"}],"wp:term":[{"taxonomy":"category","embeddable":true,"href":"https:\/\/www.europesays.com\/fr\/wp-json\/wp\/v2\/categories?post=388930"},{"taxonomy":"post_tag","embeddable":true,"href":"https:\/\/www.europesays.com\/fr\/wp-json\/wp\/v2\/tags?post=388930"}],"curies":[{"name":"wp","href":"https:\/\/api.w.org\/{rel}","templated":true}]}}