{"id":388942,"date":"2025-09-13T23:16:13","date_gmt":"2025-09-13T23:16:13","guid":{"rendered":"https:\/\/www.europesays.com\/fr\/388942\/"},"modified":"2025-09-13T23:16:13","modified_gmt":"2025-09-13T23:16:13","slug":"la-contre-offensive-de-bruxelles-face-au-deferlement-chinois","status":"publish","type":"post","link":"https:\/\/www.europesays.com\/fr\/388942\/","title":{"rendered":"la contre-offensive de Bruxelles face au d\u00e9ferlement chinois"},"content":{"rendered":"<p>Petites voitures \u00ab\u00a0made in Europe\u00a0\u00bb, seuil de 80\u00a0% de contenu local, 1,8\u00a0milliard pour \u00ab\u00a0booster\u00a0\u00bb les batteries made in UE, conditionnalit\u00e9s sur les investissements chinois en Europe\u00a0: la pr\u00e9sidente von der Leyen et son vice-pr\u00e9sident, St\u00e9phane S\u00e9journ\u00e9, ont list\u00e9 leurs pistes de travail, ce vendredi 12\u00a0septembre, face aux patrons de l&rsquo;automobile r\u00e9unis \u00e0 Bruxelles \u00e0 l&rsquo;occasion du troisi\u00e8me \u00ab\u00a0dialogue strat\u00e9gique\u00a0\u00bb avec la fili\u00e8re.<\/p>\n<p>Le vice-pr\u00e9sident de la Commission a d\u00e9voil\u00e9 les contours de son Industrial Accelerator Act\u00a0\u2013 une batterie de mesures protectionnistes pour sauver ce qui peut encore l&rsquo;\u00eatre de l&rsquo;industrie europ\u00e9enne des quatre roues face \u00e0 la vaste offensive chinoise sur l&rsquo;\u00e9lectrique.<\/p>\n<p>La Chine en force au salon de Munich<\/p>\n<p>Au salon de Munich, qui s&rsquo;achevait aujourd&rsquo;hui, o\u00f9 la moi&#8230;<\/p>\n<p>Toute l\u2019actualit\u00e9 \u00e0 1\u20ac le premier mois<\/p>\n<p><a href=\"https:\/\/abo.lepoint.fr\/?provenance=21EDI020098\" class=\"btn\" title=\"S&#039;abonner\" data-gtm=\"click:abo|display:abo\" data-campaign=\"paywall_maison\" target=\"_blank\" rel=\"noopener\">S&rsquo;abonner<\/a><\/p>\n<p>ou<\/p>\n","protected":false},"excerpt":{"rendered":"Petites voitures \u00ab\u00a0made in Europe\u00a0\u00bb, seuil de 80\u00a0% de contenu local, 1,8\u00a0milliard pour \u00ab\u00a0booster\u00a0\u00bb les batteries made in&hellip;\n","protected":false},"author":2,"featured_media":388943,"comment_status":"","ping_status":"","sticky":false,"template":"","format":"standard","meta":{"footnotes":""},"categories":[1586],"tags":[11,309,2160,1777,674,1779,1011,27,52126,12,25,4083,1778,364,2544],"class_list":{"0":"post-388942","1":"post","2":"type-post","3":"status-publish","4":"format-standard","5":"has-post-thumbnail","7":"category-europe","8":"tag-actualites","9":"tag-chine","10":"tag-commerce-international","11":"tag-eu","12":"tag-europe","13":"tag-european-union","14":"tag-fr","15":"tag-france","16":"tag-innovations-auto","17":"tag-news","18":"tag-republique-francaise","19":"tag-stephane-sejourne","20":"tag-ue","21":"tag-union-europeenne","22":"tag-ursula-von-der-leyen"},"share_on_mastodon":{"url":"https:\/\/pubeurope.com\/@fr\/115199540216645789","error":""},"_links":{"self":[{"href":"https:\/\/www.europesays.com\/fr\/wp-json\/wp\/v2\/posts\/388942","targetHints":{"allow":["GET"]}}],"collection":[{"href":"https:\/\/www.europesays.com\/fr\/wp-json\/wp\/v2\/posts"}],"about":[{"href":"https:\/\/www.europesays.com\/fr\/wp-json\/wp\/v2\/types\/post"}],"author":[{"embeddable":true,"href":"https:\/\/www.europesays.com\/fr\/wp-json\/wp\/v2\/users\/2"}],"replies":[{"embeddable":true,"href":"https:\/\/www.europesays.com\/fr\/wp-json\/wp\/v2\/comments?post=388942"}],"version-history":[{"count":0,"href":"https:\/\/www.europesays.com\/fr\/wp-json\/wp\/v2\/posts\/388942\/revisions"}],"wp:featuredmedia":[{"embeddable":true,"href":"https:\/\/www.europesays.com\/fr\/wp-json\/wp\/v2\/media\/388943"}],"wp:attachment":[{"href":"https:\/\/www.europesays.com\/fr\/wp-json\/wp\/v2\/media?parent=388942"}],"wp:term":[{"taxonomy":"category","embeddable":true,"href":"https:\/\/www.europesays.com\/fr\/wp-json\/wp\/v2\/categories?post=388942"},{"taxonomy":"post_tag","embeddable":true,"href":"https:\/\/www.europesays.com\/fr\/wp-json\/wp\/v2\/tags?post=388942"}],"curies":[{"name":"wp","href":"https:\/\/api.w.org\/{rel}","templated":true}]}}