{"id":388946,"date":"2025-09-13T23:18:17","date_gmt":"2025-09-13T23:18:17","guid":{"rendered":"https:\/\/www.europesays.com\/fr\/388946\/"},"modified":"2025-09-13T23:18:17","modified_gmt":"2025-09-13T23:18:17","slug":"a-londres-la-demonstration-de-force-de-lextreme-droite-britannique-sacheve-sur-des-violences-inacceptables","status":"publish","type":"post","link":"https:\/\/www.europesays.com\/fr\/388946\/","title":{"rendered":"\u00c0 Londres, la d\u00e9monstration de force de l\u2019extr\u00eame droite britannique s\u2019ach\u00e8ve sur des \u00ab\u00a0violences inacceptables\u00a0\u00bb"},"content":{"rendered":"<p>        <img decoding=\"async\" loading=\"lazy\" src=\"https:\/\/www.europesays.com\/fr\/wp-content\/uploads\/2025\/09\/667bb1c_upload-1-snc1l7sy6gld-afp-20250913-74ea8n3-v1-highres-britainprotestpolitics.jpg\"  width=\"728\" height=\"410\" alt=\"Des partisans du militant d\u2019extr\u00eame droite britannique Tommy Robinson faisant face \u00e0 un cordon policier lors d\u2019une marche pour la \u00ab libert\u00e9 d\u2019expression \u00bb, dans le centre de Londres en Angleterre, le 13\u00a0septembre 2025. \"\/>  <\/p>\n<p>CARLOS JASSO \/ AFP<\/p>\n<p>Des partisans du militant d\u2019extr\u00eame droite britannique Tommy Robinson faisant face \u00e0 un cordon policier lors d\u2019une marche pour la \u00ab libert\u00e9 d\u2019expression \u00bb, dans le centre de Londres en Angleterre, le 13\u00a0septembre 2025. <\/p>\n<p class=\"asset asset-text\">ANGLETERRE &#8211; Journ\u00e9e sous tension dans le centre de Londres ce samedi 13\u00a0septembre. Environ 110\u00a0000 personnes ont particip\u00e9 dans <a href=\"https:\/\/www.huffingtonpost.fr\/international\/article\/a-londres-et-edimbourg-des-milliers-de-britanniques-defilent-pour-la-defense-des-droits-des-personnes-trans_249014.html\" target=\"_blank\" rel=\"noopener\">la capitale anglaise<\/a> \u00e0 un rassemblement \u00e0 l\u2019appel du militant d\u2019extr\u00eame droite britannique Tommy Robinson, une manifestation \u00e9maill\u00e9e d\u2019incidents avec la police, qui \u00e9voque des \u00ab\u00a0violences inacceptables\u00a0\u00bb et a proc\u00e9d\u00e9 \u00e0 neuf arrestations.<\/p>\n<p class=\"asset asset-text\">Des policiers \u00ab\u00a0ont \u00e9t\u00e9 agress\u00e9s \u00e0 coups de pied et de poing. Des bouteilles, des fus\u00e9es \u00e9clairantes et d\u2019autres projectiles ont \u00e9t\u00e9 lanc\u00e9s\u00a0\u00bb, a d\u00e9taill\u00e9 la police londonienne sur X. \u00ab\u00a0Les agents continuent d\u2019\u00eatre confront\u00e9s \u00e0 des agressions \u00e0 plusieurs endroits\u00a0\u00bb, a-t-elle ajout\u00e9, pr\u00e9cisant que neuf arrestations avaient \u00e9t\u00e9 effectu\u00e9es \u00ab\u00a0jusqu\u2019\u00e0 pr\u00e9sent\u00a0\u00bb.<\/p>\n<p class=\"asset asset-text\">Des touristes semblaient pris au pi\u00e8ge en fin d\u2019apr\u00e8s-midi pr\u00e8s de la National Gallery, dans le centre de la ville, o\u00f9 des manifestants ont jet\u00e9 des bouteilles contre les policiers bloquant le p\u00e9rim\u00e8tre, a constat\u00e9 une journaliste de l\u2019AFP. Face \u00e0 eux, quelques dizaines de m\u00e8tres plus loin, se trouvaient des participants \u00e0 une contre-manifestation, organis\u00e9e par Stand Up To Racism UK, qui a r\u00e9uni jusqu\u2019\u00e0 5\u00a0000 personnes.<\/p>\n<p class=\"asset asset-text\">Ce rassemblement d\u2019extr\u00eame droite intervient apr\u00e8s un \u00e9t\u00e9 marqu\u00e9 par des mouvements anti-immigration devant des h\u00f4tels britanniques h\u00e9bergeant des demandeurs d\u2019asile, largement relay\u00e9s par Tommy Robinson sur ses r\u00e9seaux sociaux. \u00ab\u00a0La majorit\u00e9 silencieuse ne restera plus silencieuse\u00a0\u00bb, a-t-il d\u00e9clar\u00e9 \u00e0 la foule. \u00ab\u00a0Aujourd\u2019hui marque le d\u00e9but d\u2019une r\u00e9volution culturelle.\u00a0\u00bb<\/p>\n<p>                     \u00ab\u00a0Je ne suis pas raciste\u00a0\u00bb    <\/p>\n<p class=\"asset asset-text\">Ce dernier, 42\u00a0ans, de son vrai nom Stephen Yaxley-Lennon, est le fondateur de <a href=\"https:\/\/www.huffingtonpost.fr\/international\/article\/royaume-uni-qu-est-ce-l-english-defence-league-ce-mouvement-d-extreme-droite-mis-en-cause-dans-les-emeutes_237948.html\" target=\"_blank\" rel=\"noopener\">l\u2019ex-groupuscule English Defence League<\/a> (Ligue de d\u00e9fense anglaise), issu de la mouvance hooligan. Connu pour ses positions anti-immigration et anti-islam, il a \u00e9t\u00e9 condamn\u00e9 \u00e0 plusieurs reprises, notamment pour troubles \u00e0 l\u2019ordre public. Il a aussi \u00e9t\u00e9 emprisonn\u00e9.<\/p>\n<p class=\"asset asset-text\">Les images a\u00e9riennes diffus\u00e9es samedi par les t\u00e9l\u00e9visions (<strong>voir ci-dessous<\/strong>) ont montr\u00e9 les rues du centre de Londres inond\u00e9es de drapeaux britanniques et anglais.<\/p>\n<p> La lecture de ce contenu est susceptible d\u2019entra\u00eener un d\u00e9p\u00f4t de cookies de la part de l\u2019op\u00e9rateur tiers qui l\u2019h\u00e9berge. Compte-tenu des choix que vous avez exprim\u00e9s en mati\u00e8re de d\u00e9p\u00f4t de cookies, nous avons bloqu\u00e9 l\u2019affichage de ce contenu. Si vous souhaitez y acc\u00e9der, vous devez accepter la cat\u00e9gorie de cookies \u201cContenus tiers\u201d en cliquant sur le bouton ci-dessous. <\/p>\n<p> Lire la Vid\u00e9o           <\/p>\n<p> La lecture de ce contenu est susceptible d\u2019entra\u00eener un d\u00e9p\u00f4t de cookies de la part de l\u2019op\u00e9rateur tiers qui l\u2019h\u00e9berge. Compte-tenu des choix que vous avez exprim\u00e9s en mati\u00e8re de d\u00e9p\u00f4t de cookies, nous avons bloqu\u00e9 l\u2019affichage de ce contenu. Si vous souhaitez y acc\u00e9der, vous devez accepter la cat\u00e9gorie de cookies \u201cContenus tiers\u201d en cliquant sur le bouton ci-dessous. <\/p>\n<p> Lire la Vid\u00e9o        <\/p>\n<p class=\"asset asset-text\">Dans la foule de partisans de l\u2019activiste, les revendications, h\u00e9t\u00e9roclites, portent aussi bien sur la libert\u00e9 d\u2019expression que sur le Premier ministre Keir Starmer, appel\u00e9 \u00e0 d\u00e9missionner. Mais la question de l\u2019immigration reste au premier plan.<\/p>\n<p class=\"asset asset-text\">\u00ab\u00a0Je ne suis pas raciste. Je constate simplement l\u2019\u00e9volution d\u00e9mographique\u00a0\u00bb, affirme Ritchie, 28\u00a0ans, qualifiant d\u2019\u00ab\u00a0invasion\u00a0\u00bb les arriv\u00e9es d\u2019\u00e9trangers en situation irr\u00e9guli\u00e8re au Royaume-Uni. \u00ab\u00a0Nous voulons retrouver notre pays\u00a0\u00bb, poursuit le jeune homme, qui ne souhaite pas donner son patronyme. Venu de Bristol avec trois amis, il consid\u00e8re Tommy Robinson comme \u00ab\u00a0un h\u00e9ros\u00a0\u00bb.<\/p>\n<p class=\"asset asset-text\">\u00ab\u00a0Je suis tr\u00e8s inquiet\u00a0\u00bb, assure un autre manifestant, Philip Dodge, un boulanger retrait\u00e9 venu de Sheffield avec son \u00e9pouse Maggie. \u00ab\u00a0On arr\u00eate des gens parce qu\u2019ils ont os\u00e9 parler d\u2019immigration ou de questions de genre. Je n\u2019aurais jamais pens\u00e9 voir cela dans ce pays\u00a0\u00bb, poursuit-il.<\/p>\n<p class=\"asset asset-text\">Mary Williams, elle, tient une photo de <a href=\"https:\/\/www.huffingtonpost.fr\/international\/article\/au-dela-de-la-mort-de-charlie-kirk-les-etats-unis-face-a-une-spirale-de-violence-politique_254749.html\" target=\"_blank\" rel=\"noopener\">l\u2019influenceur conservateur am\u00e9ricain Charlie Kirk<\/a>, porte-drapeau de la jeunesse trumpiste, <a href=\"https:\/\/www.huffingtonpost.fr\/international\/article\/assassinat-de-charlie-kirk-comment-le-suspect-tyler-robinson-a-pu-etre-arrete-grace-a-ses-proches_254767.html\" target=\"_blank\" rel=\"noopener\">tu\u00e9 mercredi par balle aux \u00c9tats-Unis<\/a>. Un d\u00e9c\u00e8s qui a \u00ab\u00a0choqu\u00e9\u00a0\u00bb cette trentenaire londonienne, au point de la convaincre de venir. Tommy Robinson a \u00e9norm\u00e9ment communiqu\u00e9 sur Charlie Kirk sur ses r\u00e9seaux sociaux.<\/p>\n<p>                     Elon Musk et \u00c9ric Zemmour    <\/p>\n<p class=\"asset asset-text\">Plusieurs mobilisations des partisans de Tommy Robinson ont par le pass\u00e9 rassembl\u00e9 des milliers voire des dizaines de milliers de personnes, comme en juillet\u00a02024 o\u00f9 ils \u00e9taient entre 20\u00a0000\u00a0et 30\u00a0000.<\/p>\n<p class=\"asset asset-text\">Parmi les r\u00e9centes manifestations dans la capitale londonienne, une marche pro-palestinienne a rassembl\u00e9 300\u00a0000 personnes fin 2023.<\/p>\n<p class=\"asset asset-text\">Plusieurs personnalit\u00e9s de la droite et de l\u2019extr\u00eame droite britanniques et \u00e9trang\u00e8res ont pris la parole, dont le milliardaire am\u00e9ricain Elon Musk, par vid\u00e9o, et le pr\u00e9sident du parti fran\u00e7ais d\u2019extr\u00eame droite Reconqu\u00eate, <a href=\"https:\/\/www.huffingtonpost.fr\/justice\/article\/petain-sauveur-de-juifs-francais-eric-zemmour-condamne-a-10-000-euros-d-amende_248299.html\" target=\"_blank\" rel=\"noopener\">\u00c9ric Zemmour<\/a>.<\/p>\n<p> La lecture de ce contenu est susceptible d\u2019entra\u00eener un d\u00e9p\u00f4t de cookies de la part de l\u2019op\u00e9rateur tiers qui l\u2019h\u00e9berge. Compte-tenu des choix que vous avez exprim\u00e9s en mati\u00e8re de d\u00e9p\u00f4t de cookies, nous avons bloqu\u00e9 l\u2019affichage de ce contenu. Si vous souhaitez y acc\u00e9der, vous devez accepter la cat\u00e9gorie de cookies \u201cContenus tiers\u201d en cliquant sur le bouton ci-dessous. <\/p>\n<p> Lire la Vid\u00e9o           <\/p>\n<p> La lecture de ce contenu est susceptible d\u2019entra\u00eener un d\u00e9p\u00f4t de cookies de la part de l\u2019op\u00e9rateur tiers qui l\u2019h\u00e9berge. Compte-tenu des choix que vous avez exprim\u00e9s en mati\u00e8re de d\u00e9p\u00f4t de cookies, nous avons bloqu\u00e9 l\u2019affichage de ce contenu. Si vous souhaitez y acc\u00e9der, vous devez accepter la cat\u00e9gorie de cookies \u201cContenus tiers\u201d en cliquant sur le bouton ci-dessous. <\/p>\n<p> Lire la Vid\u00e9o        <\/p>\n<p class=\"asset asset-text\">La libert\u00e9 d\u2019expression est au c\u0153ur d\u2019un d\u00e9bat public au Royaume-Uni depuis plusieurs mois, raviv\u00e9 d\u00e9but septembre lorsque des policiers arm\u00e9s ont arr\u00eat\u00e9 \u00e0 l\u2019a\u00e9roport londonien de Heathrow un cr\u00e9ateur de s\u00e9ries accus\u00e9 d\u2019avoir diffus\u00e9 des messages hostiles aux personnes transgenres.<\/p>\n<p class=\"asset asset-text\">Le d\u00e9bat est le plus souvent soulev\u00e9 par la droite et l\u2019extr\u00eame droite, mais il a aussi \u00e9t\u00e9 \u00e9voqu\u00e9 en lien avec les centaines d\u2019arrestations de manifestants exprimant leur soutien au groupe Palestine Action, qui a \u00e9t\u00e9 class\u00e9 \u00ab\u00a0organisation terroriste\u00a0\u00bb par le gouvernement.<\/p>\n","protected":false},"excerpt":{"rendered":"CARLOS JASSO \/ AFP Des partisans du militant d\u2019extr\u00eame droite britannique Tommy Robinson faisant face \u00e0 un cordon&hellip;\n","protected":false},"author":2,"featured_media":388947,"comment_status":"","ping_status":"","sticky":false,"template":"","format":"standard","meta":{"footnotes":""},"categories":[2],"tags":[11,4708,1076,1011,27,14,4534,12,25,473],"class_list":{"0":"post-388946","1":"post","2":"type-post","3":"status-publish","4":"format-standard","5":"has-post-thumbnail","7":"category-actualites","8":"tag-actualites","9":"tag-angleterre","10":"tag-extreme-droite","11":"tag-fr","12":"tag-france","13":"tag-international","14":"tag-londres","15":"tag-news","16":"tag-republique-francaise","17":"tag-royaume-uni"},"share_on_mastodon":{"url":"https:\/\/pubeurope.com\/@fr\/115199548250479433","error":""},"_links":{"self":[{"href":"https:\/\/www.europesays.com\/fr\/wp-json\/wp\/v2\/posts\/388946","targetHints":{"allow":["GET"]}}],"collection":[{"href":"https:\/\/www.europesays.com\/fr\/wp-json\/wp\/v2\/posts"}],"about":[{"href":"https:\/\/www.europesays.com\/fr\/wp-json\/wp\/v2\/types\/post"}],"author":[{"embeddable":true,"href":"https:\/\/www.europesays.com\/fr\/wp-json\/wp\/v2\/users\/2"}],"replies":[{"embeddable":true,"href":"https:\/\/www.europesays.com\/fr\/wp-json\/wp\/v2\/comments?post=388946"}],"version-history":[{"count":0,"href":"https:\/\/www.europesays.com\/fr\/wp-json\/wp\/v2\/posts\/388946\/revisions"}],"wp:featuredmedia":[{"embeddable":true,"href":"https:\/\/www.europesays.com\/fr\/wp-json\/wp\/v2\/media\/388947"}],"wp:attachment":[{"href":"https:\/\/www.europesays.com\/fr\/wp-json\/wp\/v2\/media?parent=388946"}],"wp:term":[{"taxonomy":"category","embeddable":true,"href":"https:\/\/www.europesays.com\/fr\/wp-json\/wp\/v2\/categories?post=388946"},{"taxonomy":"post_tag","embeddable":true,"href":"https:\/\/www.europesays.com\/fr\/wp-json\/wp\/v2\/tags?post=388946"}],"curies":[{"name":"wp","href":"https:\/\/api.w.org\/{rel}","templated":true}]}}